{"id":165340,"date":"2024-09-11T09:56:00","date_gmt":"2024-09-11T12:56:00","guid":{"rendered":"https:\/\/corrientesdetarde.com\/?p=165340"},"modified":"2024-09-11T09:56:02","modified_gmt":"2024-09-11T12:56:02","slug":"sin-redes-sociales-para-los-chicos-mas-gobiernos-se-suman-a-la-desintoxicacion-digital-de-los-nenes","status":"publish","type":"post","link":"https:\/\/corrientesdetarde.com\/index.php\/informacion-general\/sin-redes-sociales-para-los-chicos-mas-gobiernos-se-suman-a-la-desintoxicacion-digital-de-los-nenes\/","title":{"rendered":"Sin redes sociales para los chicos: m\u00e1s gobiernos se suman a la \u201cdesintoxicaci\u00f3n digital\u201d de los nenes"},"content":{"rendered":"\n<p>\u201cSabemos que\u00a0<strong>las\u00a0redes sociales\u00a0est\u00e1n causando da\u00f1os en la sociedad<\/strong>\u201d, dijo el primer ministro de Australia, Anthony Albanese, en una entrevista con\u00a0<em>ABC<\/em>\u00a0en la que anticip\u00f3 que prepara una ley que impedir\u00eda a menores de edad acceder a esas plataformas.<\/p>\n\n\n\n<p>Seg\u00fan recoge&nbsp;<em>Reuters<\/em>, el gobierno australiano pondr\u00e1 a prueba este a\u00f1o una tecnolog\u00eda de verificaci\u00f3n de edad. Si bien Albanese no comparti\u00f3 detalles espec\u00edficos acerca del proyecto, estim\u00f3 que&nbsp;<strong>la prohibici\u00f3n se aplicar\u00eda a los menores de 13 a\u00f1os<\/strong>.<\/p>\n\n\n\n<h2 class=\"wp-block-heading\">Meta sali\u00f3 al cruce del proyecto de ley en Australia<\/h2>\n\n\n\n<p>La compa\u00f1\u00eda dirigida por Mark Zuckerberg \u2014responsable de\u00a0Facebook, Instagram y WhatsApp\u2014 emiti\u00f3 un comunicado en respuesta a las declaraciones de la autoridad australiana. Por un lado, el conglomerado se\u00f1al\u00f3 que\u00a0<strong>la mejor v\u00eda para abordar la problem\u00e1tica no es \u201csimplemente cortar el acceso\u201d<\/strong>, sino empoderar a los usuarios m\u00e1s j\u00f3venes y ofrecer herramientas de monitoreo para los padres.<\/p>\n\n\n\n<figure class=\"wp-block-image\"><img decoding=\"async\" src=\"https:\/\/tn.com.ar\/resizer\/v2\/el-uso-de-redes-sociales-entre-los-mas-chicos-preocupa-a-especialistas-en-desarrollo-y-salud-mental-foto-unsplashcharles-deluvio-72TRC53V5BAFLME7QAMYG4BTNI.jpg?auth=a04620d0d06b2c86801cd2482af4f47b8e2c263deb118700d243bc3b46dbd10f&amp;width=767\" alt=\"El uso de redes sociales entre los m\u00e1s chicos preocupa a especialistas en desarrollo y salud mental. (Foto: Unsplash\/Charles Deluvio)\"\/><figcaption class=\"wp-element-caption\">El uso de redes sociales entre los m\u00e1s chicos preocupa a especialistas en desarrollo y salud mental. (Foto: Unsplash\/Charles Deluvio)<\/figcaption><\/figure>\n\n\n\n<p>Por otra parte, desde Meta deslizaron que el plan descripto por Albanese es inconsistente si se lo piensa en referencia a&nbsp;<strong>Facebook e Instagram, redes que no admiten a menores de 13 a\u00f1os<\/strong>. En este punto, cabe se\u00f1alar que aquella es una condici\u00f3n que en muchos casos no se cumple, ya que los ni\u00f1os por debajo de esa edad pueden simplemente mentir en el proceso de registro o bien usar las cuentas de otras personas de su hogar, siempre y cuando en la familia no haya un seguimiento de su actividad.<\/p>\n\n\n\n<h2 class=\"wp-block-heading\">Desintoxicaci\u00f3n de redes sociales para los chicos, una iniciativa que se replica a nivel global<\/h2>\n\n\n\n<p>El caso australiano no es el \u00fanico que procura\u00a0<strong>regular el acceso de los chicos a las redes sociales<\/strong>. Siguiendo el repaso de\u00a0<em>Engadget<\/em>, legisladores de Estados Unidos ya lo intentaron. El a\u00f1o pasado, en senador\u00a0Josh Hawley present\u00f3 dos proyectos de ley en el Congreso\u00a0de aquel pa\u00eds que prohibir\u00e1 a los menores de 16 a\u00f1os acceder a esas plataformas.<\/p>\n\n\n\n<p>Adem\u00e1s, una carta abierta firmada por 42 fiscales generales de Estados Unidos apoy\u00f3 la propuesta del Cirujano General de aquel pa\u00eds, Vivek Murthy, que propuso\u00a0<strong>exigir a las redes sociales la publicaci\u00f3n de advertencias sanitarias visibles, an\u00e1logas a los avisos en las cajas de cigarrillos<\/strong>. \u201cEs hora de exigir una etiqueta de advertencia en esos entornos, que indique que est\u00e1n asociados a da\u00f1os significativos a la salud mental\u201d, dijo Murthy. \u201cNo se ha demostrado que esas plataformas sean seguras\u201d, agreg\u00f3.<\/p>\n\n\n\n<figure class=\"wp-block-image\"><img decoding=\"async\" src=\"https:\/\/tn.com.ar\/resizer\/v2\/murthy-opino-que-las-redes-son-una-contribucion-importante-a-la-crisis-de-salud-mental-en-las-personas-jovenes-foto-dall-e-T4Y6YWBWTNGATJFEC4E7BWU25E.jpg?auth=da3ea0baba1cfcf319f44f93168accff56229a02aeefa687baf93200ab611c9a&amp;width=767\" alt=\"Murthy opin\u00f3 que las redes son una \u201ccontribuci\u00f3n importante\u201d a la crisis de salud mental en las personas j\u00f3venes. (Foto: DALL-E)\"\/><figcaption class=\"wp-element-caption\">Murthy opin\u00f3 que las redes son una \u201ccontribuci\u00f3n importante\u201d a la crisis de salud mental en las personas j\u00f3venes. (Foto: DALL-E)<\/figcaption><\/figure>\n\n\n\n<p>Otro ejemplo de la expansi\u00f3n de estas intenciones llega desde Suecia. Seg\u00fan contamos recientemente, la Agencia de Salud P\u00fablica de aquel pa\u00eds europeo diagram\u00f3 una&nbsp;<a href=\"https:\/\/tn.com.ar\/tecno\/novedades\/2024\/09\/03\/cuantas-horas-y-desde-que-edad-deben-usar-el-telefono-los-chicos\/\" target=\"_blank\" rel=\"noreferrer noopener\">gu\u00eda en la que recomienda impedir el acceso a smartphones, tablets y televisores a los nenes menores de 2 a\u00f1os<\/a>. \u201cDurante demasiado tiempo, se ha permitido que los tel\u00e9fonos inteligentes y otras pantallas entren en todos los aspectos de la vida de nuestros ni\u00f1os\u201d, dijo el ministro de Salud P\u00fablica de Suecia, Jakob Forssmed.<\/p>\n\n\n\n<p>Las preocupaciones tambi\u00e9n se hacen o\u00edr desde \u00e1mbitos acad\u00e9micos y cient\u00edfocos. Un estudio realizado en la Universidad Drexel arrib\u00f3 a conclusiones alarmantes; los investigadores concluyeron que los ni\u00f1os m\u00e1s peque\u00f1os a los que se les permite usar pantallas tienen m\u00e1s probabilidad de tener \u201ccomportamientos sensoriales at\u00edpicos\u201d y trastornos en el desarrollo neurol\u00f3gico.<\/p>\n\n\n\n<p>Antes, un estudio realizado en 2021 por el Centro para el Desarrollo Cerebral y Cognitivo de Birkbeck, de la Universidad de Londres, indic\u00f3 que\u00a0los nenes que usan dispositivos con m\u00e1s frecuencia se distraen m\u00e1s f\u00e1cilmente\u00a0en relaci\u00f3n a los que dedican menos horas a las pantallas.<\/p>\n","protected":false},"excerpt":{"rendered":"<p>\u201cSabemos que\u00a0las\u00a0redes sociales\u00a0est\u00e1n causando da\u00f1os en la sociedad\u201d, dijo el primer ministro de Australia, Anthony Albanese, en una entrevista con\u00a0ABC\u00a0en la que anticip\u00f3 que prepara una ley que impedir\u00eda a&hellip; <\/p>\n","protected":false},"author":12,"featured_media":165359,"comment_status":"closed","ping_status":"open","sticky":false,"template":"","format":"standard","meta":{"footnotes":""},"categories":[1],"tags":[],"class_list":["post-165340","post","type-post","status-publish","format-standard","has-post-thumbnail","hentry","category-informacion-general"],"_links":{"self":[{"href":"https:\/\/corrientesdetarde.com\/index.php\/wp-json\/wp\/v2\/posts\/165340","targetHints":{"allow":["GET"]}}],"collection":[{"href":"https:\/\/corrientesdetarde.com\/index.php\/wp-json\/wp\/v2\/posts"}],"about":[{"href":"https:\/\/corrientesdetarde.com\/index.php\/wp-json\/wp\/v2\/types\/post"}],"author":[{"embeddable":true,"href":"https:\/\/corrientesdetarde.com\/index.php\/wp-json\/wp\/v2\/users\/12"}],"replies":[{"embeddable":true,"href":"https:\/\/corrientesdetarde.com\/index.php\/wp-json\/wp\/v2\/comments?post=165340"}],"version-history":[{"count":1,"href":"https:\/\/corrientesdetarde.com\/index.php\/wp-json\/wp\/v2\/posts\/165340\/revisions"}],"predecessor-version":[{"id":165360,"href":"https:\/\/corrientesdetarde.com\/index.php\/wp-json\/wp\/v2\/posts\/165340\/revisions\/165360"}],"wp:featuredmedia":[{"embeddable":true,"href":"https:\/\/corrientesdetarde.com\/index.php\/wp-json\/wp\/v2\/media\/165359"}],"wp:attachment":[{"href":"https:\/\/corrientesdetarde.com\/index.php\/wp-json\/wp\/v2\/media?parent=165340"}],"wp:term":[{"taxonomy":"category","embeddable":true,"href":"https:\/\/corrientesdetarde.com\/index.php\/wp-json\/wp\/v2\/categories?post=165340"},{"taxonomy":"post_tag","embeddable":true,"href":"https:\/\/corrientesdetarde.com\/index.php\/wp-json\/wp\/v2\/tags?post=165340"}],"curies":[{"name":"wp","href":"https:\/\/api.w.org\/{rel}","templated":true}]}}