{"id":165345,"date":"2024-09-11T10:16:52","date_gmt":"2024-09-11T13:16:52","guid":{"rendered":"https:\/\/corrientesdetarde.com\/?p=165345"},"modified":"2024-09-11T10:17:03","modified_gmt":"2024-09-11T13:17:03","slug":"salud-publica-recuerda-los-cuidados-por-la-presencia-de-humo","status":"publish","type":"post","link":"https:\/\/corrientesdetarde.com\/index.php\/informacion-general\/salud-publica-recuerda-los-cuidados-por-la-presencia-de-humo\/","title":{"rendered":"Salud P\u00fablica recuerda los cuidados por la presencia de humo"},"content":{"rendered":"\n<p><em>Mientras dure esta contingencia se recomienda no realizar actividades al aire libre como la pr\u00e1ctica de deportes, caminatas, etc; reducir las fuentes de contaminaci\u00f3n del aire interior manteniendo las ventanas y rejillas cerradas -en el caso de utilizar aire acondicionado, hacerlo en modo ventilaci\u00f3n o recirculaci\u00f3n.<\/em><\/p>\n\n\n\n<p>Ante la advertencia emitida por el Servicio Meteorol\u00f3gico Nacional, el Ministerio de Salud P\u00fablica recomienda a la poblaci\u00f3n limitar la exposici\u00f3n al humo, suspendiendo las actividades al aire libre como la pr\u00e1ctica de deportes, caminatas, etc; reducir las fuentes de contaminaci\u00f3n del aire interior manteniendo las ventanas y rejillas cerradas -en el caso de utilizar aire acondicionado, hacerlo en modo ventilaci\u00f3n o recirculaci\u00f3n.<\/p>\n\n\n\n<p>Adem\u00e1s, el uso de mascarillas adecuadas que se ajusten bien a la cara ayudan a reducir la exposici\u00f3n personal al humo y las cenizas, especialmente aquellas personas que deben permanecer al aire libre durante per\u00edodos prolongados debido al trabajo u otros factores.<\/p>\n\n\n\n<p><strong>Se recomienda especialmente a las personas con enfermedades respiratorias cr\u00f3nicas (EPOC, asma), enfermedades cardiovasculares, alergias, u otras condiciones de riesgo:<\/strong><\/p>\n\n\n\n<p>Limitar la exposici\u00f3n al humo.<\/p>\n\n\n\n<p>Suspender las actividades al aire libre como la pr\u00e1ctica de deportes, caminatas, etc.<\/p>\n\n\n\n<p>Reducir las fuentes de contaminaci\u00f3n del aire interior.<\/p>\n\n\n\n<p>Mantener las ventanas y las rejillas de ventilaci\u00f3n cerradas.<\/p>\n\n\n\n<p>Si se dispone de aire acondicionado, utilizarlo en modo \u201cventilaci\u00f3n\u201d o \u201crecirculaci\u00f3n\u201d<\/p>\n\n\n\n<p>Colocar trapos o toallas enrolladas debajo de puertas y ventanas para evitar el ingreso de humo.<\/p>\n\n\n\n<p>Evitar fumar, porque eso aumentar\u00e1 la contaminaci\u00f3n del aire.<\/p>\n\n\n\n<p>Si las concentraciones de humo fueran altas, no encender velas o chimeneas.<\/p>\n\n\n\n<p>No utilizar la aspiradora porque favorecer\u00e1 el movimiento de las part\u00edculas en el ambiente.<\/p>\n\n\n\n<p>Manejar con precauci\u00f3n debido a la reducci\u00f3n de visibilidad, y con luces bajas.<\/p>\n\n\n\n<p>El uso de mascarillas adecuadas que se ajusten bien a la cara puede ayudar a reducir la exposici\u00f3n personal al humo y las cenizas, sobre todo a aquellas personas que deben permanecer al aire libre durante per\u00edodos prolongados debido al trabajo u otros factores.<\/p>\n\n\n\n<p>Ante cualquier duda acercarse al centro de salud m\u00e1s cercano.<\/p>\n\n\n\n<p><strong>Advertencia del Servicio Meteorol\u00f3gico Nacional<\/strong><\/p>\n\n\n\n<p>Una cortina de humo proveniente de los incendios forestales en Bolivia, lleg\u00f3 hoy al \u00c1rea Metropolitana de Buenos Aires (AMBA) y a 10 provincias de la regi\u00f3n norte del pa\u00eds, lo que afectar\u00e1 a personas de riesgos y con dificultades respiratorias por la mala calidad del aire, y reducir\u00e1 notablemente la visibilidad.<\/p>\n\n\n\n<p>Seg\u00fan el SMN, por la cortina de humo \u00abse esperan fen\u00f3menos que pueden representar inconvenientes o dificultades en el normal desenvolvimiento en la vida social\u00bb.<\/p>\n\n\n\n<p>En este sentido, el organismo puso hoy bajo advertencia a las provincias ubicadas en la zona norte de Argentina como Misiones, Corrientes, Formosa, Santiago del Estero y Chaco, as\u00ed como partes de Jujuy, Salta, Catamarca, Santa Fe y Tucum\u00e1n.<\/p>\n","protected":false},"excerpt":{"rendered":"<p>Mientras dure esta contingencia se recomienda no realizar actividades al aire libre como la pr\u00e1ctica de deportes, caminatas, etc; reducir las fuentes de contaminaci\u00f3n del aire interior manteniendo las ventanas&hellip; <\/p>\n","protected":false},"author":12,"featured_media":165382,"comment_status":"closed","ping_status":"open","sticky":false,"template":"","format":"standard","meta":{"footnotes":""},"categories":[1],"tags":[],"class_list":["post-165345","post","type-post","status-publish","format-standard","has-post-thumbnail","hentry","category-informacion-general"],"_links":{"self":[{"href":"https:\/\/corrientesdetarde.com\/index.php\/wp-json\/wp\/v2\/posts\/165345","targetHints":{"allow":["GET"]}}],"collection":[{"href":"https:\/\/corrientesdetarde.com\/index.php\/wp-json\/wp\/v2\/posts"}],"about":[{"href":"https:\/\/corrientesdetarde.com\/index.php\/wp-json\/wp\/v2\/types\/post"}],"author":[{"embeddable":true,"href":"https:\/\/corrientesdetarde.com\/index.php\/wp-json\/wp\/v2\/users\/12"}],"replies":[{"embeddable":true,"href":"https:\/\/corrientesdetarde.com\/index.php\/wp-json\/wp\/v2\/comments?post=165345"}],"version-history":[{"count":1,"href":"https:\/\/corrientesdetarde.com\/index.php\/wp-json\/wp\/v2\/posts\/165345\/revisions"}],"predecessor-version":[{"id":165383,"href":"https:\/\/corrientesdetarde.com\/index.php\/wp-json\/wp\/v2\/posts\/165345\/revisions\/165383"}],"wp:featuredmedia":[{"embeddable":true,"href":"https:\/\/corrientesdetarde.com\/index.php\/wp-json\/wp\/v2\/media\/165382"}],"wp:attachment":[{"href":"https:\/\/corrientesdetarde.com\/index.php\/wp-json\/wp\/v2\/media?parent=165345"}],"wp:term":[{"taxonomy":"category","embeddable":true,"href":"https:\/\/corrientesdetarde.com\/index.php\/wp-json\/wp\/v2\/categories?post=165345"},{"taxonomy":"post_tag","embeddable":true,"href":"https:\/\/corrientesdetarde.com\/index.php\/wp-json\/wp\/v2\/tags?post=165345"}],"curies":[{"name":"wp","href":"https:\/\/api.w.org\/{rel}","templated":true}]}}