{"id":165346,"date":"2024-09-11T10:10:06","date_gmt":"2024-09-11T13:10:06","guid":{"rendered":"https:\/\/corrientesdetarde.com\/?p=165346"},"modified":"2024-09-11T10:10:09","modified_gmt":"2024-09-11T13:10:09","slug":"instruido-por-valdes-rivas-piasentini-reunio-a-municipios-para-abordar-presupuesto-reglas-fiscales-y-liderazgo","status":"publish","type":"post","link":"https:\/\/corrientesdetarde.com\/index.php\/informacion-general\/instruido-por-valdes-rivas-piasentini-reunio-a-municipios-para-abordar-presupuesto-reglas-fiscales-y-liderazgo\/","title":{"rendered":"Instruido por Vald\u00e9s, Rivas Piasentini reuni\u00f3 a municipios para abordar presupuesto, reglas fiscales y liderazgo"},"content":{"rendered":"\n<p>El encuentro se realiz\u00f3 en Goya, entre la ma\u00f1ana y el mediod\u00eda de este martes 10. El ministro de Hacienda y Finanzas, junto a los titulares de las \u00e1reas econ\u00f3micas de las municipalidades fueron recibidos por el intendente local Mariano Hormaechea, el secretario de Hacienda goyano Antonio Giuliani y funcionarios del municipio anfitri\u00f3n.<\/p>\n\n\n\n<p>Con la instrucci\u00f3n del gobernador Gustavo Vald\u00e9s, el ministro de Hacienda y Finanzas Marcelo Rivas Piasentini, encabez\u00f3 una nueva reuni\u00f3n con titulares del \u00e1rea econ\u00f3mica de las municipalidades de la provincia. El encuentro se realiz\u00f3 entre la ma\u00f1ana y el mediod\u00eda de este martes 10, en la ciudad de Goya.<\/p>\n\n\n\n<p>Se trat\u00f3 de una nueva jornada de trabajo en el marco del ciclo, dise\u00f1ado por el Ministerio de Hacienda y Finanzas, de capacitaci\u00f3n sobre Presupuesto Municipal, Finanzas, el Control de los Fondos P\u00fablicos y Liderazgo situacional en gesti\u00f3n.&nbsp;<\/p>\n\n\n\n<p>El ministro Rivas Piasentini, acompa\u00f1ado por el subsecretario de Finanzas H\u00e9ctor Grachot, la coordinadora del Consejo Federal de Responsabilidad Fiscal Patricia Farah, los coordinadores Rita Larroca, y Marcelo Arecco, como as\u00ed tambi\u00e9n los funcionarios municipales visitantes, fueron recibidos por el intendente anfitri\u00f3n Mariano Hormaechea, el secretario de Hacienda goyano Antonio Giuliani, las subsecretar\u00edas de Econom\u00eda, Contabilidad y Presupuesto Ludmila Vargas Viola y, de Ingresos P\u00fablicos Gabriela L\u00f3pez, as\u00ed como integrantes del equipo de gesti\u00f3n de la comuna goyana.<\/p>\n\n\n\n<p>Titulares del \u00e1rea de hacienda y de econom\u00eda de catorce municipios estuvieron presentes de forma presencia, como ser: Goya; Capital; Santa Ana; Riachuelo; Perugorr\u00eda; Esquina; Caim\u00e1n; Carolina; Empedrado; Sauce; El Sombrero; Gobernador Mart\u00ednez; Lavalle; y Ca\u00e1 Cat\u00ed.<\/p>\n\n\n\n<p>En tanto que participaron de forma virtual, funcionarios de: Alvear; Ituzaing\u00f3; It\u00e1 Ibat\u00e9; Juan Pujol; Tres de Abril; Santa Rosa; Bella Vista; Monte Caseros; Itat\u00ed; Curuz\u00fa Cuati\u00e1, y Colonia Libertad.<\/p>\n\n\n\n<p>El ministro Rivas Piasentini transmiti\u00f3 los saludos del gobernador Vald\u00e9s, explic\u00f3 la importancia de continuar con la capacitaci\u00f3n y ratific\u00f3 el sentido federal de la gesti\u00f3n del Gobierno de Corrientes, buscando fortalecer a las administraciones municipales.<\/p>\n\n\n\n<p>La coordinadora del Consejo Federal de Responsabilidad Fiscal Patricia Farah, expuso sobre presentaci\u00f3n y estimaci\u00f3n de reglas fiscales en el marco del acuerdo con municipios de 2018. Adem\u00e1s, se refiri\u00f3 a las reglas num\u00e9ricas y de transparencia.<\/p>\n\n\n\n<p><strong>Presupuesto por programa<\/strong><\/p>\n\n\n\n<p>La capacitadora Rita Larroca desarroll\u00f3 como tema: T\u00e9cnica de presupuesto por programa.<\/p>\n\n\n\n<p>\u201cEsta t\u00e9cnica sit\u00faa al Estado provincial como productor de bienes y servicios. Hace hincapi\u00e9 en el costo que demanda la producci\u00f3n de esos servicios al ciudadano, enmarcado dentro de los lineamientos y objetivos propuestos para alcanzar en un lapso que comprende un mandato, o una gesti\u00f3n de gobierno\u201d, expuso la capacitadora Larroca.<\/p>\n\n\n\n<p>\u201cLos objetivos concretos como ser servicios de salud, educaci\u00f3n, seguridad, y justicia, entre otros son los productos que el Estado provincial brinda a su comunidad. En este contexto, la t\u00e9cnica es, fundamentalmente, una distribuci\u00f3n de los costos de cada programa de servicio\u201d, afirm\u00f3.<\/p>\n\n\n\n<p>Al mismo tiempo, Larroca explic\u00f3 que: \u201cEn contra posici\u00f3n de lo que es el presupuesto tradicional, como ser, por ejemplo, el del Ministerio de Hacienda y Finanzas, donde se tiene un monto global, en el presupuesto por programa se determinan los costos por cada servicio que se brinda para garantizar su eficiencia y eficacia\u201d.<\/p>\n\n\n\n<p><strong>Liderazgo<\/strong><\/p>\n\n\n\n<p>Por su parte, el capacitador Marcelo Arecco se refiri\u00f3 al liderazgo efectivo situacional; la relaci\u00f3n entre el l\u00edder y su grupo, utilizando juegos como m\u00e9todo. En un ambiente de gesti\u00f3n es importante que un l\u00edder tenga legitimidad, sea respetado, acompa\u00f1ado y logre estimular.<\/p>\n\n\n\n<p>\u201cEl modelo l\u00fadico de ense\u00f1anza se puede aprender desde la mente, desde el cuerpo, pero tambi\u00e9n desde las emociones. Es por ello que se desarroll\u00f3 un juego, donde se plantearon casos concretos: de conflictos en un grupo de personas, de c\u00f3mo se plantean soluciones, y donde en equipo hay que optar por una soluci\u00f3n ante un determinado conflicto\u201d, explic\u00f3 Arecco.<\/p>\n\n\n\n<p>\u201cA trav\u00e9s de juegos se puede entender c\u00f3mo se desarrolla la inteligencia emocional para vincularme como l\u00edder, para alcanzar un liderazgo\u201d, dijo.<\/p>\n\n\n\n<p>\u201cEn el juego se expresa la manera como se lidera, como se comunica, como se interact\u00faa con los dem\u00e1s, en un grupo. Se advierte, tambi\u00e9n, c\u00f3mo el l\u00edder toma decisiones, como se ejerce el poder\u201d, dijo Marcelo Arecco sobre el m\u00e9todo empleado<\/p>\n\n\n\n<p><\/p>\n\n\n\n<figure class=\"wp-block-gallery has-nested-images columns-default is-cropped wp-block-gallery-1 is-layout-flex wp-block-gallery-is-layout-flex\">\n<figure class=\"wp-block-image size-large\"><img loading=\"lazy\" decoding=\"async\" width=\"1024\" height=\"768\" data-id=\"165370\" src=\"https:\/\/corrientesdetarde.com\/wp-content\/uploads\/2024\/09\/imagen-90657-1024x768.jpg\" alt=\"\" class=\"wp-image-165370\" srcset=\"https:\/\/corrientesdetarde.com\/wp-content\/uploads\/2024\/09\/imagen-90657-1024x768.jpg 1024w, https:\/\/corrientesdetarde.com\/wp-content\/uploads\/2024\/09\/imagen-90657-300x225.jpg 300w, https:\/\/corrientesdetarde.com\/wp-content\/uploads\/2024\/09\/imagen-90657-768x576.jpg 768w, https:\/\/corrientesdetarde.com\/wp-content\/uploads\/2024\/09\/imagen-90657.jpg 1440w\" sizes=\"auto, (max-width: 1024px) 100vw, 1024px\" \/><\/figure>\n\n\n\n<figure class=\"wp-block-image size-large\"><img loading=\"lazy\" decoding=\"async\" width=\"1024\" height=\"768\" data-id=\"165372\" src=\"https:\/\/corrientesdetarde.com\/wp-content\/uploads\/2024\/09\/imagen-90656-1024x768.jpg\" alt=\"\" class=\"wp-image-165372\" srcset=\"https:\/\/corrientesdetarde.com\/wp-content\/uploads\/2024\/09\/imagen-90656-1024x768.jpg 1024w, https:\/\/corrientesdetarde.com\/wp-content\/uploads\/2024\/09\/imagen-90656-300x225.jpg 300w, https:\/\/corrientesdetarde.com\/wp-content\/uploads\/2024\/09\/imagen-90656-768x576.jpg 768w, https:\/\/corrientesdetarde.com\/wp-content\/uploads\/2024\/09\/imagen-90656.jpg 1440w\" sizes=\"auto, (max-width: 1024px) 100vw, 1024px\" \/><\/figure>\n\n\n\n<figure class=\"wp-block-image size-large\"><img loading=\"lazy\" decoding=\"async\" width=\"1024\" height=\"768\" data-id=\"165373\" src=\"https:\/\/corrientesdetarde.com\/wp-content\/uploads\/2024\/09\/imagen-90655-1024x768.jpg\" alt=\"\" class=\"wp-image-165373\" srcset=\"https:\/\/corrientesdetarde.com\/wp-content\/uploads\/2024\/09\/imagen-90655-1024x768.jpg 1024w, https:\/\/corrientesdetarde.com\/wp-content\/uploads\/2024\/09\/imagen-90655-300x225.jpg 300w, https:\/\/corrientesdetarde.com\/wp-content\/uploads\/2024\/09\/imagen-90655-768x576.jpg 768w, https:\/\/corrientesdetarde.com\/wp-content\/uploads\/2024\/09\/imagen-90655.jpg 1440w\" sizes=\"auto, (max-width: 1024px) 100vw, 1024px\" \/><\/figure>\n\n\n\n<figure class=\"wp-block-image size-large\"><img loading=\"lazy\" decoding=\"async\" width=\"1024\" height=\"576\" data-id=\"165369\" src=\"https:\/\/corrientesdetarde.com\/wp-content\/uploads\/2024\/09\/imagen-90654-1024x576.jpg\" alt=\"\" class=\"wp-image-165369\" srcset=\"https:\/\/corrientesdetarde.com\/wp-content\/uploads\/2024\/09\/imagen-90654-1024x576.jpg 1024w, https:\/\/corrientesdetarde.com\/wp-content\/uploads\/2024\/09\/imagen-90654-300x169.jpg 300w, https:\/\/corrientesdetarde.com\/wp-content\/uploads\/2024\/09\/imagen-90654-768x432.jpg 768w, https:\/\/corrientesdetarde.com\/wp-content\/uploads\/2024\/09\/imagen-90654.jpg 1280w\" sizes=\"auto, (max-width: 1024px) 100vw, 1024px\" \/><\/figure>\n<\/figure>\n","protected":false},"excerpt":{"rendered":"<p>El encuentro se realiz\u00f3 en Goya, entre la ma\u00f1ana y el mediod\u00eda de este martes 10. El ministro de Hacienda y Finanzas, junto a los titulares de las \u00e1reas econ\u00f3micas&hellip; <\/p>\n","protected":false},"author":12,"featured_media":165371,"comment_status":"closed","ping_status":"open","sticky":false,"template":"","format":"standard","meta":{"footnotes":""},"categories":[1],"tags":[],"class_list":["post-165346","post","type-post","status-publish","format-standard","has-post-thumbnail","hentry","category-informacion-general"],"_links":{"self":[{"href":"https:\/\/corrientesdetarde.com\/index.php\/wp-json\/wp\/v2\/posts\/165346","targetHints":{"allow":["GET"]}}],"collection":[{"href":"https:\/\/corrientesdetarde.com\/index.php\/wp-json\/wp\/v2\/posts"}],"about":[{"href":"https:\/\/corrientesdetarde.com\/index.php\/wp-json\/wp\/v2\/types\/post"}],"author":[{"embeddable":true,"href":"https:\/\/corrientesdetarde.com\/index.php\/wp-json\/wp\/v2\/users\/12"}],"replies":[{"embeddable":true,"href":"https:\/\/corrientesdetarde.com\/index.php\/wp-json\/wp\/v2\/comments?post=165346"}],"version-history":[{"count":1,"href":"https:\/\/corrientesdetarde.com\/index.php\/wp-json\/wp\/v2\/posts\/165346\/revisions"}],"predecessor-version":[{"id":165375,"href":"https:\/\/corrientesdetarde.com\/index.php\/wp-json\/wp\/v2\/posts\/165346\/revisions\/165375"}],"wp:featuredmedia":[{"embeddable":true,"href":"https:\/\/corrientesdetarde.com\/index.php\/wp-json\/wp\/v2\/media\/165371"}],"wp:attachment":[{"href":"https:\/\/corrientesdetarde.com\/index.php\/wp-json\/wp\/v2\/media?parent=165346"}],"wp:term":[{"taxonomy":"category","embeddable":true,"href":"https:\/\/corrientesdetarde.com\/index.php\/wp-json\/wp\/v2\/categories?post=165346"},{"taxonomy":"post_tag","embeddable":true,"href":"https:\/\/corrientesdetarde.com\/index.php\/wp-json\/wp\/v2\/tags?post=165346"}],"curies":[{"name":"wp","href":"https:\/\/api.w.org\/{rel}","templated":true}]}}