{"id":165347,"date":"2024-09-11T10:12:54","date_gmt":"2024-09-11T13:12:54","guid":{"rendered":"https:\/\/corrientesdetarde.com\/?p=165347"},"modified":"2024-09-11T10:12:59","modified_gmt":"2024-09-11T13:12:59","slug":"carreros-firmaron-convenio-con-el-municipio-parael-rescate-de-caballos-y-su-reconversion-laboral","status":"publish","type":"post","link":"https:\/\/corrientesdetarde.com\/index.php\/informacion-general\/carreros-firmaron-convenio-con-el-municipio-parael-rescate-de-caballos-y-su-reconversion-laboral\/","title":{"rendered":"Carreros firmaron convenio con el Municipio parael rescate de caballos y su reconversi\u00f3n laboral"},"content":{"rendered":"\n<p><em>El intendente Tassano encabez\u00f3 la firma de acuerdos donde un primer grupo de ocho carreros aceptan abandonar los carros para desempe\u00f1arse en nuevas actividades econ\u00f3micas que no conlleven explotaci\u00f3n animal. El programa implica que los carreros hagan entrega de los caballos, a quienes se rescata y lleva a un predio proteccionista. La ciudad, a cambio, colabora en el inicio de los nuevos proyectos laborales a trav\u00e9s de la entrega de bienes, capacitaciones y acompa\u00f1amiento.<\/em><br>Para lograr una soluci\u00f3n definitiva al maltrato animal por el uso de caballos para tracci\u00f3n a sangre, el intendente Eduardo Tassano en representaci\u00f3n de la Ciudad y un grupo de ocho carreros firmaron un acuerdo de reconversi\u00f3n productiva.<br>Este convenio surge de un programa integral y progresivo donde los trabajadores que dependen del carro hacen entrega de este y sus caballos a la Municipalidad, quien a su vez se compromete a generar las oportunidades e instancias para que estas personas se inserten en nuevos oficios con m\u00e1s futuro y posibilidades econ\u00f3micas. Para esto la Municipalidad aporta bienes de capital y brinda acompa\u00f1amiento, asesoramiento y capacitaci\u00f3n.<br>Durante la firma del acuerdo se acentu\u00f3 que no se trata de mero asistencialismo, como ocurri\u00f3 en gestiones anteriores con la entrega de moto-carros, sino que se basa en aportar las herramientas necesarias para que estos trabajadores puedan crecer y desarrollarse por s\u00ed mismos y de manera sostenible en empleos dignos.<br><br>CABALLOS<br>Los equinos rescatados ser\u00e1n llevados al predio municipal \u201cBase Esperanza\u201d, donde ser\u00e1n atendidos por una entidad proteccionista. En el lugar se les dar\u00e1 asistencia sanitaria, alimento y cuidados, dej\u00e1ndolos en condiciones para ser adoptados.<br>A futuro, la intenci\u00f3n es crear un santuario proteccionista para caballos rescatados.<br>Con los casos de los carreros que adhirieron este martes, esta acci\u00f3n significa rescatar ya a casi una veintena de caballos.<br><br>\u201cVAMOS A TRABAJAR JUNTOS EN ESTE CAMBIO\u201d<br>Tras la firma de convenio, el intendente Tassano resalt\u00f3 que \u201cestamos cumpliendo con la propuesta de este plan progresivo, que se basa en la dignidad y el trabajo sin maltrato animal\u201d.<br>Asimismo, advirti\u00f3 que \u201clas familias (de carreros) se dan cuenta que las actividades que desarrollaban no tienen m\u00e1s futuro y que este programa municipal les ofrece nuevas posibilidades de desarrollo: son nuevos emprendedores\u201d.<br><br>\u201cNO ES UN MERO CANJE\u201d<br>Por su parte, el secretario de Coordinaci\u00f3n de Gobierno municipal, Hugo Calvano sostuvo que \u201cla propuesta implica dejar atr\u00e1s el carro y el caballo y poder salir acompa\u00f1ado por la gesti\u00f3n con herramientas y capacitaciones para que las familias puedan sumarse a un emprendimiento y tener un sustento econ\u00f3mico digno. No queremos hacer un mero canje, queremos que les vaya bien y dar futuro a su familia, que es lo que el intendente prometi\u00f3\u201d, afirm\u00f3.<br><br>PASO A PASO E INTEGRALMENTE<br>El programa de reconversi\u00f3n productiva elaborado por el Municipio capitalino est\u00e1 en vigencia desde agosto de este a\u00f1o y se extiende por tres meses. Es un trabajo multidisciplinario de equipos municipales que comienza con un relevamiento socioecon\u00f3mico de los carreros y su familia. A partir de este diagn\u00f3stico y del di\u00e1logo con los beneficiarios, se define el emprendimiento o nuevo empleo que tendr\u00e1 la persona.<br><br>LOS PRIMEROS CASOS<br>Entre los ocho carreros que rubricaron el acuerdo con la Municipalidad se encuentra el caso de un hombre que con el carro tirado por caballos realizaba tareas de reciclador, juntando cart\u00f3n y pl\u00e1stico, y tambi\u00e9n hac\u00eda traslado de escombros.<br>Ahora dejar\u00e1 atr\u00e1s esas labores y comenzar\u00e1 un emprendimiento en el rubro panader\u00eda, ya que su esposa tiene conocimientos de elaboraci\u00f3n de panificados.<br>Otras tres personas que antes tambi\u00e9n hac\u00edan de recicladores ahora tendr\u00e1n emprendimientos en el sector gastron\u00f3mico y en jardiner\u00eda.<\/p>\n\n\n\n<figure class=\"wp-block-gallery has-nested-images columns-default is-cropped wp-block-gallery-1 is-layout-flex wp-block-gallery-is-layout-flex\">\n<figure class=\"wp-block-image size-large\"><img loading=\"lazy\" decoding=\"async\" width=\"1024\" height=\"682\" data-id=\"165377\" src=\"https:\/\/corrientesdetarde.com\/wp-content\/uploads\/2024\/09\/67bad9f8-d6a4-96a5-e36d-f6ea7d246107-1024x682.jpg\" alt=\"\" class=\"wp-image-165377\" srcset=\"https:\/\/corrientesdetarde.com\/wp-content\/uploads\/2024\/09\/67bad9f8-d6a4-96a5-e36d-f6ea7d246107-1024x682.jpg 1024w, https:\/\/corrientesdetarde.com\/wp-content\/uploads\/2024\/09\/67bad9f8-d6a4-96a5-e36d-f6ea7d246107-300x200.jpg 300w, https:\/\/corrientesdetarde.com\/wp-content\/uploads\/2024\/09\/67bad9f8-d6a4-96a5-e36d-f6ea7d246107-768x512.jpg 768w, https:\/\/corrientesdetarde.com\/wp-content\/uploads\/2024\/09\/67bad9f8-d6a4-96a5-e36d-f6ea7d246107.jpg 1280w\" sizes=\"auto, (max-width: 1024px) 100vw, 1024px\" \/><\/figure>\n\n\n\n<figure class=\"wp-block-image\"><img decoding=\"async\" src=\"blob:https:\/\/corrientesdetarde.com\/105649ba-1a97-4907-8cb5-54f026a6c64d\" alt=\"\"\/><\/figure>\n\n\n\n<figure class=\"wp-block-image\"><img decoding=\"async\" src=\"blob:https:\/\/corrientesdetarde.com\/6ebfa8c7-8b7c-44ea-9ce2-18fe49d80f76\" alt=\"\"\/><\/figure>\n<\/figure>\n","protected":false},"excerpt":{"rendered":"<p>El intendente Tassano encabez\u00f3 la firma de acuerdos donde un primer grupo de ocho carreros aceptan abandonar los carros para desempe\u00f1arse en nuevas actividades econ\u00f3micas que no conlleven explotaci\u00f3n animal.&hellip; <\/p>\n","protected":false},"author":12,"featured_media":165376,"comment_status":"closed","ping_status":"open","sticky":false,"template":"","format":"standard","meta":{"footnotes":""},"categories":[1],"tags":[],"class_list":["post-165347","post","type-post","status-publish","format-standard","has-post-thumbnail","hentry","category-informacion-general"],"_links":{"self":[{"href":"https:\/\/corrientesdetarde.com\/index.php\/wp-json\/wp\/v2\/posts\/165347","targetHints":{"allow":["GET"]}}],"collection":[{"href":"https:\/\/corrientesdetarde.com\/index.php\/wp-json\/wp\/v2\/posts"}],"about":[{"href":"https:\/\/corrientesdetarde.com\/index.php\/wp-json\/wp\/v2\/types\/post"}],"author":[{"embeddable":true,"href":"https:\/\/corrientesdetarde.com\/index.php\/wp-json\/wp\/v2\/users\/12"}],"replies":[{"embeddable":true,"href":"https:\/\/corrientesdetarde.com\/index.php\/wp-json\/wp\/v2\/comments?post=165347"}],"version-history":[{"count":2,"href":"https:\/\/corrientesdetarde.com\/index.php\/wp-json\/wp\/v2\/posts\/165347\/revisions"}],"predecessor-version":[{"id":165381,"href":"https:\/\/corrientesdetarde.com\/index.php\/wp-json\/wp\/v2\/posts\/165347\/revisions\/165381"}],"wp:featuredmedia":[{"embeddable":true,"href":"https:\/\/corrientesdetarde.com\/index.php\/wp-json\/wp\/v2\/media\/165376"}],"wp:attachment":[{"href":"https:\/\/corrientesdetarde.com\/index.php\/wp-json\/wp\/v2\/media?parent=165347"}],"wp:term":[{"taxonomy":"category","embeddable":true,"href":"https:\/\/corrientesdetarde.com\/index.php\/wp-json\/wp\/v2\/categories?post=165347"},{"taxonomy":"post_tag","embeddable":true,"href":"https:\/\/corrientesdetarde.com\/index.php\/wp-json\/wp\/v2\/tags?post=165347"}],"curies":[{"name":"wp","href":"https:\/\/api.w.org\/{rel}","templated":true}]}}