{"id":165363,"date":"2024-09-11T10:52:36","date_gmt":"2024-09-11T13:52:36","guid":{"rendered":"https:\/\/corrientesdetarde.com\/?p=165363"},"modified":"2024-09-11T10:52:37","modified_gmt":"2024-09-11T13:52:37","slug":"a-que-hora-se-estrena-el-primer-capitulo-de-la-serie-de-javier-milei-y-donde-ver","status":"publish","type":"post","link":"https:\/\/corrientesdetarde.com\/index.php\/tendencias\/a-que-hora-se-estrena-el-primer-capitulo-de-la-serie-de-javier-milei-y-donde-ver\/","title":{"rendered":"A qu\u00e9 hora se estrena el primer cap\u00edtulo de la serie de Javier Milei y d\u00f3nde ver"},"content":{"rendered":"\n<h3 class=\"wp-block-heading\">El proyecto cuenta con material in\u00e9dito y una producci\u00f3n a cargo de Santiago Or\u00eda, el director de realizaciones audiovisuales del Gobierno.<\/h3>\n\n\n\n<p>Este\u00a0<strong>mi\u00e9rcoles 11 de septiembre\u00a0<\/strong>a las\u00a0<strong>18 horas<\/strong>\u00a0se estrenar\u00e1 el primer cap\u00edtulo de\u00a0<strong>\u201cMILEI: DE CERO A PRESIDENTE\u201d<\/strong>, la serie documental que sigue el recorrido de\u00a0<strong>Javier Milei<\/strong>desde sus inicios hasta su llegada a la Casa Rosada.<\/p>\n\n\n\n<p>El estreno se podr\u00e1 ver de manera gratuita a trav\u00e9s de las plataformas de&nbsp;<strong>X<\/strong>&nbsp;(anteriormente conocida como Twitter) y&nbsp;<strong>YouTube<\/strong>, en la cuenta oficial de la serie:&nbsp;<strong>@Milei_Serie<\/strong>.<\/p>\n\n\n\n<p>El proyecto, dirigido por&nbsp;<strong>Santiago Or\u00eda<\/strong>, consta de&nbsp;<strong>seis cap\u00edtulos de 30 minutos<\/strong>&nbsp;cada uno, y ser\u00e1 lanzado&nbsp;<strong>semanalmente&nbsp;<\/strong>a medida que los episodios est\u00e9n listos. El material utilizado en la serie incluye archivos hist\u00f3ricos e in\u00e9ditos, con el objetivo de mostrar la vida de Milei antes de su incursi\u00f3n en la pol\u00edtica y su ascenso hasta la presidencia de Argentina.<\/p>\n\n\n\n<p>La serie promete brindar una mirada cercana a la vida personal y p\u00fablica de Milei, y destacar sus habilidades de debate y su postura frente a las ideas liberales que defendi\u00f3 a lo largo de su carrera pol\u00edtica.<\/p>\n\n\n\n<h2 class=\"wp-block-heading\">\u00bfD\u00f3nde ver la serie?<\/h2>\n\n\n\n<ul class=\"wp-block-list\">\n<li><strong>Plataforma X (Twitter)<\/strong>: @Milei_Serie<\/li>\n\n\n\n<li><strong>YouTube<\/strong>: En el canal oficial de la serie<\/li>\n<\/ul>\n\n\n\n<h2 class=\"wp-block-heading\">El tr\u00e1iler oficial de la serie de Javier Milei<\/h2>\n\n\n\n<figure class=\"wp-block-image\"><img decoding=\"async\" src=\"https:\/\/tn.com.ar\/resizer\/v2\/https%3A%2F%2Fthumbs.vodgc.net%2F1-14-UfIGvv1724792854724-1724793943.jpg?auth=2691c1f6dea80781509e23c2cffc28f28dc4e4f72a3a3db4f002fb1bad4a5904&amp;width=767\" alt=\"Video Placeholder\"\/><\/figure>\n\n\n\n<p>Javier Milei anunci\u00f3 su serie. (Foto: Captura de Pantalla \/ @JMILEI).<\/p>\n","protected":false},"excerpt":{"rendered":"<p>El proyecto cuenta con material in\u00e9dito y una producci\u00f3n a cargo de Santiago Or\u00eda, el director de realizaciones audiovisuales del Gobierno. Este\u00a0mi\u00e9rcoles 11 de septiembre\u00a0a las\u00a018 horas\u00a0se estrenar\u00e1 el primer&hellip; <\/p>\n","protected":false},"author":12,"featured_media":165405,"comment_status":"closed","ping_status":"open","sticky":false,"template":"","format":"standard","meta":{"footnotes":""},"categories":[28],"tags":[],"class_list":["post-165363","post","type-post","status-publish","format-standard","has-post-thumbnail","hentry","category-tendencias"],"_links":{"self":[{"href":"https:\/\/corrientesdetarde.com\/index.php\/wp-json\/wp\/v2\/posts\/165363","targetHints":{"allow":["GET"]}}],"collection":[{"href":"https:\/\/corrientesdetarde.com\/index.php\/wp-json\/wp\/v2\/posts"}],"about":[{"href":"https:\/\/corrientesdetarde.com\/index.php\/wp-json\/wp\/v2\/types\/post"}],"author":[{"embeddable":true,"href":"https:\/\/corrientesdetarde.com\/index.php\/wp-json\/wp\/v2\/users\/12"}],"replies":[{"embeddable":true,"href":"https:\/\/corrientesdetarde.com\/index.php\/wp-json\/wp\/v2\/comments?post=165363"}],"version-history":[{"count":1,"href":"https:\/\/corrientesdetarde.com\/index.php\/wp-json\/wp\/v2\/posts\/165363\/revisions"}],"predecessor-version":[{"id":165406,"href":"https:\/\/corrientesdetarde.com\/index.php\/wp-json\/wp\/v2\/posts\/165363\/revisions\/165406"}],"wp:featuredmedia":[{"embeddable":true,"href":"https:\/\/corrientesdetarde.com\/index.php\/wp-json\/wp\/v2\/media\/165405"}],"wp:attachment":[{"href":"https:\/\/corrientesdetarde.com\/index.php\/wp-json\/wp\/v2\/media?parent=165363"}],"wp:term":[{"taxonomy":"category","embeddable":true,"href":"https:\/\/corrientesdetarde.com\/index.php\/wp-json\/wp\/v2\/categories?post=165363"},{"taxonomy":"post_tag","embeddable":true,"href":"https:\/\/corrientesdetarde.com\/index.php\/wp-json\/wp\/v2\/tags?post=165363"}],"curies":[{"name":"wp","href":"https:\/\/api.w.org\/{rel}","templated":true}]}}