{"id":165364,"date":"2024-09-11T10:41:23","date_gmt":"2024-09-11T13:41:23","guid":{"rendered":"https:\/\/corrientesdetarde.com\/?p=165364"},"modified":"2024-09-11T10:41:28","modified_gmt":"2024-09-11T13:41:28","slug":"corrientes-sera-sede-de-las-primeras-jornadasagronomicas-internacionales","status":"publish","type":"post","link":"https:\/\/corrientesdetarde.com\/index.php\/informacion-general\/corrientes-sera-sede-de-las-primeras-jornadasagronomicas-internacionales\/","title":{"rendered":"Corrientes ser\u00e1 sede de las Primeras\u00a0JornadasAgron\u00f3micas Internacionales"},"content":{"rendered":"\n<p><em>La Municipalidad de Corrientes acompa\u00f1a este evento que tendr\u00e1 su cierre presencial el pr\u00f3ximo 14 de noviembre. El mismo comenzar\u00e1 ma\u00f1ana&nbsp;con una jornada virtual, y continuar\u00e1 el 18 de octubre con la segunda etapa a llevarse a cabo en Paraguay.<\/em><\/p>\n\n\n\n<p>En el marco de los ejes Ciudad de Eventos y Ciudad Sustentable, la Municipalidad de Corrientes auspicia las Primeras&nbsp;Jornadas Agron\u00f3micas Internacionales que tendr\u00e1n por sede a esta ciudad el pr\u00f3ximo 14 de noviembre, en lo que ser\u00e1 el cierre del evento.<br><br>Las jornadas son organizadas de manera conjunta por el Consejo Profesional de Ingenier\u00eda Agron\u00f3mica de Corrientes (CPIAC) y su par de la Asociaci\u00f3n de Profesionales de \u00d1eembuc\u00fa, Paraguay, con la participaci\u00f3n activa de diferentes instituciones entre los que se encuentran la Municipalidad de Corrientes; el Gobierno de la Provincia de Corrientes; la Universidad Nacional del Nordeste, a trav\u00e9s de la Facultad de Agronom\u00eda; el Gobierno de \u00d1eembuc\u00fa; la Federaci\u00f3n Argentina de Ingenieros Agr\u00f3nomos; y la Asociaci\u00f3n Panamericana de Ingenier\u00eda Agron\u00f3mica.<br><br>El subsecretario de Coordinaci\u00f3n Territorial de la Zona 1 del municipio capitalino, Julio Bartra, cont\u00f3 que \u201cse tratan de tres jornadas; la primera es virtual y se llevar\u00e1 adelante ma\u00f1ana&nbsp;de 9 a 12,30, a trav\u00e9s de la plataforma del Rectorado de la UNNE en la que se abordar\u00e1n ejes tem\u00e1ticos de gran importancia y actualidad\u201d.<br><br>\u201cEntre los temas a tratar se encuentra el cambio clim\u00e1tico, que lo estamos viendo puntualmente con todas las repercusiones que causa; otro es la regeneraci\u00f3n de suelo, importante para tener producciones agr\u00edcolas de buen nivel, y la tercera tem\u00e1tica est\u00e1 referida a la producci\u00f3n silvopastoril, que tendr\u00e1 a disertantes de gran nivel pertenecientes al INTA Castelar, el INTA 3 Arroyos, y especialistas de Paraguay\u201d, agreg\u00f3.<br><br>\u201cEl cambio clim\u00e1tico se relaciona directamente con el eje de Ciudad Sustentable, que es una clara pol\u00edtica p\u00fablica de la intendencia del doctor Eduardo Tassano, y en definitiva con el desarrollo econ\u00f3mico a trav\u00e9s de las actividades productivas, las actividades comerciales, las ferias, y el desarrollo de emprendimientos que se viene trabajando en la gesti\u00f3n municipal\u201d, puntualiz\u00f3.<br><br>Bartra, quien es tambi\u00e9n presidente del CPIAC, se\u00f1al\u00f3 que las otras dos etapas de las Jornadas ser\u00e1n presenciales. Una de ellas se va a realizar el 18 de octubre en la ciudad de Pilar, Departamento de \u00d1eembuc\u00fa, Paraguay, mientras que el cierre ser\u00e1 el 14 de noviembre en la ciudad de Corrientes, para la cual ya estamos trabajando arduamente\u201d.<br><br>DESTINATARIOS E INSCRIPCI\u00d3N<br><br>El funcionario manifest\u00f3 que las Jornadas \u201cest\u00e1n destinadas a profesionales del sector, funcionarios gubernamentales, productores, y estudiantes avanzados de ingenier\u00eda agron\u00f3mica, entendiendo que entre todos componemos el sector agropecuario y entre todos tenemos que incorporar conocimientos que faciliten la producci\u00f3n sostenible en el municipio, en la provincia y en la regi\u00f3n\u201d.<br>&nbsp;<br>Finalmente, el funcionario precis\u00f3 que los interesados en participar de estas Jornadas pueden registrar su inscripci\u00f3n a trav\u00e9s del link que se est\u00e1 difundiendo por parte de las diferentes instituciones involucradas que organizan o auspician las mismas (<a href=\"https:\/\/ciudaddecorrientes.us12.list-manage.com\/track\/click?u=253e4bcff71216c6af771c3c9&amp;id=3eb0bd6a30&amp;e=17643edfa8\" target=\"_blank\" rel=\"noreferrer noopener\">http:\/\/bit.ly\/JornadasAgronomicas<\/a>) a las redes sociales del Consejo Profesional; a la p\u00e1gina https:\/\/<a href=\"https:\/\/ciudaddecorrientes.us12.list-manage.com\/track\/click?u=253e4bcff71216c6af771c3c9&amp;id=d2ab7904fe&amp;e=17643edfa8\" target=\"_blank\" rel=\"noreferrer noopener\">www.cpiaccorrientes.com<\/a>\/ o bien al tel\u00e9fono 379-4607568 al cual se puede requerir mayor informaci\u00f3n.<br><br>PROGRAMA DE LA JORNADA VIRTUAL<br><br>Disertaciones:<br>CAMBIO CLIM\u00c1TICO<br>&#8211; \u201cTendencias clim\u00e1ticas para el \u00faltimo trimestre del 2024 y sus implicancias en la<br>producci\u00f3n agr\u00edcola y ganadera\u201d. Natalia Gattinoni; Licenciada en Ciencias de la<br>atm\u00f3sfera e investigadora del INTA Castelar.<br>&#8211; \u201cPlan de adaptaci\u00f3n al Cambio Clim\u00e1tico en la Ciudad de Pilar\u201d. Olivia Kleier;<br>Organizaci\u00f3n Internacional de Servicios Agr\u00edcolas. Cuerpo de Paz EEUU.<br>&#8211; Ronda de preguntas.<br><br>REGENERACI\u00d3N DE SUELOS<br>&#8211; \u201cRegeneraci\u00f3n de Suelo\u201d. Ing. Agr. Ximena Galeano. Ministerio de Agricultura y<br>Ganader\u00eda \u00d1eembuc\u00fa Paraguay.<br>&#8211; \u201cC\u00f3mo podemos redise\u00f1ar sistemas productivos pensando en la regeneraci\u00f3n de<br>los suelos\u201d. Martin Zamora Ing. Agr. MP CIAFBA 03095. Magister Investigador INTA<br>Tres Arroyos.<br>&#8211; Ronda de preguntas.<br><br>PRODUCCI\u00d3N SILVOPASTORIL<br>&#8211; \u201cMBGI. Una alternativa de manejo ganadero en el Parque Chaque\u00f1o\u201d. Ing. Agr. Dr<br>Carlos Kunst MP 91298 Consultor privado.<br>&#8211; Ronda de preguntas.<\/p>\n\n\n\n<figure class=\"wp-block-gallery has-nested-images columns-default is-cropped wp-block-gallery-1 is-layout-flex wp-block-gallery-is-layout-flex\">\n<figure class=\"wp-block-image size-large\"><img loading=\"lazy\" decoding=\"async\" width=\"724\" height=\"1024\" data-id=\"165395\" src=\"https:\/\/corrientesdetarde.com\/wp-content\/uploads\/2024\/09\/5f7f7c5b-c82f-546d-4a1f-35bcd2da05a0-724x1024.jpeg\" alt=\"\" class=\"wp-image-165395\" srcset=\"https:\/\/corrientesdetarde.com\/wp-content\/uploads\/2024\/09\/5f7f7c5b-c82f-546d-4a1f-35bcd2da05a0-724x1024.jpeg 724w, https:\/\/corrientesdetarde.com\/wp-content\/uploads\/2024\/09\/5f7f7c5b-c82f-546d-4a1f-35bcd2da05a0-212x300.jpeg 212w, https:\/\/corrientesdetarde.com\/wp-content\/uploads\/2024\/09\/5f7f7c5b-c82f-546d-4a1f-35bcd2da05a0-768x1086.jpeg 768w, https:\/\/corrientesdetarde.com\/wp-content\/uploads\/2024\/09\/5f7f7c5b-c82f-546d-4a1f-35bcd2da05a0-1086x1536.jpeg 1086w, https:\/\/corrientesdetarde.com\/wp-content\/uploads\/2024\/09\/5f7f7c5b-c82f-546d-4a1f-35bcd2da05a0.jpeg 1131w\" sizes=\"auto, (max-width: 724px) 100vw, 724px\" \/><\/figure>\n<\/figure>\n","protected":false},"excerpt":{"rendered":"<p>La Municipalidad de Corrientes acompa\u00f1a este evento que tendr\u00e1 su cierre presencial el pr\u00f3ximo 14 de noviembre. El mismo comenzar\u00e1 ma\u00f1ana&nbsp;con una jornada virtual, y continuar\u00e1 el 18 de octubre&hellip; <\/p>\n","protected":false},"author":12,"featured_media":165396,"comment_status":"closed","ping_status":"open","sticky":false,"template":"","format":"standard","meta":{"footnotes":""},"categories":[1],"tags":[],"class_list":["post-165364","post","type-post","status-publish","format-standard","has-post-thumbnail","hentry","category-informacion-general"],"_links":{"self":[{"href":"https:\/\/corrientesdetarde.com\/index.php\/wp-json\/wp\/v2\/posts\/165364","targetHints":{"allow":["GET"]}}],"collection":[{"href":"https:\/\/corrientesdetarde.com\/index.php\/wp-json\/wp\/v2\/posts"}],"about":[{"href":"https:\/\/corrientesdetarde.com\/index.php\/wp-json\/wp\/v2\/types\/post"}],"author":[{"embeddable":true,"href":"https:\/\/corrientesdetarde.com\/index.php\/wp-json\/wp\/v2\/users\/12"}],"replies":[{"embeddable":true,"href":"https:\/\/corrientesdetarde.com\/index.php\/wp-json\/wp\/v2\/comments?post=165364"}],"version-history":[{"count":1,"href":"https:\/\/corrientesdetarde.com\/index.php\/wp-json\/wp\/v2\/posts\/165364\/revisions"}],"predecessor-version":[{"id":165397,"href":"https:\/\/corrientesdetarde.com\/index.php\/wp-json\/wp\/v2\/posts\/165364\/revisions\/165397"}],"wp:featuredmedia":[{"embeddable":true,"href":"https:\/\/corrientesdetarde.com\/index.php\/wp-json\/wp\/v2\/media\/165396"}],"wp:attachment":[{"href":"https:\/\/corrientesdetarde.com\/index.php\/wp-json\/wp\/v2\/media?parent=165364"}],"wp:term":[{"taxonomy":"category","embeddable":true,"href":"https:\/\/corrientesdetarde.com\/index.php\/wp-json\/wp\/v2\/categories?post=165364"},{"taxonomy":"post_tag","embeddable":true,"href":"https:\/\/corrientesdetarde.com\/index.php\/wp-json\/wp\/v2\/tags?post=165364"}],"curies":[{"name":"wp","href":"https:\/\/api.w.org\/{rel}","templated":true}]}}