{"id":165366,"date":"2024-09-11T10:21:23","date_gmt":"2024-09-11T13:21:23","guid":{"rendered":"https:\/\/corrientesdetarde.com\/?p=165366"},"modified":"2024-09-11T12:38:42","modified_gmt":"2024-09-11T15:38:42","slug":"el-gobernador-saludo-a-todos-los-maestros-en-su-dia","status":"publish","type":"post","link":"https:\/\/corrientesdetarde.com\/index.php\/sociales\/el-gobernador-saludo-a-todos-los-maestros-en-su-dia\/","title":{"rendered":"El Gobernador salud\u00f3 a todos los maestros en su d\u00eda"},"content":{"rendered":"\n<p>A trav\u00e9s de su cuenta de X, Gustavo Vald\u00e9s env\u00edo sus salutaciones \u201ca todos los maestros de la provincia de Corrientes y de la Rep\u00fablica Argentina\u201d, al conmemorarse hoy, 11 de septiembre, su d\u00eda;&nbsp;en homenaje a Domingo Faustino Sarmiento, quien falleci\u00f3 en 1888.<\/p>\n\n\n\n<p>\u201cLes mando un gran abrazo y que tengan realmente un feliz d\u00eda\u201d, les expres\u00f3 el mismo mandatario a estos docentes, a trav\u00e9s de un video publicado por la mencionada red social.<\/p>\n\n\n\n<p>En este contexto, el gobernador, adem\u00e1s, les ratific\u00f3 a los mismos maestros que \u201cson importantes\u201d, y que \u201clos queremos siempre trabajando para la cultura y la formaci\u00f3n de nuestra gente\u201d.<\/p>\n","protected":false},"excerpt":{"rendered":"<p>A trav\u00e9s de su cuenta de X, Gustavo Vald\u00e9s env\u00edo sus salutaciones \u201ca todos los maestros de la provincia de Corrientes y de la Rep\u00fablica Argentina\u201d, al conmemorarse hoy, 11&hellip; <\/p>\n","protected":false},"author":12,"featured_media":132742,"comment_status":"closed","ping_status":"open","sticky":false,"template":"","format":"standard","meta":{"footnotes":""},"categories":[17],"tags":[],"class_list":["post-165366","post","type-post","status-publish","format-standard","has-post-thumbnail","hentry","category-sociales"],"_links":{"self":[{"href":"https:\/\/corrientesdetarde.com\/index.php\/wp-json\/wp\/v2\/posts\/165366","targetHints":{"allow":["GET"]}}],"collection":[{"href":"https:\/\/corrientesdetarde.com\/index.php\/wp-json\/wp\/v2\/posts"}],"about":[{"href":"https:\/\/corrientesdetarde.com\/index.php\/wp-json\/wp\/v2\/types\/post"}],"author":[{"embeddable":true,"href":"https:\/\/corrientesdetarde.com\/index.php\/wp-json\/wp\/v2\/users\/12"}],"replies":[{"embeddable":true,"href":"https:\/\/corrientesdetarde.com\/index.php\/wp-json\/wp\/v2\/comments?post=165366"}],"version-history":[{"count":2,"href":"https:\/\/corrientesdetarde.com\/index.php\/wp-json\/wp\/v2\/posts\/165366\/revisions"}],"predecessor-version":[{"id":165424,"href":"https:\/\/corrientesdetarde.com\/index.php\/wp-json\/wp\/v2\/posts\/165366\/revisions\/165424"}],"wp:featuredmedia":[{"embeddable":true,"href":"https:\/\/corrientesdetarde.com\/index.php\/wp-json\/wp\/v2\/media\/132742"}],"wp:attachment":[{"href":"https:\/\/corrientesdetarde.com\/index.php\/wp-json\/wp\/v2\/media?parent=165366"}],"wp:term":[{"taxonomy":"category","embeddable":true,"href":"https:\/\/corrientesdetarde.com\/index.php\/wp-json\/wp\/v2\/categories?post=165366"},{"taxonomy":"post_tag","embeddable":true,"href":"https:\/\/corrientesdetarde.com\/index.php\/wp-json\/wp\/v2\/tags?post=165366"}],"curies":[{"name":"wp","href":"https:\/\/api.w.org\/{rel}","templated":true}]}}