{"id":165368,"date":"2024-09-11T10:18:56","date_gmt":"2024-09-11T13:18:56","guid":{"rendered":"https:\/\/corrientesdetarde.com\/?p=165368"},"modified":"2024-09-11T10:19:07","modified_gmt":"2024-09-11T13:19:07","slug":"salud-publica-realiza-acciones-por-el-dia-mundial-de-prevencion-del-suicidio","status":"publish","type":"post","link":"https:\/\/corrientesdetarde.com\/index.php\/informacion-general\/salud-publica-realiza-acciones-por-el-dia-mundial-de-prevencion-del-suicidio\/","title":{"rendered":"Salud P\u00fablica realiza acciones por el D\u00eda Mundial de Prevenci\u00f3n del Suicidio"},"content":{"rendered":"\n<p><em>En la plaza Cabral hubo una jornada dedicada a prevenir situaciones de crisis, el objetivo fue desmitificar y crear conciencia en torno a una problem\u00e1tica que debe involucrar a toda la sociedad. Al mismo tiempo, detallaron el trabajo que se llevan adelante en la provincia.<\/em><\/p>\n\n\n\n<p>En el marco del D\u00eda Mundial de Prevenci\u00f3n del Suicidio, el Ministerio de Salud a cargo de Ricardo Cardozo, realiza actividades de concientizaci\u00f3n. A trav\u00e9s de la Direcci\u00f3n de Salud Mental y Adicciones y del Programa por la Vida, siguiendo la iniciativa de la Organizaci\u00f3n Mundial de la Salud (OMS), se program\u00f3 una serie de tareas durante el mes. El objetivo es seguir trabajando en prevenci\u00f3n y desmitificando la problem\u00e1tica en torno a este tema.<\/p>\n\n\n\n<p>El lema de este a\u00f1o es \u00abCambiar la Narrativa\u00bb, con la finalidad de derribar barreras, como el estigma, crear conciencia y crear una cultura de comprensi\u00f3n y apoyo para prevenir el suicidio. Para ello, sostienen que deben involucrarse todos: individuos, comunidades, organizaciones y gobiernos. En este marco, la directora de Salud Mental, Graciela Pianalto, detall\u00f3 las acciones que se llevan adelante.<\/p>\n\n\n\n<p>En Corrientes, en estos d\u00edas, se realizaron talleres \u201cNi mitos ni silencios: hablemos de salud mental\u201d, en Colegio Nacional y Escuela Normal. Este mes, tambi\u00e9n se llegar\u00e1 con la misma acci\u00f3n al Liceo Pedro Ferr\u00e9.<\/p>\n\n\n\n<p>Adem\u00e1s, esta semana hubo un taller de prevenci\u00f3n comunitaria en la localidad de El Sombrero y un cine debate con estudiantes de 6tos a\u00f1os de la Escuela Normal Juan Pujol.<\/p>\n\n\n\n<p>Hoy se realiz\u00f3 una jornada en la plaza Cabral con informaci\u00f3n sobre los programas y para el viernes 13, est\u00e1 organizado una sensibilizaci\u00f3n y capacitaci\u00f3n en la notificaci\u00f3n obligatoria de los intentos de suicidio. Es una actividad especialmente destinada a efectores de salud de capital y Regi\u00f3n 1 interior.<\/p>\n\n\n\n<p>Estas acciones se ir\u00e1n reeditando para las distintas regiones sanitarias de la provincia, de manera virtual y\/o presencial.<\/p>\n\n\n\n<p>A la vez, en este mes se intensificar\u00e1 la difusi\u00f3n de la l\u00ednea 135 (Tel\u00e9fono por la Vida) como herramienta primordial de atenci\u00f3n en crisis las 24 horas del d\u00eda y los 7 d\u00edas de la semana.<\/p>\n\n\n\n<p>Asimismo, hoy en el Sal\u00f3n Azul del Palacio Legislativo de Buenos Aires, el coordinador de la Red de Salud Mental, Gustavo G\u00f3mez, participa de una jornada sobre concientizaci\u00f3n de la problem\u00e1tica, actualidad y desaf\u00edos, organizada por la senadora nacional, Gabriela Valenzuela y el Observatorio de Derechos Humanos.<\/p>\n\n\n\n<p>Vale mencionar que estas acciones y programas se llevan adelante a trav\u00e9s de la Direcci\u00f3n de Salud Mental y Adicciones, dependiente de la Subsecretaria de Atenci\u00f3n Primaria de la Salud, a cargo de Alicia Pereira.<\/p>\n\n\n\n<p><strong>Trabajo en la Provincia<\/strong><\/p>\n\n\n\n<p>En Corrientes, funciona el Programa por la Vida. El mismo, es provincial y tiene m\u00e1s de 20 a\u00f1os de permanencia. Sus objetivos son la prevenci\u00f3n a trav\u00e9s de talleres y capacitaciones a poblaci\u00f3n general y espec\u00edfica, la asistencia y la posvenci\u00f3n (intervenciones posteriores a un evento autodestructivo).<\/p>\n\n\n\n<p>La asistencia se realiza a trav\u00e9s de la l\u00ednea 135 que es atendida por profesionales de salud mental que brindan primera escucha, contenci\u00f3n y asesoramiento a los llamantes. Tiene alcance provincial, y en oportunidades se reciben llamadas de provincias vecinas.<\/p>\n\n\n\n<p>Cabe precisar que la posvenci\u00f3n es la intervenci\u00f3n que se realiza luego de ocurrido un suicidio. Es una intervenci\u00f3n destinada a acompa\u00f1ar el duelo, brindar herramientas para transitarlo e identificar factores de riesgo en otras personas.<\/p>\n\n\n\n<p>Desde abril del a\u00f1o 2020, el perfil de atenci\u00f3n del tel\u00e9fono se abri\u00f3 no solo a personas con ideaci\u00f3n suicida, sino a toda persona en situaci\u00f3n de angustia y\/o crisis. Al d\u00eda de la fecha, se reciben al menos 10 llamados por d\u00eda.<\/p>\n\n\n\n<p>Desde la Direcci\u00f3n de Salud Mental y Adicciones y el programa, realizaron capacitaciones y asistencia t\u00e9cnica al grupo de 500 voluntarios de una iglesia y fundaci\u00f3n evang\u00e9lica cuyo objetivo es \u201ccustodiar\u201d el puente Chaco- Corrientes. Experiencia conocida y difundida por medios nacionales e internacionales como \u201cLos \u00c1ngeles del Puente\u201d. Esta experiencia de los voluntarios, vigente desde hace aproximadamente 18 meses, intervino con rescates positivos en unos 82 casos, de los cuales se articul\u00f3 para seguimiento y contenci\u00f3n en dispositivos de atenci\u00f3n p\u00fablica y con el acompa\u00f1amiento destacado de la fundaci\u00f3n.<\/p>\n\n\n\n<p>Cabe indicar que, dentro de la Red de Asistencia en Salud Mental, se cuenta con profesionales y\/o servicios de Salud Mental en todos los hospitales de cabecera regionales. En caso de necesidad de internaci\u00f3n por alto riesgo, adem\u00e1s del hospital de salud mental, est\u00e1 la unidad de crisis del hospital de campa\u00f1a Escuela Hogar, habilitada desde hace 2 a\u00f1os, que realizan tratamiento y seguimiento en capital e interior.<\/p>\n\n\n\n<p>Tambi\u00e9n, se ha iniciado el proceso de sensibilizaci\u00f3n y capacitaci\u00f3n a efectores para la Notificaci\u00f3n Obligatoria del Intento de Suicidio a SISA, lo cual implica junto a la implementaci\u00f3n de Tele Salud Mental, el desaf\u00edo para ampliar la cobertura de atenci\u00f3n y seguimiento de quienes lo necesiten.<\/p>\n\n\n\n<p>Ante situaciones de crisis, pueden comunicarse las 24 horas del d\u00eda, los siete d\u00edas de la semana a la&nbsp;l\u00ednea 135.<\/p>\n\n\n\n<figure class=\"wp-block-gallery has-nested-images columns-default is-cropped wp-block-gallery-1 is-layout-flex wp-block-gallery-is-layout-flex\">\n<figure class=\"wp-block-image\"><img decoding=\"async\" src=\"blob:https:\/\/corrientesdetarde.com\/712d8be8-877c-4d5f-9990-ffb284ffbb41\" alt=\"\"\/><\/figure>\n\n\n\n<figure class=\"wp-block-image\"><img decoding=\"async\" src=\"blob:https:\/\/corrientesdetarde.com\/889a709e-5b52-46eb-8097-de6277550ac2\" alt=\"\"\/><\/figure>\n\n\n\n<figure class=\"wp-block-image size-large\"><img loading=\"lazy\" decoding=\"async\" width=\"768\" height=\"1024\" data-id=\"165385\" src=\"https:\/\/corrientesdetarde.com\/wp-content\/uploads\/2024\/09\/imagen-90661-768x1024.jpg\" alt=\"\" class=\"wp-image-165385\" srcset=\"https:\/\/corrientesdetarde.com\/wp-content\/uploads\/2024\/09\/imagen-90661-768x1024.jpg 768w, https:\/\/corrientesdetarde.com\/wp-content\/uploads\/2024\/09\/imagen-90661-225x300.jpg 225w, https:\/\/corrientesdetarde.com\/wp-content\/uploads\/2024\/09\/imagen-90661-1152x1536.jpg 1152w, https:\/\/corrientesdetarde.com\/wp-content\/uploads\/2024\/09\/imagen-90661.jpg 1200w\" sizes=\"auto, (max-width: 768px) 100vw, 768px\" \/><\/figure>\n<\/figure>\n","protected":false},"excerpt":{"rendered":"<p>En la plaza Cabral hubo una jornada dedicada a prevenir situaciones de crisis, el objetivo fue desmitificar y crear conciencia en torno a una problem\u00e1tica que debe involucrar a toda&hellip; <\/p>\n","protected":false},"author":12,"featured_media":165384,"comment_status":"closed","ping_status":"open","sticky":false,"template":"","format":"standard","meta":{"footnotes":""},"categories":[1],"tags":[],"class_list":["post-165368","post","type-post","status-publish","format-standard","has-post-thumbnail","hentry","category-informacion-general"],"_links":{"self":[{"href":"https:\/\/corrientesdetarde.com\/index.php\/wp-json\/wp\/v2\/posts\/165368","targetHints":{"allow":["GET"]}}],"collection":[{"href":"https:\/\/corrientesdetarde.com\/index.php\/wp-json\/wp\/v2\/posts"}],"about":[{"href":"https:\/\/corrientesdetarde.com\/index.php\/wp-json\/wp\/v2\/types\/post"}],"author":[{"embeddable":true,"href":"https:\/\/corrientesdetarde.com\/index.php\/wp-json\/wp\/v2\/users\/12"}],"replies":[{"embeddable":true,"href":"https:\/\/corrientesdetarde.com\/index.php\/wp-json\/wp\/v2\/comments?post=165368"}],"version-history":[{"count":2,"href":"https:\/\/corrientesdetarde.com\/index.php\/wp-json\/wp\/v2\/posts\/165368\/revisions"}],"predecessor-version":[{"id":165389,"href":"https:\/\/corrientesdetarde.com\/index.php\/wp-json\/wp\/v2\/posts\/165368\/revisions\/165389"}],"wp:featuredmedia":[{"embeddable":true,"href":"https:\/\/corrientesdetarde.com\/index.php\/wp-json\/wp\/v2\/media\/165384"}],"wp:attachment":[{"href":"https:\/\/corrientesdetarde.com\/index.php\/wp-json\/wp\/v2\/media?parent=165368"}],"wp:term":[{"taxonomy":"category","embeddable":true,"href":"https:\/\/corrientesdetarde.com\/index.php\/wp-json\/wp\/v2\/categories?post=165368"},{"taxonomy":"post_tag","embeddable":true,"href":"https:\/\/corrientesdetarde.com\/index.php\/wp-json\/wp\/v2\/tags?post=165368"}],"curies":[{"name":"wp","href":"https:\/\/api.w.org\/{rel}","templated":true}]}}