{"id":165401,"date":"2024-09-11T10:54:17","date_gmt":"2024-09-11T13:54:17","guid":{"rendered":"https:\/\/corrientesdetarde.com\/?p=165401"},"modified":"2024-09-11T10:54:21","modified_gmt":"2024-09-11T13:54:21","slug":"degollo-a-su-novia-reconocio-el-femicidio-y-lo-condenaron-se-que-no-voy-a-tener-el-perdon-de-nadie","status":"publish","type":"post","link":"https:\/\/corrientesdetarde.com\/index.php\/policiales\/degollo-a-su-novia-reconocio-el-femicidio-y-lo-condenaron-se-que-no-voy-a-tener-el-perdon-de-nadie\/","title":{"rendered":"Degoll\u00f3 a su novia, reconoci\u00f3 el femicidio y lo condenaron: \u201cS\u00e9 que no voy a tener el perd\u00f3n de nadie\u201d"},"content":{"rendered":"\n<h3 class=\"wp-block-heading\">Carina M\u00e9ndez ten\u00eda 15 a\u00f1os y fue asesinada en octubre del a\u00f1o pasado en Neuqu\u00e9n. Tras asumir su responsabilidad, la \u00fanica pena posible para el asesino es la prisi\u00f3n perpetua.<\/h3>\n\n\n\n<p>\u201cS\u00ed,&nbsp;<strong>me voy a hacer responsable<\/strong>&nbsp;y hacer cargo de eso\u201d, afirm\u00f3 Maicol Tapia en la audiencia de control que se llev\u00f3 a cabo en las \u00faltimas horas por el&nbsp;<strong>femicidio de la adolescente<\/strong>&nbsp;de 15 a\u00f1os Carina Barros M\u00e9ndez, ocurrido el 26 de octubre de 2023. Y agreg\u00f3: \u201cS\u00e9 que<strong>&nbsp;no voy a tener el perd\u00f3n<\/strong>&nbsp;de nadie\u201d.<\/p>\n\n\n\n<p>La\u00a0<strong>carga de la prueba y la confesi\u00f3n<\/strong>\u00a0del acusado determinaron que la Justicia condenara a Tapia por el delito de femicidio triplemente calificado, por el v\u00ednculo, por mediar violencia de g\u00e9nero y por alevos\u00eda, en car\u00e1cter de autor. Si bien el monto de la pena ser\u00e1 anunciado en los pr\u00f3ximos d\u00edas, la\u00a0<strong>\u00fanica posible es la prisi\u00f3n perpetua.<\/strong><\/p>\n\n\n\n<h2 class=\"wp-block-heading\">El femicidio de Carina M\u00e9ndez<\/h2>\n\n\n\n<p>El joven ahora condenado en Chos Malal hab\u00eda sido novio Carina&nbsp;<strong>durante tres a\u00f1os,<\/strong>&nbsp;hasta que ella, cansada de los&nbsp;<strong>reiterados episodios de violencia de g\u00e9nero<\/strong>, decidi\u00f3 terminar la relaci\u00f3n. Sin embargo, \u00e9l&nbsp;<strong>no dejaba de acosarla&nbsp;<\/strong>a pesar de que ya no estaban juntos.<\/p>\n\n\n\n<figure class=\"wp-block-image\"><img decoding=\"async\" src=\"https:\/\/tn.com.ar\/resizer\/v2\/maicol-tapia-fue-condenado-por-el-femicidio-de-su-exnovia-foto-gentileza-rio-negro-WPM4QJP325DYVGVZ76I3X27K3A.JPG?auth=81d8af117b794502d0fce3fc3897d6fd2ffeb01d5e29e26ce453194fda1dce95&amp;width=767\" alt=\"Maicol Tapia fue condenado por el femicidio de su exnovia. (Foto: gentileza R\u00edo Negro).\"\/><figcaption class=\"wp-element-caption\">Maicol Tapia fue condenado por el femicidio de su exnovia. (Foto: gentileza R\u00edo Negro).<\/figcaption><\/figure>\n\n\n\n<p>En la audiencia, Tapia reconoci\u00f3 que el 26 de octubre del a\u00f1o pasado llam\u00f3 al hermano de la v\u00edctima y lo<strong>&nbsp;alert\u00f3 de un incendio en la casa de sus abuelos<\/strong>. De esa manera logr\u00f3 que el joven y el padre de la chica&nbsp;<strong>salieran en plena madrugada dej\u00e1ndola sola<\/strong>&nbsp;y \u00e9l aprovech\u00f3 esa situaci\u00f3n para irrumpir en su domicilio y atacarla.<\/p>\n\n\n\n<p>Cuando la familia volvi\u00f3 a la vivienda, el lugar ya era la escena de un crimen. El cuerpo de la adolescente estaba tirado en el patio, con heridas en todo el cuerpo y un corte en la garganta de lado a lado. \u201c<strong>Me degollaron a mi hija<\/strong>\u201d, grit\u00f3 el padre conmocionado. No hubo nada que pudieran hacer para reanimarla. En tanto, jam\u00e1s se encontr\u00f3 el cuchillo que us\u00f3 el femicida.<\/p>\n\n\n\n<figure class=\"wp-block-image\"><img decoding=\"async\" src=\"https:\/\/tn.com.ar\/resizer\/v2\/los-carteles-en-la-escuela-donde-estudiaba-carina-foto-foto-florencia-salto-IM6FKVDWP5GP3NQHJ2XBUAVHNU.JPG?auth=47091a3707e705a07695f95f878d5847e04b9e2e702fddc05148f3d828e95f76&amp;width=767\" alt=\"Los carteles en la escuela donde estudiaba Carina. (Foto: Foto Florencia Salto).\"\/><figcaption class=\"wp-element-caption\">Los carteles en la escuela donde estudiaba Carina. (Foto: Foto Florencia Salto).<\/figcaption><\/figure>\n\n\n\n<p>Con el avance de la investigaci\u00f3n, la evidencia cient\u00edfica determin\u00f3 que las\u00a0<strong>manchas de sangre encontradas\u00a0<\/strong>en la zapatilla de Tapia correspond\u00edan a la v\u00edctima. Tambi\u00e9n las antenas de telefon\u00eda celular lo ubicaron en la casa de Carina.<\/p>\n\n\n\n<p>La declaraci\u00f3n de los testigos tampoco lo favoreci\u00f3. Varios testimonios coincidieron al asegurar que el acusado ya&nbsp;<strong>le hab\u00eda advertido a la v\u00edctima \u201cque la iba a matar&nbsp;<\/strong>si la ve\u00eda con otro\u201d y que, incluso, le lleg\u00f3 a romper un celular. Las pericias psicol\u00f3gicas y psiqui\u00e1tricas terminaron de sellar la suerte de Tapia, al establecer que&nbsp;<strong>comprend\u00eda la criminalidad<\/strong>&nbsp;de lo que hac\u00eda.<\/p>\n","protected":false},"excerpt":{"rendered":"<p>Carina M\u00e9ndez ten\u00eda 15 a\u00f1os y fue asesinada en octubre del a\u00f1o pasado en Neuqu\u00e9n. Tras asumir su responsabilidad, la \u00fanica pena posible para el asesino es la prisi\u00f3n perpetua.&hellip; <\/p>\n","protected":false},"author":12,"featured_media":165407,"comment_status":"closed","ping_status":"open","sticky":false,"template":"","format":"standard","meta":{"footnotes":""},"categories":[33],"tags":[],"class_list":["post-165401","post","type-post","status-publish","format-standard","has-post-thumbnail","hentry","category-policiales"],"_links":{"self":[{"href":"https:\/\/corrientesdetarde.com\/index.php\/wp-json\/wp\/v2\/posts\/165401","targetHints":{"allow":["GET"]}}],"collection":[{"href":"https:\/\/corrientesdetarde.com\/index.php\/wp-json\/wp\/v2\/posts"}],"about":[{"href":"https:\/\/corrientesdetarde.com\/index.php\/wp-json\/wp\/v2\/types\/post"}],"author":[{"embeddable":true,"href":"https:\/\/corrientesdetarde.com\/index.php\/wp-json\/wp\/v2\/users\/12"}],"replies":[{"embeddable":true,"href":"https:\/\/corrientesdetarde.com\/index.php\/wp-json\/wp\/v2\/comments?post=165401"}],"version-history":[{"count":1,"href":"https:\/\/corrientesdetarde.com\/index.php\/wp-json\/wp\/v2\/posts\/165401\/revisions"}],"predecessor-version":[{"id":165408,"href":"https:\/\/corrientesdetarde.com\/index.php\/wp-json\/wp\/v2\/posts\/165401\/revisions\/165408"}],"wp:featuredmedia":[{"embeddable":true,"href":"https:\/\/corrientesdetarde.com\/index.php\/wp-json\/wp\/v2\/media\/165407"}],"wp:attachment":[{"href":"https:\/\/corrientesdetarde.com\/index.php\/wp-json\/wp\/v2\/media?parent=165401"}],"wp:term":[{"taxonomy":"category","embeddable":true,"href":"https:\/\/corrientesdetarde.com\/index.php\/wp-json\/wp\/v2\/categories?post=165401"},{"taxonomy":"post_tag","embeddable":true,"href":"https:\/\/corrientesdetarde.com\/index.php\/wp-json\/wp\/v2\/tags?post=165401"}],"curies":[{"name":"wp","href":"https:\/\/api.w.org\/{rel}","templated":true}]}}