{"id":165480,"date":"2024-09-11T14:05:11","date_gmt":"2024-09-11T17:05:11","guid":{"rendered":"https:\/\/corrientesdetarde.com\/?p=165480"},"modified":"2024-09-11T14:05:14","modified_gmt":"2024-09-11T17:05:14","slug":"el-alarmante-relato-de-los-marineros-que-aseguran-haber-visto-un-ovni-en-el-mar-de-la-patagonia","status":"publish","type":"post","link":"https:\/\/corrientesdetarde.com\/index.php\/sociales\/el-alarmante-relato-de-los-marineros-que-aseguran-haber-visto-un-ovni-en-el-mar-de-la-patagonia\/","title":{"rendered":"El alarmante relato de los marineros que aseguran haber visto un OVNI en el mar de la Patagonia"},"content":{"rendered":"\n<p>Los tripulantes de un buque mercante afirman que vieron una serie de luces que se mov\u00edan en diferentes direcciones. Vieron el fen\u00f3meno cuando navegaban por las aguas de Chubut, cerca de la Pen\u00ednsula Vald\u00e9s.<\/p>\n\n\n\n<p>Un grupo de marineros asegura haber visto un\u00a0OVNI en medio de las aguas de\u00a0<strong>Chubut,<\/strong>\u00a0cerca de la\u00a0<strong>Pen\u00ednsula Vald\u00e9s.\u00a0<\/strong>Relataron que las extra\u00f1as luces se mov\u00edan en diferentes direcciones. El caso es investigado por el Ministerio de Seguridad.<\/p>\n\n\n\n<p>El llamativo episodio se produjo durante la madrugada del 29 de agosto de 2023, cuando dos tripulantes del buque mercante\u00a0<strong>San Mat\u00edas I\u00a0<\/strong>observaron -seg\u00fan afirman- un fen\u00f3meno muy dif\u00edcil de explicar:\u00a0<strong>ocho luces naranjas emergieron del mar y se desplazaron en m\u00faltiples direcciones.<\/strong><\/p>\n\n\n\n<p>Eran pasadas las cuatro de la ma\u00f1ana cuando las luces aparecieron de manera repentina. Comenzaron a moverse hacia arriba, hacia abajo y hasta iban en direcciones que desafiaban a la l\u00f3gica.<\/p>\n\n\n\n<p>Los marineros no pudieron capturar im\u00e1genes del momento con los celulares porque apenas reconocieron las luces recurrieron a las autoridades pensando que se trataba de un posible ataque contra el buque. Minutos despu\u00e9s se confirm\u00f3 que no hab\u00eda ni aeronaves ni barcos en las proximidades.<\/p>\n\n\n\n<p>El avistaje fue catalogado como un\u00a0<strong>Objeto Volador No Identificado (OVNI)\u00a0<\/strong>y se realiz\u00f3 un pedido de informes a la\u00a0<strong>Comisi\u00f3n de Estudio del Fen\u00f3meno\u00a0OVNI <\/strong><strong>de la Rep\u00fablica Argentina (CEFORA),\u00a0<\/strong>que pertenece al Ministerio de Seguridad.<\/p>\n\n\n\n<p>Poco m\u00e1s de un a\u00f1o despu\u00e9s de aquel inexplicable evento, desde el CEFORA&nbsp;<strong>brindaron detalles&nbsp;<\/strong>sobre lo que podr\u00edan haber visto los marineros que formaban parte de aquella tripulaci\u00f3n.<\/p>\n\n\n\n<figure class=\"wp-block-image\"><img decoding=\"async\" src=\"https:\/\/tn.com.ar\/resizer\/v2\/el-documento-oficial-con-el-relato-de-los-testigos-del-fenomeno-foto-gentileza-la-opinion-austral-PEZTTWN6NNCM3D6HAXHYXL4JZ4.jpg?auth=27bef545d0116155a274caa9b0aef35db97b54a5fec858a606d12ab9ac41021c&amp;width=767\" alt=\"El documento oficial con el relato de los testigos del fen\u00f3meno. (Foto: gentileza La Opini\u00f3n Austral).\"\/><\/figure>\n\n\n\n<p>Los documentos difundidos por la&nbsp;<strong>Prefectura Naval Argentina&nbsp;<\/strong>se\u00f1alan que las luces se observaban como si fueran&nbsp;<strong>estrellas que se mov\u00edan de forma rectil\u00ednea y entrecruzada, apareciendo y desapareciendo a intervalos regulares.<\/strong><\/p>\n\n\n\n<p>Seg\u00fan los reportes oficiales, los tripulantes describieron que las luces<strong>&nbsp;\u201cse asemejaban a bengalas y su movimiento era similar al de fuegos artificiales\u201d<\/strong>. Tambi\u00e9n dijeron que eran de color naranja y que se desplazaban desde la superficie del mar hacia el cielo, cambiando a un tono blanco y movi\u00e9ndose en direcciones zigzagueantes.<\/p>\n\n\n\n<p>\u201c<strong>Nunca vimos algo as\u00ed<\/strong>\u201d, comentaron los testigos ante las autoridades. Del mismo modo, destacaron la nitidez del avistaje y la duraci\u00f3n del evento, que se extendi\u00f3 por m\u00e1s de 30 minutos.<\/p>\n\n\n\n<p><strong>Cristian Guill\u00e9n<\/strong>, capit\u00e1n de otro buque que navegaba la misma zona, tambi\u00e9n fue testigo del fen\u00f3meno y relat\u00f3 su experiencia: \u201cHe pasado m\u00e1s de 320 d\u00edas al a\u00f1o en el mar y nunca vi un evento tan claro como esa noche.&nbsp;<strong>No creo que fueran naves, meteoritos o chatarra espacial.<\/strong>&nbsp;Volaban a 90 grados y se mov\u00edan con independencia, como un antiguo zeppelin, pero sin ruido y oculto entre las nubes\u201d.<\/p>\n\n\n\n<p>Guill\u00e9n asegur\u00f3 que no fue el \u00fanico en observar el extra\u00f1o fen\u00f3meno: \u201c<strong>Lo vieron muchos capitanes que navegaban la zona<\/strong>. Las luces se mov\u00edan de forma independiente y parec\u00edan bengalas que encandilaban la vista\u201d.<\/p>\n\n\n\n<p>El inusual avistaje en la Patagonia ha generado m\u00faltiples interrogantes y un pedido de explicaciones al Ministerio de Seguridad, que desde hace m\u00e1s de un a\u00f1o que investiga lo que ocurri\u00f3 ese 29 de agosto de 2023.<\/p>\n","protected":false},"excerpt":{"rendered":"<p>Los tripulantes de un buque mercante afirman que vieron una serie de luces que se mov\u00edan en diferentes direcciones. Vieron el fen\u00f3meno cuando navegaban por las aguas de Chubut, cerca&hellip; <\/p>\n","protected":false},"author":8,"featured_media":165481,"comment_status":"closed","ping_status":"open","sticky":false,"template":"","format":"standard","meta":{"footnotes":""},"categories":[17],"tags":[],"class_list":["post-165480","post","type-post","status-publish","format-standard","has-post-thumbnail","hentry","category-sociales"],"_links":{"self":[{"href":"https:\/\/corrientesdetarde.com\/index.php\/wp-json\/wp\/v2\/posts\/165480","targetHints":{"allow":["GET"]}}],"collection":[{"href":"https:\/\/corrientesdetarde.com\/index.php\/wp-json\/wp\/v2\/posts"}],"about":[{"href":"https:\/\/corrientesdetarde.com\/index.php\/wp-json\/wp\/v2\/types\/post"}],"author":[{"embeddable":true,"href":"https:\/\/corrientesdetarde.com\/index.php\/wp-json\/wp\/v2\/users\/8"}],"replies":[{"embeddable":true,"href":"https:\/\/corrientesdetarde.com\/index.php\/wp-json\/wp\/v2\/comments?post=165480"}],"version-history":[{"count":1,"href":"https:\/\/corrientesdetarde.com\/index.php\/wp-json\/wp\/v2\/posts\/165480\/revisions"}],"predecessor-version":[{"id":165482,"href":"https:\/\/corrientesdetarde.com\/index.php\/wp-json\/wp\/v2\/posts\/165480\/revisions\/165482"}],"wp:featuredmedia":[{"embeddable":true,"href":"https:\/\/corrientesdetarde.com\/index.php\/wp-json\/wp\/v2\/media\/165481"}],"wp:attachment":[{"href":"https:\/\/corrientesdetarde.com\/index.php\/wp-json\/wp\/v2\/media?parent=165480"}],"wp:term":[{"taxonomy":"category","embeddable":true,"href":"https:\/\/corrientesdetarde.com\/index.php\/wp-json\/wp\/v2\/categories?post=165480"},{"taxonomy":"post_tag","embeddable":true,"href":"https:\/\/corrientesdetarde.com\/index.php\/wp-json\/wp\/v2\/tags?post=165480"}],"curies":[{"name":"wp","href":"https:\/\/api.w.org\/{rel}","templated":true}]}}