{"id":165486,"date":"2024-09-11T14:38:28","date_gmt":"2024-09-11T17:38:28","guid":{"rendered":"https:\/\/corrientesdetarde.com\/?p=165486"},"modified":"2024-09-11T14:38:40","modified_gmt":"2024-09-11T17:38:40","slug":"nayib-bukele-visitara-la-argentina-para-reunirse-con-javier-milei-y-profundizar-los-acuerdos-de-seguridad","status":"publish","type":"post","link":"https:\/\/corrientesdetarde.com\/index.php\/politica\/nayib-bukele-visitara-la-argentina-para-reunirse-con-javier-milei-y-profundizar-los-acuerdos-de-seguridad\/","title":{"rendered":"Nayib Bukele visitar\u00e1 la Argentina para reunirse con Javier Milei y profundizar los acuerdos de seguridad"},"content":{"rendered":"\n<p>El presidente de El Salvador llegar\u00e1 a fin de mes y se quedar\u00e1, en principio, tres d\u00edas en el pa\u00eds. El gobierno argentino lo elogi\u00f3 por su \u201cguerra contra las pandillas\u201d.<\/p>\n\n\n\n<p>Javier Milei recibir\u00e1 la visita de uno de los \u2013pocos-\u00a0presidentes de la regi\u00f3n que elogi\u00f3 y trabaj\u00f3 para construir un buen v\u00ednculo\u00a0a nivel ejecutivo y bilateral. A fin de mes\u00a0llegar\u00e1 a la Argentina el salvadore\u00f1o Nayib Bukele\u00a0para mantener una reuni\u00f3n con el mandatario nacional y distintos funcionarios ligados al \u00e1rea de Seguridad.<\/p>\n\n\n\n<p>Sin una agenda cerrada,\u00a0<strong>Se\u00a0<\/strong>pudo saber el presidente de El Salvador\u00a0<strong>aterrizar\u00e1 en el pa\u00eds el domingo 29 de septiembre<\/strong>\u00a0y se quedar\u00e1, en principio, tres d\u00edas en total. Bukele ya hab\u00eda sido invitado para participar de la asunci\u00f3n presidencial de Milei, pero se ausent\u00f3 ya que estaba de licencia en su cargo a la espera de que llegasen las elecciones que le terminaron dando un segundo mandato con un resultado a su favor aplastante.<\/p>\n\n\n\n<p>A pesar de que en t\u00e9rminos econ\u00f3micos ambos presidentes parecen tener posiciones ideolog\u00edas distintas, Javier Milei no ahorr\u00f3 en elogios cuando le toc\u00f3 hablar de Bukele y, sobre todas las cosas, su plan de gobierno en relaci\u00f3n a la seguridad y\u00a0la llamada\u00a0\u201cguerra contra las pandillas\u201d.\u00a0El mandatario argentino hasta particip\u00f3 de la asunci\u00f3n presidencial de el salvadore\u00f1o en junio de este a\u00f1o.<\/p>\n\n\n\n<p>All\u00ed, en San Salvador, ambos mantuvieron una cordial y distendida reuni\u00f3n privada. El punto que m\u00e1s une a los dos pa\u00edses es el del crimen y la seguridad. La propia ministra\u00a0Patricia Bullrich viaj\u00f3 a El Salvador a mediados de junio\u00a0y tambi\u00e9n mantuvo un encuentro privado con el mandatario, autodenominado\u00a0el \u201cdictador m\u00e1s cool del mundo\u201d.<\/p>\n\n\n\n<figure class=\"wp-block-image\"><img decoding=\"async\" src=\"https:\/\/tn.com.ar\/resizer\/v2\/la-ministra-seguridad-de-la-nacion-patricia-bullrich-recorrio-el-centro-de-confinamiento-del-terrorismo-cecot-durante-una-visita-en-junio-de-este-ano-foto-na-5AFWUMFBCNGVPHY5LNOFOJGHSM.jpg?auth=63bbf40cf6312e28c8fbe36862410df28b35b367b5cebec2b2619c4fe24ed95a&amp;width=767\" alt=\"La ministra Seguridad de la Naci\u00f3n, Patricia Bullrich, recorri\u00f3 el Centro de Confinamiento del Terrorismo (CECOT), durante una visita en junio de este a\u00f1o. (Foto: NA) \"\/><\/figure>\n\n\n\n<p>Con un estado de excepci\u00f3n que ya lleva m\u00e1s de dos a\u00f1os y medio y<strong>&nbsp;suprimi\u00f3 distintos derechos procesales para acelerar las investigaciones y definiciones judiciales,&nbsp;<\/strong>las autoridades salvadore\u00f1as detuvieron a m\u00e1s de 82.000 pandilleros que durante d\u00e9cadas regaron de sangre las calles de El Salvador en una feroz guerra para quedarse con el control territorial y el manejo de la droga, entre otros cr\u00edmenes.<\/p>\n\n\n\n<p>Esta guerra contra las \u201cmaras\u201d no estuvo exenta de pol\u00e9micas y denuncias por violaci\u00f3n a los derechos b\u00e1sicos, pero despert\u00f3 la admiraci\u00f3n de gran parte del mundo que vio c\u00f3mo<strong>\u00a0El Salvador logr\u00f3 pasar de ser el pa\u00eds m\u00e1s violento a nivel global al m\u00e1s seguro en el continente americano<\/strong>. Estas pol\u00edticas siempre generaron una cercan\u00eda con el ala m\u00e1s dura de la dirigencia pol\u00edtica argentina, como es el caso de Patricia Bullrich.<\/p>\n\n\n\n<p>Desde el entorno de Bukele le confirmaron a este medio que la intenci\u00f3n es mantener un encuentro con la ministra de Seguridad, como as\u00ed tambi\u00e9n con la vicepresidenta,&nbsp;<strong>Victoria Villarruel<\/strong>, y otros funcionarios y destacados miembros del gobierno libertario, como puede ser el ministro de Justicia,&nbsp;<strong>Mariano C\u00faneo Libarona<\/strong>, o la canciller,&nbsp;<strong>Diana Mondino.<\/strong><\/p>\n\n\n\n<p>Todav\u00eda no existe un temario acordado durante su visita ni tampoco confirmaron qui\u00e9nes acompa\u00f1ar\u00e1n a Bukele, fundamental para comprender qu\u00e9 temas se priorizar\u00e1n durante el viaje, pero s\u00ed se descuenta que se buscar\u00e1 cimentar el di\u00e1logo ya existente en t\u00e9rminos de&nbsp;<strong>intercambio de informaci\u00f3n y capacitaci\u00f3n a las fuerzas de seguridad.<\/strong><\/p>\n\n\n\n<p>Cuando en junio Bullrich estuvo en El Salvador junto a su equipo, firm\u00f3 un convenio para combatir el crimen transnacional y hasta visit\u00f3 el\u00a0famoso Centro de Confinamiento del Terrorismo (CECTO), la c\u00e1rcel m\u00e1s grande de Am\u00e9rica Latina\u00a0y donde se alojan los reos m\u00e1s peligrosos que durante a\u00f1os fueron los amos y se\u00f1ores de las calles salvadore\u00f1as.<\/p>\n","protected":false},"excerpt":{"rendered":"<p>El presidente de El Salvador llegar\u00e1 a fin de mes y se quedar\u00e1, en principio, tres d\u00edas en el pa\u00eds. El gobierno argentino lo elogi\u00f3 por su \u201cguerra contra las&hellip; <\/p>\n","protected":false},"author":8,"featured_media":165487,"comment_status":"closed","ping_status":"open","sticky":false,"template":"","format":"standard","meta":{"footnotes":""},"categories":[3],"tags":[],"class_list":["post-165486","post","type-post","status-publish","format-standard","has-post-thumbnail","hentry","category-politica"],"_links":{"self":[{"href":"https:\/\/corrientesdetarde.com\/index.php\/wp-json\/wp\/v2\/posts\/165486","targetHints":{"allow":["GET"]}}],"collection":[{"href":"https:\/\/corrientesdetarde.com\/index.php\/wp-json\/wp\/v2\/posts"}],"about":[{"href":"https:\/\/corrientesdetarde.com\/index.php\/wp-json\/wp\/v2\/types\/post"}],"author":[{"embeddable":true,"href":"https:\/\/corrientesdetarde.com\/index.php\/wp-json\/wp\/v2\/users\/8"}],"replies":[{"embeddable":true,"href":"https:\/\/corrientesdetarde.com\/index.php\/wp-json\/wp\/v2\/comments?post=165486"}],"version-history":[{"count":1,"href":"https:\/\/corrientesdetarde.com\/index.php\/wp-json\/wp\/v2\/posts\/165486\/revisions"}],"predecessor-version":[{"id":165488,"href":"https:\/\/corrientesdetarde.com\/index.php\/wp-json\/wp\/v2\/posts\/165486\/revisions\/165488"}],"wp:featuredmedia":[{"embeddable":true,"href":"https:\/\/corrientesdetarde.com\/index.php\/wp-json\/wp\/v2\/media\/165487"}],"wp:attachment":[{"href":"https:\/\/corrientesdetarde.com\/index.php\/wp-json\/wp\/v2\/media?parent=165486"}],"wp:term":[{"taxonomy":"category","embeddable":true,"href":"https:\/\/corrientesdetarde.com\/index.php\/wp-json\/wp\/v2\/categories?post=165486"},{"taxonomy":"post_tag","embeddable":true,"href":"https:\/\/corrientesdetarde.com\/index.php\/wp-json\/wp\/v2\/tags?post=165486"}],"curies":[{"name":"wp","href":"https:\/\/api.w.org\/{rel}","templated":true}]}}