{"id":165489,"date":"2024-09-11T14:43:29","date_gmt":"2024-09-11T17:43:29","guid":{"rendered":"https:\/\/corrientesdetarde.com\/?p=165489"},"modified":"2024-09-11T14:43:40","modified_gmt":"2024-09-11T17:43:40","slug":"la-municipalidad-organiza-jornadas-en-las-saps-para-acercar-servicios-a-los-jovenes","status":"publish","type":"post","link":"https:\/\/corrientesdetarde.com\/index.php\/bienestar-y-salud\/la-municipalidad-organiza-jornadas-en-las-saps-para-acercar-servicios-a-los-jovenes\/","title":{"rendered":"La Municipalidad organiza jornadas en las SAPS para acercar servicios a los j\u00f3venes"},"content":{"rendered":"\n<p><em>Esta acci\u00f3n de la Secretar\u00eda de Salud est\u00e1 dirigida a todos los vecinos, con especial \u00e9nfasis este mes en los adolescentes y j\u00f3venes de hasta 25 a\u00f1os. Se trabaja en temas de prevenci\u00f3n de enfermedades de transmisi\u00f3n sexual, anticoncepci\u00f3n y charlas de nutrici\u00f3n. Esta semana se lleva adelante en la sala del barrio Parque Cadenas y continuar\u00e1 luego en el Quinta Ferr\u00e9, para finalizar septiembre en el R\u00edo Paran\u00e1.<\/em><br><\/p>\n\n\n\n<p>La Municipalidad de Corrientes, a trav\u00e9s de la Secretar\u00eda de Salud, viene organizando y promoviendo jornadas en las Salas de Atenci\u00f3n Primaria de la Salud (SAPS) ubicadas en diferentes sectores de la ciudad, con el objetivo de acercar servicios sanitarios gratuitos a los vecinos de esas comunidades. Durante este mes, el programa hace foco en el lema: \u201cPor una Juventud m\u00e1s Sana\u201d.<br>&nbsp;<br>Apuntan a acercar a los adolescentes y j\u00f3venes de hasta 25 a\u00f1os a las SAPS m\u00e1s cercanas a su domicilio, para recibir atenci\u00f3n y tratamiento m\u00e9dico en diferentes especialidades, adem\u00e1s de la actualizaci\u00f3n de esquemas de vacunaci\u00f3n. No obstante, los servicios que brinda el \u00e1rea sanitaria se encuentran disponibles, como es habitual, a personas de todos los rangos etarios de cada comunidad.<br>&nbsp;<br>La directora de Salud de la Mujer, Beatr\u00edz Burgos, dependiente de la Direcci\u00f3n General de Prevenci\u00f3n y Promoci\u00f3n de la Secretar\u00eda de Salud del municipio, manifest\u00f3: \u201cEsta semana nos encontramos en la SAPS del barrio Parque Cadenas en la segunda jornada del programa de atenci\u00f3n y fortalecimiento que apunta a adolescentes y primera juventud, pero que se extiende a los vecinos en general\u201d.<br>&nbsp;<br>\u201cEl programa \u2018Por una Juventud m\u00e1s Sana\u2019 comenz\u00f3 en el barrio Esperanza, donde tuvimos una muy buena respuesta de la comunidad, y otro tanto est\u00e1 ocurriendo ahora en el Parque Cadenas. La semana pr\u00f3xima vamos a estar en la sala del Quinta Ferr\u00e9, para finalizar el mes en el R\u00edo Paran\u00e1\u201d, agreg\u00f3.<br>&nbsp;<br>Burgos se\u00f1al\u00f3 que \u201cse busca trabajar mucho con j\u00f3venes en temas como prevenci\u00f3n de enfermedades de transmisi\u00f3n sexual, anticoncepci\u00f3n y se brindan charlas de nutrici\u00f3n, ya que el tema de la mala alimentaci\u00f3n es una de las mayores problem\u00e1ticas que encontramos en los j\u00f3venes, adem\u00e1s del sedentarismo y el uso de las pantallas. En el caso de los j\u00f3venes que son padres, apuntamos a los controles de salud\u201d.<br>&nbsp;<br>La funcionaria cont\u00f3 que \u201clas jornadas son de atenci\u00f3n multidisciplinaria ya que se cuenta con la presencia de todas las \u00e1reas que pertenecen a la Direcci\u00f3n de Prevenci\u00f3n y Promoci\u00f3n de la Salud. Est\u00e1 Primera Infancia, que hace control de ni\u00f1os sanos y las diferentes patolog\u00edas, el \u00e1rea de Salud de la Mujer con prevenci\u00f3n de c\u00e1ncer de mama a trav\u00e9s de la ecograf\u00eda mamaria y el c\u00e1ncer de cuello uterino a trav\u00e9s de la toma del PAP\u201d.<br>&nbsp;<br>\u201cTambi\u00e9n se atiende a los adultos mayores, y enfermedades cr\u00f3nicas no transmisibles como diabetes, hipertensi\u00f3n, personas que concurren por sobrepeso y obesidad debido a la mala alimentaci\u00f3n, el sedentarismo, donde interviene la Direcci\u00f3n de Nutrici\u00f3n y la Direcci\u00f3n de Kinesiolog\u00eda\u201d, agreg\u00f3.<br>&nbsp;<br>Durante las jornadas, la Municipalidad ofrece tambi\u00e9n servicio de laboratorio, traslad\u00e1ndose el personal de la SAPS Rawson a los otros centros en lo concerniente a toma de muestras y an\u00e1lisis posterior, para luego entregar los resultados a los pacientes. Tambi\u00e9n se cuenta con el servicio de ecograf\u00edas, que se realizan dos veces a la semana (martes y jueves), surgiendo de la consulta a los diferentes profesionales.<br>&nbsp;<br>Uno de los puntales del trabajo que se realiza est\u00e1 a cargo de la direcci\u00f3n de Agentes Sanitarios, que se encarga de hacer una semana antes, en territorio, la b\u00fasqueda de pacientes a los que se les toma los datos y un n\u00famero de contacto telef\u00f3nico para despu\u00e9s comunicarles los turnos con los m\u00e9dicos de las diferentes especialidades o bien para la colocaci\u00f3n de vacunas, haci\u00e9ndose un refuerzo de las visitas durante los d\u00edas de la jornada.<br>&nbsp;<br>\u201cContamos con una muy buena respuesta de la comunidad a estas actividades organizadas por la Secretar\u00eda de Salud, y que cuentan con el fuerte apoyo del intendente Eduardo Tassano\u201d, destac\u00f3, por \u00faltimo, la doctora Burgos.<br>&nbsp;<br>La pr\u00f3xima jornada, la tercera en el presente mes, se llevar\u00e1 adelante del 16 al 20 de septiembre venidero, en el horario de 8,30 a 11,30 en la SAPS Quinta Ferr\u00e9 del barrio hom\u00f3nimo, ubicada en calle Zacar\u00edas S\u00e1nchez al 400.<br><br><a href=\"https:\/\/ciudaddecorrientes.us12.list-manage.com\/track\/click?u=253e4bcff71216c6af771c3c9&amp;id=64ef3f3f93&amp;e=17643edfa8\" target=\"_blank\" rel=\"noreferrer noopener\">NOTA TV.&nbsp;<\/a><\/p>\n\n\n\n<p>Beatriz Burgos, directora de Salud de la Mujer del municipio.<\/p>\n\n\n\n<figure class=\"wp-block-image size-large\"><img loading=\"lazy\" decoding=\"async\" width=\"1024\" height=\"682\" src=\"https:\/\/corrientesdetarde.com\/wp-content\/uploads\/2024\/09\/image-389-1024x682.png\" alt=\"\" class=\"wp-image-165491\" srcset=\"https:\/\/corrientesdetarde.com\/wp-content\/uploads\/2024\/09\/image-389-1024x682.png 1024w, https:\/\/corrientesdetarde.com\/wp-content\/uploads\/2024\/09\/image-389-300x200.png 300w, https:\/\/corrientesdetarde.com\/wp-content\/uploads\/2024\/09\/image-389-768x512.png 768w, https:\/\/corrientesdetarde.com\/wp-content\/uploads\/2024\/09\/image-389.png 1280w\" sizes=\"auto, (max-width: 1024px) 100vw, 1024px\" \/><\/figure>\n\n\n\n<figure class=\"wp-block-image size-large\"><img loading=\"lazy\" decoding=\"async\" width=\"1024\" height=\"682\" src=\"https:\/\/corrientesdetarde.com\/wp-content\/uploads\/2024\/09\/image-390-1024x682.png\" alt=\"\" class=\"wp-image-165492\" srcset=\"https:\/\/corrientesdetarde.com\/wp-content\/uploads\/2024\/09\/image-390-1024x682.png 1024w, https:\/\/corrientesdetarde.com\/wp-content\/uploads\/2024\/09\/image-390-300x200.png 300w, https:\/\/corrientesdetarde.com\/wp-content\/uploads\/2024\/09\/image-390-768x512.png 768w, https:\/\/corrientesdetarde.com\/wp-content\/uploads\/2024\/09\/image-390.png 1280w\" sizes=\"auto, (max-width: 1024px) 100vw, 1024px\" \/><\/figure>\n\n\n\n<figure class=\"wp-block-image size-large\"><img loading=\"lazy\" decoding=\"async\" width=\"1024\" height=\"682\" src=\"https:\/\/corrientesdetarde.com\/wp-content\/uploads\/2024\/09\/image-391-1024x682.png\" alt=\"\" class=\"wp-image-165493\" srcset=\"https:\/\/corrientesdetarde.com\/wp-content\/uploads\/2024\/09\/image-391-1024x682.png 1024w, https:\/\/corrientesdetarde.com\/wp-content\/uploads\/2024\/09\/image-391-300x200.png 300w, https:\/\/corrientesdetarde.com\/wp-content\/uploads\/2024\/09\/image-391-768x512.png 768w, https:\/\/corrientesdetarde.com\/wp-content\/uploads\/2024\/09\/image-391.png 1280w\" sizes=\"auto, (max-width: 1024px) 100vw, 1024px\" \/><\/figure>\n","protected":false},"excerpt":{"rendered":"<p>Esta acci\u00f3n de la Secretar\u00eda de Salud est\u00e1 dirigida a todos los vecinos, con especial \u00e9nfasis este mes en los adolescentes y j\u00f3venes de hasta 25 a\u00f1os. Se trabaja en&hellip; <\/p>\n","protected":false},"author":8,"featured_media":165490,"comment_status":"closed","ping_status":"open","sticky":false,"template":"","format":"standard","meta":{"footnotes":""},"categories":[16],"tags":[],"class_list":["post-165489","post","type-post","status-publish","format-standard","has-post-thumbnail","hentry","category-bienestar-y-salud"],"_links":{"self":[{"href":"https:\/\/corrientesdetarde.com\/index.php\/wp-json\/wp\/v2\/posts\/165489","targetHints":{"allow":["GET"]}}],"collection":[{"href":"https:\/\/corrientesdetarde.com\/index.php\/wp-json\/wp\/v2\/posts"}],"about":[{"href":"https:\/\/corrientesdetarde.com\/index.php\/wp-json\/wp\/v2\/types\/post"}],"author":[{"embeddable":true,"href":"https:\/\/corrientesdetarde.com\/index.php\/wp-json\/wp\/v2\/users\/8"}],"replies":[{"embeddable":true,"href":"https:\/\/corrientesdetarde.com\/index.php\/wp-json\/wp\/v2\/comments?post=165489"}],"version-history":[{"count":1,"href":"https:\/\/corrientesdetarde.com\/index.php\/wp-json\/wp\/v2\/posts\/165489\/revisions"}],"predecessor-version":[{"id":165494,"href":"https:\/\/corrientesdetarde.com\/index.php\/wp-json\/wp\/v2\/posts\/165489\/revisions\/165494"}],"wp:featuredmedia":[{"embeddable":true,"href":"https:\/\/corrientesdetarde.com\/index.php\/wp-json\/wp\/v2\/media\/165490"}],"wp:attachment":[{"href":"https:\/\/corrientesdetarde.com\/index.php\/wp-json\/wp\/v2\/media?parent=165489"}],"wp:term":[{"taxonomy":"category","embeddable":true,"href":"https:\/\/corrientesdetarde.com\/index.php\/wp-json\/wp\/v2\/categories?post=165489"},{"taxonomy":"post_tag","embeddable":true,"href":"https:\/\/corrientesdetarde.com\/index.php\/wp-json\/wp\/v2\/tags?post=165489"}],"curies":[{"name":"wp","href":"https:\/\/api.w.org\/{rel}","templated":true}]}}