{"id":165497,"date":"2024-09-11T14:48:03","date_gmt":"2024-09-11T17:48:03","guid":{"rendered":"https:\/\/corrientesdetarde.com\/?p=165497"},"modified":"2024-09-11T14:48:04","modified_gmt":"2024-09-11T17:48:04","slug":"a-132-anos-de-la-muerte-de-domingo-faustino-sarmiento-por-que-se-lo-considera-el-padre-de-la-educacion","status":"publish","type":"post","link":"https:\/\/corrientesdetarde.com\/index.php\/cultura\/a-132-anos-de-la-muerte-de-domingo-faustino-sarmiento-por-que-se-lo-considera-el-padre-de-la-educacion\/","title":{"rendered":"A 132 a\u00f1os de la muerte de Domingo Faustino Sarmiento, \u00bfpor qu\u00e9 se lo considera el padre de la educaci\u00f3n?"},"content":{"rendered":"\n<p>En la Rep\u00fablica Argentina se conmemora el\u00a0<strong>D\u00eda del Maestro<\/strong>\u00a0el\u00a0<strong>11 de septiembre<\/strong>, en homenaje a\u00a0<strong>Domingo Faustino Sarmiento<\/strong>, quien falleci\u00f3 en esa fecha en 1888 en Asunci\u00f3n del Paraguay, tras haber viajado al pa\u00eds vecino por indicaci\u00f3n m\u00e9dica. Su nacimiento ocurri\u00f3 el 15 de febrero de 1811 en la ciudad de San Juan.<\/p>\n\n\n\n<p>Su persona ha sido considerada\u00a0<strong>emblema de la educaci\u00f3n<\/strong>, no solo en la Rep\u00fablica Argentina, sino en el resto de Am\u00e9rica. As\u00ed lo dispuso la Primera Conferencia de Ministros y Directores de Educaci\u00f3n de las Rep\u00fablicas Americanas celebrada en Panam\u00e1 en el a\u00f1o 1943.<\/p>\n\n\n\n<p>Mientras ejerci\u00f3 el cargo de gobernador de la provincia de San Juan, decret\u00f3 la Ley de ense\u00f1anza obligatoria primaria. Durante su presidencia entre 1868 y 1874, el impulso dado a la educaci\u00f3n bajo el ministerio de Nicol\u00e1s Avellaneda fue notable. Mediante la Ley de Subvenciones de 1871, garantiz\u00f3 los fondos para la<strong>&nbsp;creaci\u00f3n de nuevas escuelas y la compra de materiales y libros.<\/strong>&nbsp;Durante su mandato, y con apoyo nacional, las provincias fundaron unas&nbsp;<strong>800 escuelas de primeras letras<\/strong>, alcanzando a un total de 1816 escuelas, la poblaci\u00f3n escolar se elev\u00f3 de<strong>&nbsp;30.000 a 110.000 alumnos<\/strong>.<\/p>\n\n\n\n<p>Sarmiento cre\u00f3 una gran cantidad de establecimientos educativos y espacios como la Academia de Ciencias, la Biblioteca Nacional de Maestros, la Universidad Nacional de San Juan, la Facultad de Ciencias F\u00edsicas y Matem\u00e1ticas, el Observatorio Astron\u00f3mico de C\u00f3rdoba, Tambi\u00e9n se destac\u00f3 por su contribuci\u00f3n en el progreso cient\u00edfico y cultural del pa\u00eds.<\/p>\n\n\n\n<p>A los 77 a\u00f1os, ya enfermo, viaj\u00f3 a Asunci\u00f3n con su hija Faustina y sus nietos en donde falleci\u00f3 por un infarto. En conmemoraci\u00f3n a esta fecha, todos los 11 de septiembre se celebra el\u00a0D\u00eda del Maestro<strong>.<\/strong><\/p>\n\n\n\n<h2 class=\"wp-block-heading\">Frases c\u00e9lebres de Domingo Faustino Sarmiento<\/h2>\n\n\n\n<ul class=\"wp-block-list\">\n<li>&#8220;Hombre, pueblo, Naci\u00f3n, Estado: todo est\u00e1 en los humildes bancos de la escuela&#8221;<\/li>\n\n\n\n<li>&#8220;Es la educaci\u00f3n primaria la que civiliza y desenvuelve la moral de los pueblos. Son las escuelas la base de la civilizaci\u00f3n.&#8221;<\/li>\n\n\n\n<li>&#8220;Cuando los hombres honrados se van a su casa, los pillos entran en la del gobierno&#8221;<\/li>\n\n\n\n<li>&#8220;Todos los problemas son problemas de educaci\u00f3n&#8221;<\/li>\n\n\n\n<li>&#8220;El buen salario, la comida abundante, el buen vestir y la libertad educan a un adulto como la escuela a un ni\u00f1o&#8221;<\/li>\n\n\n\n<li>&#8220;Fui nombrado presidente de la Rep\u00fablica, y no de mis amigos&#8221;<\/li>\n\n\n\n<li>&#8220;Si no existieran dificultades no habr\u00eda \u00e9xitos&#8221;<\/li>\n\n\n\n<li>&#8220;Puede juzgarse el grado de civilizaci\u00f3n de un pueblo por la posici\u00f3n social de la mujer&#8221;<\/li>\n\n\n\n<li>&#8220;\u00a1B\u00e1rbaros! Las ideas no se matan&#8221;<\/li>\n\n\n\n<li>&#8220;Escribo como medio y arma de combate, que combatir es realizar el pensamiento&#8221;<\/li>\n<\/ul>\n\n\n\n<h2 class=\"wp-block-heading\">Celebraci\u00f3n del d\u00eda del maestro en otras comunidades<\/h2>\n\n\n\n<p>Las distintas comunidades del mundo destacan la educaci\u00f3n como pilar fundamental del desarrollo humano, determinando ciertas fechas para homenajear a quienes diariamente realizan la importante tarea de ense\u00f1ar:<\/p>\n\n\n\n<ul class=\"wp-block-list\">\n<li>Bolivia: el 6 de junio en raz\u00f3n de fundarse la primera escuela de maestros en Sucre.<\/li>\n\n\n\n<li>Brasil: el 15 de octubre, fecha de sanci\u00f3n de la primera ley de creaci\u00f3n de escuelas de primeras letras del emperador Pedro I.<\/li>\n\n\n\n<li>Colombia: el 15 de Mayo en alusi\u00f3n a la consagraci\u00f3n de San Juan Bautista de La Salle como patrono universal de todos los educadores por parte del Papa Pio XII.<\/li>\n\n\n\n<li>Uruguay: el 22 de septiembre.<\/li>\n\n\n\n<li>Venezuela: el 15 de enero<\/li>\n\n\n\n<li>Espa\u00f1a: el 27 de noviembre en memoria de San Jos\u00e9 de Calasanz.<\/li>\n\n\n\n<li>Polonia: el 14 de Octubre.<\/li>\n\n\n\n<li>China: el 10 de septiembre. Anteriormente era el 28 de septiembre, en honor a la fecha de nacimiento de Confucio.<\/li>\n\n\n\n<li>India: el 5 de septiembre.<\/li>\n\n\n\n<li>Turqu\u00eda: el 24 de noviembre.<\/li>\n\n\n\n<li>Estados Unidos: el primer martes de Mayo.<\/li>\n\n\n\n<li>Arabia Saudita: el 28 de febrero.<\/li>\n\n\n\n<li>Corea del Sur: el 15 de Mayo.<\/li>\n\n\n\n<li>En Europa, gran parte de los pa\u00edses festejan el 5 de octubre como D\u00eda Mundial de los Docentes.<\/li>\n<\/ul>\n\n\n\n<ul class=\"wp-block-list\"><\/ul>\n","protected":false},"excerpt":{"rendered":"<p>En la Rep\u00fablica Argentina se conmemora el\u00a0D\u00eda del Maestro\u00a0el\u00a011 de septiembre, en homenaje a\u00a0Domingo Faustino Sarmiento, quien falleci\u00f3 en esa fecha en 1888 en Asunci\u00f3n del Paraguay, tras haber viajado&hellip; <\/p>\n","protected":false},"author":1,"featured_media":165499,"comment_status":"closed","ping_status":"open","sticky":false,"template":"","format":"standard","meta":{"footnotes":""},"categories":[23,15],"tags":[],"class_list":["post-165497","post","type-post","status-publish","format-standard","has-post-thumbnail","hentry","category-actualidad","category-cultura"],"_links":{"self":[{"href":"https:\/\/corrientesdetarde.com\/index.php\/wp-json\/wp\/v2\/posts\/165497","targetHints":{"allow":["GET"]}}],"collection":[{"href":"https:\/\/corrientesdetarde.com\/index.php\/wp-json\/wp\/v2\/posts"}],"about":[{"href":"https:\/\/corrientesdetarde.com\/index.php\/wp-json\/wp\/v2\/types\/post"}],"author":[{"embeddable":true,"href":"https:\/\/corrientesdetarde.com\/index.php\/wp-json\/wp\/v2\/users\/1"}],"replies":[{"embeddable":true,"href":"https:\/\/corrientesdetarde.com\/index.php\/wp-json\/wp\/v2\/comments?post=165497"}],"version-history":[{"count":1,"href":"https:\/\/corrientesdetarde.com\/index.php\/wp-json\/wp\/v2\/posts\/165497\/revisions"}],"predecessor-version":[{"id":165501,"href":"https:\/\/corrientesdetarde.com\/index.php\/wp-json\/wp\/v2\/posts\/165497\/revisions\/165501"}],"wp:featuredmedia":[{"embeddable":true,"href":"https:\/\/corrientesdetarde.com\/index.php\/wp-json\/wp\/v2\/media\/165499"}],"wp:attachment":[{"href":"https:\/\/corrientesdetarde.com\/index.php\/wp-json\/wp\/v2\/media?parent=165497"}],"wp:term":[{"taxonomy":"category","embeddable":true,"href":"https:\/\/corrientesdetarde.com\/index.php\/wp-json\/wp\/v2\/categories?post=165497"},{"taxonomy":"post_tag","embeddable":true,"href":"https:\/\/corrientesdetarde.com\/index.php\/wp-json\/wp\/v2\/tags?post=165497"}],"curies":[{"name":"wp","href":"https:\/\/api.w.org\/{rel}","templated":true}]}}