{"id":165550,"date":"2024-09-11T22:32:04","date_gmt":"2024-09-12T01:32:04","guid":{"rendered":"https:\/\/corrientesdetarde.com\/?p=165550"},"modified":"2024-09-11T22:32:16","modified_gmt":"2024-09-12T01:32:16","slug":"corrientes-detuvieron-a-un-dirigente-politico-acusado-de-corrupcion-de-menores","status":"publish","type":"post","link":"https:\/\/corrientesdetarde.com\/index.php\/politica\/corrientes-detuvieron-a-un-dirigente-politico-acusado-de-corrupcion-de-menores\/","title":{"rendered":"Corrientes: detuvieron a un dirigente pol\u00edtico acusado de corrupci\u00f3n de menores"},"content":{"rendered":"\n<p>Se trata de un reconocido liberal de la localidad de Ituzaing\u00f3. Lo denunciaron por corrupci\u00f3n de menores y tenencia de material ped\u00f3filo.<\/p>\n\n\n\n<p>La Justicia correntina orden\u00f3 detener a un pol\u00edtico local acusado de corrupci\u00f3n de menores y tenencia de material de abuso infantil. Se trata de Sixto Omar Fern\u00e1ndez, de 77 a\u00f1os, alias &#8220;Yacar\u00e9&#8221;. Oriundo de la localidad de Ituzaing\u00f3, ahora est\u00e1 preso en su casa por su avanzada edad, con custodia policial.<\/p>\n\n\n\n<p>El fiscal provincial Eugenio Balbastro es el encargado de llevar adelante la instrucci\u00f3n del caso y su investigaci\u00f3n se sustenta en dos casos, en base a lo que explicaron las fuentes oficiales a este medio. El primero es el de una mujer que ahora es mayor de edad, la denunciante inicial, y, el segundo, una menor de 13. &#8220;En el expediente no hay, por ahora, indicios de que se trate de una red organizada&#8221;, avisaron.<\/p>\n\n\n\n<p>Uno de los elementos centrales de la causa es el material que se habr\u00eda hallado en dos celulares de Fern\u00e1ndez que fueron secuestrados en marzo pasado, luego de la denuncia de la mujer mayor de edad que no pasar\u00eda los 31 a\u00f1os. Las pericias estuvieron listas en estos d\u00edas y fueron determinantes para la orden de detenci\u00f3n del &#8220;Yacar\u00e9&#8221;.<\/p>\n\n\n\n<p>&#8220;En los dispositivos se hallaron videos y unas 400 fotograf\u00edas en los que mayores y menores realizan actos sexuales. Otros aparatos que fueron investigados arrojaron resultado negativo&#8221;, detallaron las fuentes del caso. Seg\u00fan la causa, la denunciante mayor de edad habr\u00eda comenzado su v\u00ednculo con el pol\u00edtico correntino cuando ten\u00eda 14 a\u00f1os. Se conocieron porque la madre de la muchacha trabajaba en el Partido Liberal.<\/p>\n\n\n\n<p>En los primeros tiempos, el acusado habr\u00eda llevado a la v\u00edctima a pasear en auto por la zona de Ituzaing\u00f3. Uno de estos viajes termin\u00f3 en un hotel alojamiento sobre la ruta 12. All\u00ed habr\u00eda habido fotos de la chica sin ropa, manoseos y, finalmente, acceso carnal. Seg\u00fan el relato de la denunciante, el acusado le habr\u00eda dado un celular y dinero a cambio.<\/p>\n\n\n\n<p>El v\u00ednculo se habr\u00eda extendido por varios a\u00f1os, de manera fluctuante. Seg\u00fan habr\u00eda especificado en la demanda que se tramita en la Justicia correntina, la \u00faltima vez que estuvieron juntos fue hace 8 a\u00f1os, aunque el v\u00ednculo era personal y pol\u00edtico, ya que la denunciante habr\u00eda cumplido funciones en el Partido Liberal.<\/p>\n\n\n\n<p>En ese marco, durante las \u00faltimas elecciones, el acusado le habr\u00eda ordenado darle dinero y un celular a una chica de 13 a\u00f1os. La mujer presumi\u00f3 que podr\u00eda tratarse de otro caso de abuso.<\/p>\n\n\n\n<h2 class=\"wp-block-heading\">El detenido<\/h2>\n\n\n\n<p>Fern\u00e1ndez ocup\u00f3 la presidencia del Partido Liberal de Corrientes. La fuerza fue fundada en 1856 y es una de las m\u00e1s antiguas de Argentina. Dio varios mandatarios a la provincia, tanto con su identificaci\u00f3n como a trav\u00e9s del Pacto con el Partido Autonomista, forjado en los \u201860 del siglo pasado.<\/p>\n\n\n\n<p>Aunque a nivel provincial el PL forma parte del frente oficialista ECO (Encuentro por Corrientes), ya no ocurre lo mismo en Ituzaing\u00f3. En esa localidad, ECO y el PL est\u00e1n enfrentados.<\/p>\n\n\n\n<p>De hecho, el intendente Juan Pablo Vald\u00e9s, hermano del gobernador Gustavo Vald\u00e9s, corri\u00f3 a los funcionarios liberales de sus cargos hace unos meses. Fue despu\u00e9s de que el Comit\u00e9 local del PL decidiera el 13 de abril pasado abandonar la coalici\u00f3n por &#8220;incumplimiento de pactos pol\u00edticos&#8221;. La respuesta de la dirigencia&nbsp;<\/p>\n","protected":false},"excerpt":{"rendered":"<p>Se trata de un reconocido liberal de la localidad de Ituzaing\u00f3. Lo denunciaron por corrupci\u00f3n de menores y tenencia de material ped\u00f3filo. La Justicia correntina orden\u00f3 detener a un pol\u00edtico&hellip; <\/p>\n","protected":false},"author":4,"featured_media":165566,"comment_status":"closed","ping_status":"open","sticky":false,"template":"","format":"standard","meta":{"footnotes":""},"categories":[3],"tags":[],"class_list":["post-165550","post","type-post","status-publish","format-standard","has-post-thumbnail","hentry","category-politica"],"_links":{"self":[{"href":"https:\/\/corrientesdetarde.com\/index.php\/wp-json\/wp\/v2\/posts\/165550","targetHints":{"allow":["GET"]}}],"collection":[{"href":"https:\/\/corrientesdetarde.com\/index.php\/wp-json\/wp\/v2\/posts"}],"about":[{"href":"https:\/\/corrientesdetarde.com\/index.php\/wp-json\/wp\/v2\/types\/post"}],"author":[{"embeddable":true,"href":"https:\/\/corrientesdetarde.com\/index.php\/wp-json\/wp\/v2\/users\/4"}],"replies":[{"embeddable":true,"href":"https:\/\/corrientesdetarde.com\/index.php\/wp-json\/wp\/v2\/comments?post=165550"}],"version-history":[{"count":1,"href":"https:\/\/corrientesdetarde.com\/index.php\/wp-json\/wp\/v2\/posts\/165550\/revisions"}],"predecessor-version":[{"id":165567,"href":"https:\/\/corrientesdetarde.com\/index.php\/wp-json\/wp\/v2\/posts\/165550\/revisions\/165567"}],"wp:featuredmedia":[{"embeddable":true,"href":"https:\/\/corrientesdetarde.com\/index.php\/wp-json\/wp\/v2\/media\/165566"}],"wp:attachment":[{"href":"https:\/\/corrientesdetarde.com\/index.php\/wp-json\/wp\/v2\/media?parent=165550"}],"wp:term":[{"taxonomy":"category","embeddable":true,"href":"https:\/\/corrientesdetarde.com\/index.php\/wp-json\/wp\/v2\/categories?post=165550"},{"taxonomy":"post_tag","embeddable":true,"href":"https:\/\/corrientesdetarde.com\/index.php\/wp-json\/wp\/v2\/tags?post=165550"}],"curies":[{"name":"wp","href":"https:\/\/api.w.org\/{rel}","templated":true}]}}