{"id":165572,"date":"2024-09-11T22:54:44","date_gmt":"2024-09-12T01:54:44","guid":{"rendered":"https:\/\/corrientesdetarde.com\/?p=165572"},"modified":"2024-09-11T22:54:49","modified_gmt":"2024-09-12T01:54:49","slug":"calvano-sobre-el-programa-para-carreros-si-se-potencian-otras-opciones-pueden-tener-mejores-ingresos","status":"publish","type":"post","link":"https:\/\/corrientesdetarde.com\/index.php\/politica\/calvano-sobre-el-programa-para-carreros-si-se-potencian-otras-opciones-pueden-tener-mejores-ingresos\/","title":{"rendered":"Calvano sobre el programa para carreros: &#8220;si se potencian otras opciones pueden tener mejores ingresos&#8221;"},"content":{"rendered":"\n<p>El programa implica que los carreros hagan entrega de los caballos, a quienes se rescata y lleva a un predio proteccionista. La ciudad, a cambio, colabora en el inicio de los nuevos proyectos laborales a trav\u00e9s de la entrega de bienes, capacitaciones y acompa\u00f1amiento.<\/p>\n\n\n\n<p>El programa de reconversi\u00f3n productiva elaborado por el Municipio capitalino est\u00e1 en vigencia desde agosto de este a\u00f1o y se extiende por tres meses. Es un trabajo multidisciplinario de equipos municipales que comienza con un relevamiento socioecon\u00f3mico de los carreros y su familia. A partir de este diagn\u00f3stico y del di\u00e1logo con los beneficiarios, se define el emprendimiento o nuevo empleo que tendr\u00e1 la persona.<\/p>\n\n\n\n<p>&#8220;Es un plan de reconversi\u00f3n productiva. Hoy aplicamos este primer acuerdo con un grupo de ellos que se acogieron al plan y est\u00e1n dos semanas siendo entrevistados. Ellos entregan el carro y el caballo y, en cambio, reciben apoyo para reconversarse en otra actividad de otro tipo, en funci\u00f3n de las caracter\u00edsticas de cada uno, que se logr\u00f3 arribar por el trabajo en conjunto. En la mayor\u00eda de los casos, el carro es parte de la actividad y quer\u00edan otras opciones que, si se les potencia, se les puede dar un mejor ingreso&#8221;, dijo el secretario de Coordinaci\u00f3n de Gobierno municipal, Hugo Calvano.<\/p>\n\n\n\n<figure class=\"wp-block-image\"><img decoding=\"async\" src=\"https:\/\/www.lt7noticias.com\/content\/bucket\/4\/67904w790h526c.jpg.webp\" alt=\"\"\/><\/figure>\n\n\n\n<p><strong>PASO A PASO E INTEGRALMENTE<\/strong><br>El programa de reconversi\u00f3n productiva elaborado por el Municipio capitalino est\u00e1 en vigencia desde agosto de este a\u00f1o y se extiende por tres meses. Es un trabajo multidisciplinario de equipos municipales que comienza con un relevamiento socioecon\u00f3mico de los carreros y su familia. A partir de este diagn\u00f3stico y del di\u00e1logo con los beneficiarios, se define el emprendimiento o nuevo empleo que tendr\u00e1 la persona.<\/p>\n\n\n\n<p><strong>LOS PRIMEROS CASOS<\/strong><br>Entre los ocho carreros que rubricaron el acuerdo con la Municipalidad se encuentra el caso de un hombre que con el carro tirado por caballos realizaba tareas de reciclador, juntando cart\u00f3n y pl\u00e1stico, y tambi\u00e9n hac\u00eda traslado de escombros.<\/p>\n\n\n\n<p>Ahora dejar\u00e1 atr\u00e1s esas labores y comenzar\u00e1 un emprendimiento en el rubro panader\u00eda, ya que su esposa tiene conocimientos de elaboraci\u00f3n de panificados.<\/p>\n\n\n\n<p>Otras tres personas que antes tambi\u00e9n hac\u00edan de recicladores ahora tendr\u00e1n emprendimientos en el sector gastron\u00f3mico y en jardiner\u00eda.<\/p>\n","protected":false},"excerpt":{"rendered":"<p>El programa implica que los carreros hagan entrega de los caballos, a quienes se rescata y lleva a un predio proteccionista. La ciudad, a cambio, colabora en el inicio de&hellip; <\/p>\n","protected":false},"author":4,"featured_media":165573,"comment_status":"closed","ping_status":"open","sticky":false,"template":"","format":"standard","meta":{"footnotes":""},"categories":[3],"tags":[],"class_list":["post-165572","post","type-post","status-publish","format-standard","has-post-thumbnail","hentry","category-politica"],"_links":{"self":[{"href":"https:\/\/corrientesdetarde.com\/index.php\/wp-json\/wp\/v2\/posts\/165572","targetHints":{"allow":["GET"]}}],"collection":[{"href":"https:\/\/corrientesdetarde.com\/index.php\/wp-json\/wp\/v2\/posts"}],"about":[{"href":"https:\/\/corrientesdetarde.com\/index.php\/wp-json\/wp\/v2\/types\/post"}],"author":[{"embeddable":true,"href":"https:\/\/corrientesdetarde.com\/index.php\/wp-json\/wp\/v2\/users\/4"}],"replies":[{"embeddable":true,"href":"https:\/\/corrientesdetarde.com\/index.php\/wp-json\/wp\/v2\/comments?post=165572"}],"version-history":[{"count":1,"href":"https:\/\/corrientesdetarde.com\/index.php\/wp-json\/wp\/v2\/posts\/165572\/revisions"}],"predecessor-version":[{"id":165574,"href":"https:\/\/corrientesdetarde.com\/index.php\/wp-json\/wp\/v2\/posts\/165572\/revisions\/165574"}],"wp:featuredmedia":[{"embeddable":true,"href":"https:\/\/corrientesdetarde.com\/index.php\/wp-json\/wp\/v2\/media\/165573"}],"wp:attachment":[{"href":"https:\/\/corrientesdetarde.com\/index.php\/wp-json\/wp\/v2\/media?parent=165572"}],"wp:term":[{"taxonomy":"category","embeddable":true,"href":"https:\/\/corrientesdetarde.com\/index.php\/wp-json\/wp\/v2\/categories?post=165572"},{"taxonomy":"post_tag","embeddable":true,"href":"https:\/\/corrientesdetarde.com\/index.php\/wp-json\/wp\/v2\/tags?post=165572"}],"curies":[{"name":"wp","href":"https:\/\/api.w.org\/{rel}","templated":true}]}}