{"id":165578,"date":"2024-09-11T22:58:55","date_gmt":"2024-09-12T01:58:55","guid":{"rendered":"https:\/\/corrientesdetarde.com\/?p=165578"},"modified":"2024-09-11T22:59:07","modified_gmt":"2024-09-12T01:59:07","slug":"junto-a-su-equipo-cardozo-analizo-estrategias-y-objetivos-de-la-gestion","status":"publish","type":"post","link":"https:\/\/corrientesdetarde.com\/index.php\/actualidad\/junto-a-su-equipo-cardozo-analizo-estrategias-y-objetivos-de-la-gestion\/","title":{"rendered":"Junto a su equipo, Cardozo analiz\u00f3 estrategias y objetivos de la gesti\u00f3n"},"content":{"rendered":"\n<p><em>El ministro Ricardo Cardozo encabez\u00f3 este mi\u00e9rcoles un encuentro de Gabinete junto a funcionarios de distintas \u00e1reas. Se evaluaron acciones y avanzaron en la planificaci\u00f3n para lo que resta del a\u00f1o.<\/em><\/p>\n\n\n\n<p>El ministro de Salud P\u00fablica de la Provincia, Ricardo Cardozo, reuni\u00f3 este mi\u00e9rcoles a su Gabinete en la Sala de Situaci\u00f3n de dicha instituci\u00f3n. Participaron subsecretarios y directores del nivel central.<\/p>\n\n\n\n<figure class=\"wp-block-image size-large\"><img loading=\"lazy\" decoding=\"async\" width=\"1024\" height=\"441\" src=\"https:\/\/corrientesdetarde.com\/wp-content\/uploads\/2024\/09\/image-404-1024x441.png\" alt=\"\" class=\"wp-image-165579\" srcset=\"https:\/\/corrientesdetarde.com\/wp-content\/uploads\/2024\/09\/image-404-1024x441.png 1024w, https:\/\/corrientesdetarde.com\/wp-content\/uploads\/2024\/09\/image-404-300x129.png 300w, https:\/\/corrientesdetarde.com\/wp-content\/uploads\/2024\/09\/image-404-768x331.png 768w, https:\/\/corrientesdetarde.com\/wp-content\/uploads\/2024\/09\/image-404.png 1231w\" sizes=\"auto, (max-width: 1024px) 100vw, 1024px\" \/><\/figure>\n\n\n\n<p>&#8220;Nos reunimos con todas las \u00e1reas, tratamos temas generales de la conducci\u00f3n y del rumbo del Ministerio e hicimos hincapi\u00e9 en dos o tres temas fundamentales: uno de ellos fue el financiamiento de los gastos de salud p\u00fablica. Otros, como ser maternidad e infancia, recursos humanos en toda la Provincia, y la estrategia para el probable brote de Dengue de fin de a\u00f1o&#8221;, precis\u00f3&nbsp;Ricardo Cardozo.<\/p>\n\n\n\n<p>Asimismo, dijo que &#8220;en el cap\u00edtulo de financiamiento se trat\u00f3 la cobertura que hace la Provincia de lo que la Naci\u00f3n dej\u00f3 de cubrir a trav\u00e9s del programa Incluir, fundamentalmente medicamentos y procedimientos. Por un lado, di\u00e1lisis que antes se encargaba Incluir y ahora la Provincia, despu\u00e9s medicamentos de altos costos de diferentes especialidades m\u00e9dicas que pueden ser para Inmunolog\u00eda, Oncolog\u00eda, Cardiopat\u00edas, Enfermedades Cr\u00f3nicas no Transmisibles&#8221;.<\/p>\n\n\n\n<p>&#8220;Nosotros estamos gastando cerca de mil millones por mes para cubrir el monto de los medicamentos que la Naci\u00f3n dej\u00f3 de enviar a Incluir. Es importante resaltar el esfuerzo que el Gobierno provincial est\u00e1 haciendo en ese sentido&#8221;, sostuvo.<\/p>\n\n\n\n<p>Continu\u00f3 comentando que &#8220;esto se da conforme con el esfuerzo y el trabajo de todas las \u00e1reas, del compromiso que tenemos con el Gobierno de Gustavo Vald\u00e9s. Por supuesto, ped\u00ed mayor esfuerzo y aumentar el sacrificio para seguir dando respuesta adecuada a la poblaci\u00f3n en cuanto a la salud p\u00fablica&#8221;.<\/p>\n\n\n\n<p>&#8220;Como siempre lo remarco, nuestra gesti\u00f3n est\u00e1 abierta a propuestas e inquietudes. Conozco la capacidad de todos mis funcionarios y estoy convencido de que van a continuar acercando proyectos y soluciones a todo lo que significa gestionar la salud de la Provincia\u201d, finaliz\u00f3 el Ministro.<\/p>\n","protected":false},"excerpt":{"rendered":"<p>El ministro Ricardo Cardozo encabez\u00f3 este mi\u00e9rcoles un encuentro de Gabinete junto a funcionarios de distintas \u00e1reas. Se evaluaron acciones y avanzaron en la planificaci\u00f3n para lo que resta del&hellip; <\/p>\n","protected":false},"author":4,"featured_media":165580,"comment_status":"closed","ping_status":"open","sticky":false,"template":"","format":"standard","meta":{"footnotes":""},"categories":[23],"tags":[],"class_list":["post-165578","post","type-post","status-publish","format-standard","has-post-thumbnail","hentry","category-actualidad"],"_links":{"self":[{"href":"https:\/\/corrientesdetarde.com\/index.php\/wp-json\/wp\/v2\/posts\/165578","targetHints":{"allow":["GET"]}}],"collection":[{"href":"https:\/\/corrientesdetarde.com\/index.php\/wp-json\/wp\/v2\/posts"}],"about":[{"href":"https:\/\/corrientesdetarde.com\/index.php\/wp-json\/wp\/v2\/types\/post"}],"author":[{"embeddable":true,"href":"https:\/\/corrientesdetarde.com\/index.php\/wp-json\/wp\/v2\/users\/4"}],"replies":[{"embeddable":true,"href":"https:\/\/corrientesdetarde.com\/index.php\/wp-json\/wp\/v2\/comments?post=165578"}],"version-history":[{"count":1,"href":"https:\/\/corrientesdetarde.com\/index.php\/wp-json\/wp\/v2\/posts\/165578\/revisions"}],"predecessor-version":[{"id":165581,"href":"https:\/\/corrientesdetarde.com\/index.php\/wp-json\/wp\/v2\/posts\/165578\/revisions\/165581"}],"wp:featuredmedia":[{"embeddable":true,"href":"https:\/\/corrientesdetarde.com\/index.php\/wp-json\/wp\/v2\/media\/165580"}],"wp:attachment":[{"href":"https:\/\/corrientesdetarde.com\/index.php\/wp-json\/wp\/v2\/media?parent=165578"}],"wp:term":[{"taxonomy":"category","embeddable":true,"href":"https:\/\/corrientesdetarde.com\/index.php\/wp-json\/wp\/v2\/categories?post=165578"},{"taxonomy":"post_tag","embeddable":true,"href":"https:\/\/corrientesdetarde.com\/index.php\/wp-json\/wp\/v2\/tags?post=165578"}],"curies":[{"name":"wp","href":"https:\/\/api.w.org\/{rel}","templated":true}]}}