{"id":165582,"date":"2024-09-11T23:00:52","date_gmt":"2024-09-12T02:00:52","guid":{"rendered":"https:\/\/corrientesdetarde.com\/?p=165582"},"modified":"2024-09-11T23:01:03","modified_gmt":"2024-09-12T02:01:03","slug":"la-provincia-brindo-charla-sobre-seguridad-ciudadana-en-el-barrio-quilmes","status":"publish","type":"post","link":"https:\/\/corrientesdetarde.com\/index.php\/sociales\/la-provincia-brindo-charla-sobre-seguridad-ciudadana-en-el-barrio-quilmes\/","title":{"rendered":"La Provincia brind\u00f3 charla sobre Seguridad Ciudadana en el barrio Quilmes"},"content":{"rendered":"\n<p>En conjunto, los Ministerios de Desarrollo Social y Seguridad, a trav\u00e9s de la Subsecretar\u00eda&nbsp;de Seguridad Ciudadana, realizaron este mi\u00e9rcoles una charla en el Comedor 49 &#8220;Sagrada Familia&#8221; del barrio Quilmes en la ciudad de Corrientes. La tem\u00e1tica fue acerca de &#8220;Seguridad Ciudadana&#8221;.<\/p>\n\n\n\n<p>En este marco se encontraban presentes el subsecretario&nbsp;de Seguridad Ciudadana, Oscar Mart\u00ednez; y el director&nbsp;de Seguridad Alimentaria del Ministerio de Desarrollo Social, Lucas Carballo. La charla estuvo dirigida a los vecinos del barrio interesados en participar y cont\u00f3 con la asistencia tambi\u00e9n&nbsp;de las distintas fuerzas policiales locales.<\/p>\n\n\n\n<p>Durante la jornada, se plantearon diversas problem\u00e1ticas que afectan a la comunidad, brindando un espacio para compartir informaci\u00f3n y estrategias para mejorar la seguridad y el bienestar del barrio.<\/p>\n\n\n\n<figure class=\"wp-block-image size-full\"><img loading=\"lazy\" decoding=\"async\" width=\"680\" height=\"894\" src=\"https:\/\/corrientesdetarde.com\/wp-content\/uploads\/2024\/09\/image-405.png\" alt=\"\" class=\"wp-image-165583\" srcset=\"https:\/\/corrientesdetarde.com\/wp-content\/uploads\/2024\/09\/image-405.png 680w, https:\/\/corrientesdetarde.com\/wp-content\/uploads\/2024\/09\/image-405-228x300.png 228w\" sizes=\"auto, (max-width: 680px) 100vw, 680px\" \/><\/figure>\n\n\n\n<figure class=\"wp-block-image size-full\"><img loading=\"lazy\" decoding=\"async\" width=\"684\" height=\"901\" src=\"https:\/\/corrientesdetarde.com\/wp-content\/uploads\/2024\/09\/image-406.png\" alt=\"\" class=\"wp-image-165584\" srcset=\"https:\/\/corrientesdetarde.com\/wp-content\/uploads\/2024\/09\/image-406.png 684w, https:\/\/corrientesdetarde.com\/wp-content\/uploads\/2024\/09\/image-406-228x300.png 228w\" sizes=\"auto, (max-width: 684px) 100vw, 684px\" \/><\/figure>\n\n\n\n<figure class=\"wp-block-image size-full\"><img loading=\"lazy\" decoding=\"async\" width=\"682\" height=\"903\" src=\"https:\/\/corrientesdetarde.com\/wp-content\/uploads\/2024\/09\/image-407.png\" alt=\"\" class=\"wp-image-165585\" srcset=\"https:\/\/corrientesdetarde.com\/wp-content\/uploads\/2024\/09\/image-407.png 682w, https:\/\/corrientesdetarde.com\/wp-content\/uploads\/2024\/09\/image-407-227x300.png 227w\" sizes=\"auto, (max-width: 682px) 100vw, 682px\" \/><\/figure>\n","protected":false},"excerpt":{"rendered":"<p>En conjunto, los Ministerios de Desarrollo Social y Seguridad, a trav\u00e9s de la Subsecretar\u00eda&nbsp;de Seguridad Ciudadana, realizaron este mi\u00e9rcoles una charla en el Comedor 49 &#8220;Sagrada Familia&#8221; del barrio Quilmes&hellip; <\/p>\n","protected":false},"author":4,"featured_media":165586,"comment_status":"closed","ping_status":"open","sticky":false,"template":"","format":"standard","meta":{"footnotes":""},"categories":[17],"tags":[],"class_list":["post-165582","post","type-post","status-publish","format-standard","has-post-thumbnail","hentry","category-sociales"],"_links":{"self":[{"href":"https:\/\/corrientesdetarde.com\/index.php\/wp-json\/wp\/v2\/posts\/165582","targetHints":{"allow":["GET"]}}],"collection":[{"href":"https:\/\/corrientesdetarde.com\/index.php\/wp-json\/wp\/v2\/posts"}],"about":[{"href":"https:\/\/corrientesdetarde.com\/index.php\/wp-json\/wp\/v2\/types\/post"}],"author":[{"embeddable":true,"href":"https:\/\/corrientesdetarde.com\/index.php\/wp-json\/wp\/v2\/users\/4"}],"replies":[{"embeddable":true,"href":"https:\/\/corrientesdetarde.com\/index.php\/wp-json\/wp\/v2\/comments?post=165582"}],"version-history":[{"count":1,"href":"https:\/\/corrientesdetarde.com\/index.php\/wp-json\/wp\/v2\/posts\/165582\/revisions"}],"predecessor-version":[{"id":165587,"href":"https:\/\/corrientesdetarde.com\/index.php\/wp-json\/wp\/v2\/posts\/165582\/revisions\/165587"}],"wp:featuredmedia":[{"embeddable":true,"href":"https:\/\/corrientesdetarde.com\/index.php\/wp-json\/wp\/v2\/media\/165586"}],"wp:attachment":[{"href":"https:\/\/corrientesdetarde.com\/index.php\/wp-json\/wp\/v2\/media?parent=165582"}],"wp:term":[{"taxonomy":"category","embeddable":true,"href":"https:\/\/corrientesdetarde.com\/index.php\/wp-json\/wp\/v2\/categories?post=165582"},{"taxonomy":"post_tag","embeddable":true,"href":"https:\/\/corrientesdetarde.com\/index.php\/wp-json\/wp\/v2\/tags?post=165582"}],"curies":[{"name":"wp","href":"https:\/\/api.w.org\/{rel}","templated":true}]}}