{"id":165588,"date":"2024-09-11T23:08:06","date_gmt":"2024-09-12T02:08:06","guid":{"rendered":"https:\/\/corrientesdetarde.com\/?p=165588"},"modified":"2024-09-11T23:08:18","modified_gmt":"2024-09-12T02:08:18","slug":"milei-elogio-a-los-87-diputados-que-blindaron-el-veto-a-las-jubilaciones-heroes","status":"publish","type":"post","link":"https:\/\/corrientesdetarde.com\/index.php\/politica\/milei-elogio-a-los-87-diputados-que-blindaron-el-veto-a-las-jubilaciones-heroes\/","title":{"rendered":"MILEI ELOGI\u00d3 A LOS 87 DIPUTADOS QUE BLINDARON EL VETO A LAS JUBILACIONES: \u201cH\u00c9ROES\u201d"},"content":{"rendered":"\n<p>(Pablo Roma, Congreso Nacional) &#8211; El presidente de la Naci\u00f3n, Javier Milei, utiliz\u00f3 la red social X para elogiar a los 87 diputados libertarios y de la oposici\u00f3n dialoguista que respaldaron el veto presidencial a la nueva f\u00f3rmula jubilatoria. &#8220;Rechazaron el aumento del gasto p\u00fablico&#8221;, afirm\u00f3 Milei, y agreg\u00f3: &#8220;Hoy, 87 h\u00e9roes le pusieron un freno a los degenerados fiscales que intentaron destruir el super\u00e1vit fiscal que los argentinos con tanto esfuerzo logramos conseguir&#8221;.<\/p>\n\n\n\n<p>Este mi\u00e9rcoles, la C\u00e1mara de Diputados logr\u00f3 blindar el veto de Milei con 153 votos positivos, 87 negativos, 8 abstenciones y 8 ausentes. La conversi\u00f3n de 7 diputados de la Uni\u00f3n C\u00edvica Radical (UCR) fue clave para que La Libertad Avanza (LLA) impidiera que la oposici\u00f3n alcanzara los dos tercios necesarios para insistir en la aprobaci\u00f3n de la f\u00f3rmula jubilatoria.<\/p>\n\n\n\n<p>En este contexto, Milei denunci\u00f3: &#8220;Evidentemente, los pol\u00edticos siguen pensando que los argentinos somos tontos y no vemos sus malintencionadas maniobras para voltear a un gobierno que, por primera vez, elige decirle a los argentinos una verdad inc\u00f3moda en lugar de una mentira confortable&#8221;. Afirm\u00f3, adem\u00e1s, que &#8220;el d\u00e9ficit cero es innegociable&#8221;.<\/p>\n\n\n\n<p>La Oficina del Presidente tambi\u00e9n destac\u00f3 &#8220;la labor patri\u00f3tica&#8221; de los 87 diputados nacionales &#8220;que impidieron a un grupo de irresponsables adoptar medidas populistas que habr\u00edan quebrado las arcas p\u00fablicas&#8221;. Desde la entidad a\u00f1adieron que el objetivo del veto presidencial era &#8220;evitar la destrucci\u00f3n del super\u00e1vit fiscal, un compromiso que tanto esfuerzo le ha costado a los argentinos alcanzar y que otros gobiernos no lograron durante su mandato&#8221;.<\/p>\n\n\n\n<p>Adem\u00e1s, se explic\u00f3 que &#8220;un d\u00e9ficit fiscal perpetuo lleva al colapso de una Naci\u00f3n; cuando el gasto supera la recaudaci\u00f3n, no hay otra manera de solventarlo que aumentando los impuestos, emitiendo dinero y generando inflaci\u00f3n, o tomando deuda que implica inflaci\u00f3n para las futuras generaciones&#8221;. Por eso, advirtieron: &#8220;Este gobierno no promover\u00e1 ninguna medida que genere inflaci\u00f3n, un mayor peso tributario para los argentinos o una deuda insostenible que comprometa el futuro de los m\u00e1s j\u00f3venes&#8221;.<\/p>\n\n\n\n<p>En referencia a posibles medidas futuras, la Oficina del Presidente asegur\u00f3: &#8220;Cualquier incremento en el gasto que comprometa el equilibrio fiscal se encontrar\u00e1 con un muro innegociable en este Presidente y en 87 patriotas del Poder Legislativo&#8221;. Y anticiparon: &#8220;Si es necesario, les vamos a vetar todo&#8221;, en alusi\u00f3n a la posible actualizaci\u00f3n del presupuesto universitario que se debatir\u00e1 en el Senado en las pr\u00f3ximas semanas.<\/p>\n\n\n\n<p>Veto de Milei: detalles de la f\u00f3rmula jubilatoria<\/p>\n\n\n\n<p>El proyecto que se sancion\u00f3 en la C\u00e1mara de Senadores la semana pasada establece una actualizaci\u00f3n mensual de la f\u00f3rmula jubilatoria basada en el \u00cdndice de Precios al Consumidor (IPC) y la Remuneraci\u00f3n Imponible Promedio de los Trabajadores Estables (RIPTE). Adem\u00e1s, contempla una compensaci\u00f3n extra del 8,1% debido a que el incremento del 12,5% otorgado previamente por la administraci\u00f3n libertaria no cubri\u00f3 el 20,6% de inflaci\u00f3n registrado en enero pasado, as\u00ed como una recomposici\u00f3n de los fondos jubilatorios adeudados a las provincias por un total de $703.515 millones.<\/p>\n\n\n\n<p>La nueva f\u00f3rmula tambi\u00e9n garantiza que el haber m\u00ednimo cubra la canasta b\u00e1sica del adulto mayor. Durante el debate, el oficialismo propuso que la aplicaci\u00f3n de la nueva f\u00f3rmula de movilidad jubilatoria sea a partir de julio para mitigar el impacto en las cuentas p\u00fablicas. Sin embargo, la oposici\u00f3n logr\u00f3 imponer su exigencia de que se aplique retroactivamente desde febrero.<\/p>\n","protected":false},"excerpt":{"rendered":"<p>(Pablo Roma, Congreso Nacional) &#8211; El presidente de la Naci\u00f3n, Javier Milei, utiliz\u00f3 la red social X para elogiar a los 87 diputados libertarios y de la oposici\u00f3n dialoguista que&hellip; <\/p>\n","protected":false},"author":11,"featured_media":165590,"comment_status":"closed","ping_status":"open","sticky":false,"template":"","format":"standard","meta":{"footnotes":""},"categories":[26,3],"tags":[],"class_list":["post-165588","post","type-post","status-publish","format-standard","has-post-thumbnail","hentry","category-destacados","category-politica"],"_links":{"self":[{"href":"https:\/\/corrientesdetarde.com\/index.php\/wp-json\/wp\/v2\/posts\/165588","targetHints":{"allow":["GET"]}}],"collection":[{"href":"https:\/\/corrientesdetarde.com\/index.php\/wp-json\/wp\/v2\/posts"}],"about":[{"href":"https:\/\/corrientesdetarde.com\/index.php\/wp-json\/wp\/v2\/types\/post"}],"author":[{"embeddable":true,"href":"https:\/\/corrientesdetarde.com\/index.php\/wp-json\/wp\/v2\/users\/11"}],"replies":[{"embeddable":true,"href":"https:\/\/corrientesdetarde.com\/index.php\/wp-json\/wp\/v2\/comments?post=165588"}],"version-history":[{"count":2,"href":"https:\/\/corrientesdetarde.com\/index.php\/wp-json\/wp\/v2\/posts\/165588\/revisions"}],"predecessor-version":[{"id":165592,"href":"https:\/\/corrientesdetarde.com\/index.php\/wp-json\/wp\/v2\/posts\/165588\/revisions\/165592"}],"wp:featuredmedia":[{"embeddable":true,"href":"https:\/\/corrientesdetarde.com\/index.php\/wp-json\/wp\/v2\/media\/165590"}],"wp:attachment":[{"href":"https:\/\/corrientesdetarde.com\/index.php\/wp-json\/wp\/v2\/media?parent=165588"}],"wp:term":[{"taxonomy":"category","embeddable":true,"href":"https:\/\/corrientesdetarde.com\/index.php\/wp-json\/wp\/v2\/categories?post=165588"},{"taxonomy":"post_tag","embeddable":true,"href":"https:\/\/corrientesdetarde.com\/index.php\/wp-json\/wp\/v2\/tags?post=165588"}],"curies":[{"name":"wp","href":"https:\/\/api.w.org\/{rel}","templated":true}]}}