{"id":165594,"date":"2024-09-11T23:12:13","date_gmt":"2024-09-12T02:12:13","guid":{"rendered":"https:\/\/corrientesdetarde.com\/?p=165594"},"modified":"2024-09-11T23:12:14","modified_gmt":"2024-09-12T02:12:14","slug":"cultura-portena-para-todos-los-gustos-y-edades","status":"publish","type":"post","link":"https:\/\/corrientesdetarde.com\/index.php\/cultura\/cultura-portena-para-todos-los-gustos-y-edades\/","title":{"rendered":"CULTURA PORTE\u00d1A PARA TODOS LOS GUSTOS Y EDADES"},"content":{"rendered":"\n<p>(Bel\u00e9n Papa Orfano para CDT) &#8211; Este fin de semana la cita art\u00edstica es un emblem\u00e1tico edificio de Barracas donde se respira arte por todos los pasillos. Adem\u00e1s, una propuesta cinematogr\u00e1fica para conocer el mundo de la Nouvelle Vague y las \u00faltimas semanas para visitar la sala inmersiva de El Principito en el CCK.<\/p>\n\n\n\n<p>ARTE<br>Este jueves 12 y viernes 13 de septiembre se llevar\u00e1 a cabo el evento Talleres abiertos de par en Park, en el m\u00edtico edificio de Barracas.<br>En esta oportunidad el correntino nacido en Goya, Eduardo Ocantos, presenta en su estudio en el Central Park una retrospectiva de sus colecciones de los \u00faltimos 15 a\u00f1os con las cuales ha recorrido las semanas de la moda de todo el mundo.<br>Se podr\u00e1 visitar el taller el jueves de 18.30 a 20 horas y el viernes de 17 a 21 horas.<br>Central Park Barracas \u2013 California 2000.<br>M\u00daSICA<br>Bajo la direcci\u00f3n de Ezequiel Silberstein, la Orquesta Nacional de M\u00fasica Argentina \u201cJuan de Dios Filiberto\u201d ofrece en el CCK un concierto especial en homenaje a una de las bandas fundamentales del rock nacional, Almendra.<br>Almendra (1969), primer disco del legendario grupo integrado por Luis Alberto Spinetta, Emilio Del Guercio, Edelmiro Molinari y Rodolfo Garc\u00eda, se escuchar\u00e1 completo y en formato sinf\u00f3nico, con arreglos y orquestaciones de Juan \u201cPollo\u201d Raffo y la participaci\u00f3n de grandes invitados.<br>Pasar\u00e1n por el escenario el ex Almendra Emilio Del Guercio; Mariana Bianchini, cantante de Panza, y Rub\u00e9n Gold\u00edn, uno de los grandes referentes de la trova rosarina.<br>El concierto ser\u00e1 el viernes 13 de septiembre, a las 20 horas. Las entradas son gratuitas y se reserva en la web del CCK.<br>CCK \u2013 Sarmiento 151<br>TEATRO<br>En un nuevo encuentro del ciclo Conciertos del mediod\u00eda del Mozarteum Argentino, la pianista Fernanda Morello y el actor Marcos Montes interpretan Mi querido se\u00f1or Mozart, \u201csinfon\u00eda concertante para piano y actor\u201d con dramaturgia y direcci\u00f3n de Jos\u00e9 Militano.<br>La obra explora el v\u00ednculo art\u00edstico y afectivo entre W. A. Mozart y su estudiante predilecta, Barbara Ployer, quien inspir\u00f3 el Concierto para piano en sol mayor K. 453.<br>La cita es este jueves 12 de septiembre a las 14, es gratuita y no requiere reserva de entradas. El ingreso es por orden de llegada, hasta agotar la capacidad del espacio.<br>CINE<br>La Asociaci\u00f3n Amigos del Museo de Bellas Artes ofrece durante todo septiembre un ciclo de cine dedicado a la Nouvelle Vague, el movimiento cinematogr\u00e1fico nacido en Francia despu\u00e9s de la Segunda Guerra Mundial.<br>Este s\u00e1bado 14 de septiembre, a las 18, se proyectar\u00e1 Los paraguas de Cherburgo, la obra de la Nouvelle Vague que muestra otra lado del movimiento, la apelaci\u00f3n a la artificialidad extrema.<br>En Los paraguas de Cherburgo Jacques Demy hace que todos los personajes, en todo momento, canten (incluso los di\u00e1logos m\u00e1s anodinos o menos l\u00edricos, como el estado de un motor reci\u00e9n arreglado); hace saturar la puesta en escena con colores brillantes y hace retorcer las l\u00edneas del melodrama hasta lo indecible. Y aunque todo simula un cuento de hadas triste (y en m\u00e1s de una escena se subraya tal analog\u00eda), debajo aparece la iron\u00eda de mostrar c\u00f3mo es la manipulaci\u00f3n cinematogr\u00e1fica<br>Asociaci\u00f3n Amigos del Museo Nacional de Bellas Artes &#8211; Av. Pdte. Figueroa Alcorta 2270<br>PARA LOS M\u00c1S CHICOS<br>La sala inmersiva del CCK proyectar\u00e1 hasta fin de mes su propuesta sobre El Principito. Se trata de una experiencia audiovisual original y especialmente realizada para toda la familia, basada en el particular mundo que cre\u00f3 Saint-Exup\u00e9ry.<br>Mediante proyecciones 360\u00ba y un sonido envolvente, las animaciones y m\u00fasicas de esta propuesta nos sumergen en un universo en el que los paisajes e historias del personaje cobran vida.<br>La sala se habilita de jueves a domingos, de 14 a 20 horas. Entrada gratuita, sin reserva.<br>CCK \u2013 Sarmiento 151.<\/p>\n","protected":false},"excerpt":{"rendered":"<p>(Bel\u00e9n Papa Orfano para CDT) &#8211; Este fin de semana la cita art\u00edstica es un emblem\u00e1tico edificio de Barracas donde se respira arte por todos los pasillos. Adem\u00e1s, una propuesta&hellip; <\/p>\n","protected":false},"author":11,"featured_media":165599,"comment_status":"closed","ping_status":"open","sticky":false,"template":"","format":"standard","meta":{"footnotes":""},"categories":[15],"tags":[],"class_list":["post-165594","post","type-post","status-publish","format-standard","has-post-thumbnail","hentry","category-cultura"],"_links":{"self":[{"href":"https:\/\/corrientesdetarde.com\/index.php\/wp-json\/wp\/v2\/posts\/165594","targetHints":{"allow":["GET"]}}],"collection":[{"href":"https:\/\/corrientesdetarde.com\/index.php\/wp-json\/wp\/v2\/posts"}],"about":[{"href":"https:\/\/corrientesdetarde.com\/index.php\/wp-json\/wp\/v2\/types\/post"}],"author":[{"embeddable":true,"href":"https:\/\/corrientesdetarde.com\/index.php\/wp-json\/wp\/v2\/users\/11"}],"replies":[{"embeddable":true,"href":"https:\/\/corrientesdetarde.com\/index.php\/wp-json\/wp\/v2\/comments?post=165594"}],"version-history":[{"count":1,"href":"https:\/\/corrientesdetarde.com\/index.php\/wp-json\/wp\/v2\/posts\/165594\/revisions"}],"predecessor-version":[{"id":165600,"href":"https:\/\/corrientesdetarde.com\/index.php\/wp-json\/wp\/v2\/posts\/165594\/revisions\/165600"}],"wp:featuredmedia":[{"embeddable":true,"href":"https:\/\/corrientesdetarde.com\/index.php\/wp-json\/wp\/v2\/media\/165599"}],"wp:attachment":[{"href":"https:\/\/corrientesdetarde.com\/index.php\/wp-json\/wp\/v2\/media?parent=165594"}],"wp:term":[{"taxonomy":"category","embeddable":true,"href":"https:\/\/corrientesdetarde.com\/index.php\/wp-json\/wp\/v2\/categories?post=165594"},{"taxonomy":"post_tag","embeddable":true,"href":"https:\/\/corrientesdetarde.com\/index.php\/wp-json\/wp\/v2\/tags?post=165594"}],"curies":[{"name":"wp","href":"https:\/\/api.w.org\/{rel}","templated":true}]}}