{"id":165596,"date":"2024-09-11T23:11:44","date_gmt":"2024-09-12T02:11:44","guid":{"rendered":"https:\/\/corrientesdetarde.com\/?p=165596"},"modified":"2024-09-11T23:11:56","modified_gmt":"2024-09-12T02:11:56","slug":"la-inflacion-de-agosto-fue-de-42-y-acumulo-un-alza-de-948-en-lo-que-va-del-ano-2","status":"publish","type":"post","link":"https:\/\/corrientesdetarde.com\/index.php\/economia\/la-inflacion-de-agosto-fue-de-42-y-acumulo-un-alza-de-948-en-lo-que-va-del-ano-2\/","title":{"rendered":"La inflaci\u00f3n de agosto fue de 4,2% y acumul\u00f3 un alza de 94,8% en lo que va del a\u00f1o"},"content":{"rendered":"\n<p>La cifra mostr\u00f3 una aceleraci\u00f3n de 0,2 puntos porcentuales contra julio. En los \u00faltimos 12 meses, la variaci\u00f3n de precios fue de 236,7%.\u00a0<\/p>\n\n\n\n<p>La inflaci\u00f3n de agosto fue del 4,2% y acumul\u00f3 94,8% en lo que va del a\u00f1o, inform\u00f3 este mi\u00e9rcoles el INDEC. La variaci\u00f3n mensual mostr\u00f3 una aceleraci\u00f3n de 0,2 puntos porcentuales contra julio (4%). En la comparaci\u00f3n interanual, el incremento alcanz\u00f3 el 236,7%.<\/p>\n\n\n\n<p>El equipo econ\u00f3mico hab\u00eda logrado mostrar en julio el \u00edndice de precios al consumidor m\u00e1s bajo en lo que va del a\u00f1o, pero en agosto el n\u00famero rebot\u00f3 frente al piso de 4% que marc\u00f3 el mes pasado.<\/p>\n\n\n\n<p>La divisi\u00f3n de mayor aumento en el mes fue Vivienda, agua, electricidad y otros combustibles (7%) por las subas en Alquiler de la vivienda y gastos conexos, Suministro de agua y Electricidad, gas y otros combustibles. Le siguieron Educaci\u00f3n (6,6%) por el alza en los distintos niveles y tipos de ense\u00f1anza; y Transporte (5,1%) por las subas del boleto.<\/p>\n\n\n\n<p>Por su parte, la divisi\u00f3n con mayor incidencia en todas las regiones \u2013excepto en el Gran Buenos Aires\u2013 fue Alimentos y bebidas no alcoh\u00f3licas (3,6%), donde se destacaron en algunas regiones los aumentos de Carnes y derivados y, en otras, las subas en Verduras, tub\u00e9rculos y legumbres. En la regi\u00f3n GBA, la mayor incidencia la tuvo Transporte (5,1%) por los incrementos en la tarifa.<\/p>\n\n\n\n<p>Las dos divisiones que registraron las menores variaciones en agosto fueron Prendas de vestir y calzado (2,1%) y Bienes y servicios varios (2,3%). A nivel de las categor\u00edas, Regulados (5,9%) lider\u00f3 el incremento \u2013por las subas en las tarifas de servicios p\u00fablicos\u2013, seguida por el IPC N\u00facleo (4,1%), mientras que los Estacionales aumentaron un 1,5%.<\/p>\n\n\n\n<p>Cu\u00e1les fueron los sectores con mayores aumentos en los \u00faltimos 12 meses<br>El \u00edndice de precios al consumidor seg\u00fan su variaci\u00f3n interanual avanz\u00f3 236,7%. En los \u00faltimos 12 meses hubo seis rubros que aumentaron por encima del nivel general:<\/p>\n\n\n\n<p>Comunicaci\u00f3n: 320%.<br>Vivienda, agua, electricidad, gas y otros combustibles: 298,8%.<br>Bienes y servicios varios: 293,3%.<br>Transporte: 270,6%.<br>Salud: 244,5%.<br>Alimentos y bebidas no alcoh\u00f3licas: 236,9%.<\/p>\n","protected":false},"excerpt":{"rendered":"<p>La cifra mostr\u00f3 una aceleraci\u00f3n de 0,2 puntos porcentuales contra julio. En los \u00faltimos 12 meses, la variaci\u00f3n de precios fue de 236,7%.\u00a0 La inflaci\u00f3n de agosto fue del 4,2%&hellip; <\/p>\n","protected":false},"author":4,"featured_media":165597,"comment_status":"closed","ping_status":"open","sticky":false,"template":"","format":"standard","meta":{"footnotes":""},"categories":[20],"tags":[],"class_list":["post-165596","post","type-post","status-publish","format-standard","has-post-thumbnail","hentry","category-economia"],"_links":{"self":[{"href":"https:\/\/corrientesdetarde.com\/index.php\/wp-json\/wp\/v2\/posts\/165596","targetHints":{"allow":["GET"]}}],"collection":[{"href":"https:\/\/corrientesdetarde.com\/index.php\/wp-json\/wp\/v2\/posts"}],"about":[{"href":"https:\/\/corrientesdetarde.com\/index.php\/wp-json\/wp\/v2\/types\/post"}],"author":[{"embeddable":true,"href":"https:\/\/corrientesdetarde.com\/index.php\/wp-json\/wp\/v2\/users\/4"}],"replies":[{"embeddable":true,"href":"https:\/\/corrientesdetarde.com\/index.php\/wp-json\/wp\/v2\/comments?post=165596"}],"version-history":[{"count":1,"href":"https:\/\/corrientesdetarde.com\/index.php\/wp-json\/wp\/v2\/posts\/165596\/revisions"}],"predecessor-version":[{"id":165598,"href":"https:\/\/corrientesdetarde.com\/index.php\/wp-json\/wp\/v2\/posts\/165596\/revisions\/165598"}],"wp:featuredmedia":[{"embeddable":true,"href":"https:\/\/corrientesdetarde.com\/index.php\/wp-json\/wp\/v2\/media\/165597"}],"wp:attachment":[{"href":"https:\/\/corrientesdetarde.com\/index.php\/wp-json\/wp\/v2\/media?parent=165596"}],"wp:term":[{"taxonomy":"category","embeddable":true,"href":"https:\/\/corrientesdetarde.com\/index.php\/wp-json\/wp\/v2\/categories?post=165596"},{"taxonomy":"post_tag","embeddable":true,"href":"https:\/\/corrientesdetarde.com\/index.php\/wp-json\/wp\/v2\/tags?post=165596"}],"curies":[{"name":"wp","href":"https:\/\/api.w.org\/{rel}","templated":true}]}}