{"id":165601,"date":"2024-09-11T23:13:03","date_gmt":"2024-09-12T02:13:03","guid":{"rendered":"https:\/\/corrientesdetarde.com\/?p=165601"},"modified":"2024-09-11T23:13:15","modified_gmt":"2024-09-12T02:13:15","slug":"el-oficialismo-en-diputados-logro-dejar-firme-el-veto-de-milei-a-la-reforma-jubilatoria","status":"publish","type":"post","link":"https:\/\/corrientesdetarde.com\/index.php\/politica\/el-oficialismo-en-diputados-logro-dejar-firme-el-veto-de-milei-a-la-reforma-jubilatoria\/","title":{"rendered":"El oficialismo en Diputados logr\u00f3 dejar firme el veto de Milei a la reforma jubilatoria"},"content":{"rendered":"\n<p>La oposici\u00f3n no alcanz\u00f3 los dos tercios para revertir el veto de Javier Milei sobre el sistema jubilatorio aprobado en el Congreso en agosto.<\/p>\n\n\n\n<p>Mientras se produc\u00eda una movilizaci\u00f3n de jubilados junto a sindicatos (cuya manifestaci\u00f3n se escuchaba dentro del Congreso), la C\u00e1mara de Diputados debati\u00f3 el veto presidencial a la reforma jubilatoria. Las sucesivas reuniones de Javier Milei con bloques aliados del PRO y la UCR terminaron por constituir una jornada favorable para el Gobierno.<\/p>\n\n\n\n<p>La oposici\u00f3n alcanz\u00f3 una mayor\u00eda en la C\u00e1mara, pero para revertir el veto de Javier Milei se necesitaban 166 votos (dos tercios de los 248 legisladores presentes, dado que hubieron 9 ausentes) y el balance fue de 153 afirmativos, 87 negativos y 8 abstenciones. En ese marco, se mantiene vigente el actual sistema previsional establecido por decreto por el Gobierno en el mes de marzo.<\/p>\n\n\n\n<p>En el inicio de la sesi\u00f3n, se llev\u00f3 adelante la jura de la entrerriana Nancy Ballejos en lugar del radical Pedro Galimberti, quien renunci\u00f3 a su banca para hacerse cargo de la en la Comisi\u00f3n T\u00e9cnica Mixta de Salto Grande. Referenciada con Juntos por el Cambio, la flamante legisladora -abogada y funcionaria del Ministerio del Interior durante la gesti\u00f3n de Alberto Fern\u00e1ndez- podr\u00eda sumarse al bloque de Encuentro Federal o del PRO: en caso de que tome esta segunda v\u00eda, la bancada amarilla ser\u00eda la segunda mayoritaria.<\/p>\n\n\n\n<p>A su vez, los posteriores minutos ocurrieron con cr\u00edticas hacia la Presidencia de la C\u00e1mara -encabezada por Mart\u00edn Menem- por no haber convocado a una reuni\u00f3n de Labor Parlamentaria que imposibilit\u00f3 pautar previamente c\u00f3mo se iba a realizar la sesi\u00f3n. En ese marco, los diputados consensuaron establecer un top de tiempo en las intervenciones.<\/p>\n","protected":false},"excerpt":{"rendered":"<p>La oposici\u00f3n no alcanz\u00f3 los dos tercios para revertir el veto de Javier Milei sobre el sistema jubilatorio aprobado en el Congreso en agosto. Mientras se produc\u00eda una movilizaci\u00f3n de&hellip; <\/p>\n","protected":false},"author":4,"featured_media":165602,"comment_status":"closed","ping_status":"open","sticky":false,"template":"","format":"standard","meta":{"footnotes":""},"categories":[3],"tags":[],"class_list":["post-165601","post","type-post","status-publish","format-standard","has-post-thumbnail","hentry","category-politica"],"_links":{"self":[{"href":"https:\/\/corrientesdetarde.com\/index.php\/wp-json\/wp\/v2\/posts\/165601","targetHints":{"allow":["GET"]}}],"collection":[{"href":"https:\/\/corrientesdetarde.com\/index.php\/wp-json\/wp\/v2\/posts"}],"about":[{"href":"https:\/\/corrientesdetarde.com\/index.php\/wp-json\/wp\/v2\/types\/post"}],"author":[{"embeddable":true,"href":"https:\/\/corrientesdetarde.com\/index.php\/wp-json\/wp\/v2\/users\/4"}],"replies":[{"embeddable":true,"href":"https:\/\/corrientesdetarde.com\/index.php\/wp-json\/wp\/v2\/comments?post=165601"}],"version-history":[{"count":1,"href":"https:\/\/corrientesdetarde.com\/index.php\/wp-json\/wp\/v2\/posts\/165601\/revisions"}],"predecessor-version":[{"id":165603,"href":"https:\/\/corrientesdetarde.com\/index.php\/wp-json\/wp\/v2\/posts\/165601\/revisions\/165603"}],"wp:featuredmedia":[{"embeddable":true,"href":"https:\/\/corrientesdetarde.com\/index.php\/wp-json\/wp\/v2\/media\/165602"}],"wp:attachment":[{"href":"https:\/\/corrientesdetarde.com\/index.php\/wp-json\/wp\/v2\/media?parent=165601"}],"wp:term":[{"taxonomy":"category","embeddable":true,"href":"https:\/\/corrientesdetarde.com\/index.php\/wp-json\/wp\/v2\/categories?post=165601"},{"taxonomy":"post_tag","embeddable":true,"href":"https:\/\/corrientesdetarde.com\/index.php\/wp-json\/wp\/v2\/tags?post=165601"}],"curies":[{"name":"wp","href":"https:\/\/api.w.org\/{rel}","templated":true}]}}