{"id":165604,"date":"2024-09-11T23:18:29","date_gmt":"2024-09-12T02:18:29","guid":{"rendered":"https:\/\/corrientesdetarde.com\/?p=165604"},"modified":"2024-09-11T23:19:43","modified_gmt":"2024-09-12T02:19:43","slug":"marcelo-puella-bullrich-siente-un-goce-que-la-lleva-a-demostrar-el-poder-que-tiene","status":"publish","type":"post","link":"https:\/\/corrientesdetarde.com\/index.php\/politica\/marcelo-puella-bullrich-siente-un-goce-que-la-lleva-a-demostrar-el-poder-que-tiene\/","title":{"rendered":"MARCELO PUELLA: &#8220;BULLRICH SIENTE UN GOCE QUE LA LLEVA A DEMOSTRAR EL PODER QUE TIENE&#8221;"},"content":{"rendered":"\n<p>El Presidente del Frente Nacional de Agrupaciones Peronistas (FRENAP), Marcelo Puella, pas\u00f3 por &#8220;El Arranque&#8221; en Radio Zonica y analiz\u00f3 la coyuntura del pa\u00eds.<\/p>\n\n\n\n<p>&#8220;El Peronismo es una forma de vida. El Peronismo es la ant\u00edtesis a esto que se est\u00e1 viviendo. Nosotros, a quienes nos corre el Peronismo por la sangre, estamos sufriendo la realidad. Esto lo sufrimos, no lo dejamos en la puerta de casa. Por momentos nos quebramos, ah\u00ed hablo en nombre de Marcelo Cuellar. Trato de evitar ver cosas que me hacen caer una l\u00e1grima. Veo mucha gente en situaci\u00f3n de calle, muchos abuelos que ya no pueden comprar un remedio. Veo gente que ya no puede comer. Veo m\u00e1s gente que se ha ca\u00eddo del sistema. Hoy no ves gente pidiendo por la calle, como ve\u00edas antes. Antes te ve\u00edan y te ped\u00edan si ten\u00edas algo para dar. Ahora te dicen \u00b4por favor\u00b4 o \u00b4disculpe\u00b4, te das cuenta que es gente que se cay\u00f3 del sistema&#8221;, se\u00f1ala Marcelo Puella, voz autorizada en la lectura de la realidad, desde su lugar de referencia principal en el FRENAP. Adem\u00e1s, sostuvo que &#8220;el Peronismo tiene en una de sus columnas vertebrales a la justicia social, y este gobierno est\u00e1 gobernando sin justicia social. Estamos tocando lo m\u00e1s sensible, han cruzado una l\u00ednea muy delgada que fue meterse con nuestros jubilados y nuestros abuelos. Creo que ese era el l\u00edmite. Ya haberse metido con nuestra universidad p\u00fablica fue grave. Haberse metido con el bolsillo del trabajador. Haberse metido con el trabajo porque cada vez hay m\u00e1s gente desocupada. Hay gente que cay\u00f3 en la pobreza y hay gente que estaba en la pobreza y cay\u00f3 en la indigencia&#8221;. &#8220;Eso al Peronismo le hace mucho da\u00f1o, en consecuencia estamos trabajando para ver c\u00f3mo generamos una alternativa de cambio, y para eso tenemos que tomar la conducci\u00f3n del partido, por sobre todas las cosas, es decir, ordenarnos. Creo que el que vot\u00f3 a Milei pens\u00f3 que las balas de las que hablaba el presidente nunca le iban a tocar a \u00e9l. Pensaba que el recorte era para la casta, para la clase pol\u00edtica&#8221;, asegur\u00f3 Puella. &#8220;Nunca se pens\u00f3 que alguien podr\u00eda recibir 160 mil pesos de luz. Nunca se pens\u00f3 que hubiera tenido que ser necesario socorrer a la vecina que no tiene para su medicaci\u00f3n. Nunca se pens\u00f3 que a tu viejo o a tu vieja los podr\u00edan golpear en una plaza. El otro dia pensaba acerca de los 17 mil pesos que piden los jubilados, y son 13 empanadas. Estamos hablando de un kilo y medio de carne. Y Bullrich siente un goce que la lleva a demostrar el poder que tiene en este gobierno&#8221;, concluy\u00f3.<\/p>\n","protected":false},"excerpt":{"rendered":"<p>El Presidente del Frente Nacional de Agrupaciones Peronistas (FRENAP), Marcelo Puella, pas\u00f3 por &#8220;El Arranque&#8221; en Radio Zonica y analiz\u00f3 la coyuntura del pa\u00eds. &#8220;El Peronismo es una forma de&hellip; <\/p>\n","protected":false},"author":11,"featured_media":165605,"comment_status":"closed","ping_status":"open","sticky":false,"template":"","format":"standard","meta":{"footnotes":""},"categories":[3],"tags":[],"class_list":["post-165604","post","type-post","status-publish","format-standard","has-post-thumbnail","hentry","category-politica"],"_links":{"self":[{"href":"https:\/\/corrientesdetarde.com\/index.php\/wp-json\/wp\/v2\/posts\/165604","targetHints":{"allow":["GET"]}}],"collection":[{"href":"https:\/\/corrientesdetarde.com\/index.php\/wp-json\/wp\/v2\/posts"}],"about":[{"href":"https:\/\/corrientesdetarde.com\/index.php\/wp-json\/wp\/v2\/types\/post"}],"author":[{"embeddable":true,"href":"https:\/\/corrientesdetarde.com\/index.php\/wp-json\/wp\/v2\/users\/11"}],"replies":[{"embeddable":true,"href":"https:\/\/corrientesdetarde.com\/index.php\/wp-json\/wp\/v2\/comments?post=165604"}],"version-history":[{"count":2,"href":"https:\/\/corrientesdetarde.com\/index.php\/wp-json\/wp\/v2\/posts\/165604\/revisions"}],"predecessor-version":[{"id":165607,"href":"https:\/\/corrientesdetarde.com\/index.php\/wp-json\/wp\/v2\/posts\/165604\/revisions\/165607"}],"wp:featuredmedia":[{"embeddable":true,"href":"https:\/\/corrientesdetarde.com\/index.php\/wp-json\/wp\/v2\/media\/165605"}],"wp:attachment":[{"href":"https:\/\/corrientesdetarde.com\/index.php\/wp-json\/wp\/v2\/media?parent=165604"}],"wp:term":[{"taxonomy":"category","embeddable":true,"href":"https:\/\/corrientesdetarde.com\/index.php\/wp-json\/wp\/v2\/categories?post=165604"},{"taxonomy":"post_tag","embeddable":true,"href":"https:\/\/corrientesdetarde.com\/index.php\/wp-json\/wp\/v2\/tags?post=165604"}],"curies":[{"name":"wp","href":"https:\/\/api.w.org\/{rel}","templated":true}]}}