{"id":165612,"date":"2024-09-11T23:33:44","date_gmt":"2024-09-12T02:33:44","guid":{"rendered":"https:\/\/corrientesdetarde.com\/?p=165612"},"modified":"2024-09-11T23:34:47","modified_gmt":"2024-09-12T02:34:47","slug":"reunion-clave-de-la-cgt-y-gobernadores-peronistas-para-enfrentar-la-crisis-economica-y-redefinir-la-conduccion-partidaria","status":"publish","type":"post","link":"https:\/\/corrientesdetarde.com\/index.php\/politica\/reunion-clave-de-la-cgt-y-gobernadores-peronistas-para-enfrentar-la-crisis-economica-y-redefinir-la-conduccion-partidaria\/","title":{"rendered":"REUNI\u00d3N CLAVE DE LA CGT Y GOBERNADORES PERONISTAS PARA ENFRENTAR LA CRISIS ECON\u00d3MICA Y REDEFINIR LA CONDUCCI\u00d3N PARTIDARIA"},"content":{"rendered":"\n<p>(Pablo Roma, Gremiales) &#8211; En medio de la profunda crisis econ\u00f3mica, productiva, laboral y social que atraviesa Argentina, producto del programa econ\u00f3mico impulsado por el gobierno de Javier Milei, se llev\u00f3 a cabo ayer una reuni\u00f3n clave entre la Confederaci\u00f3n General del Trabajo (CGT) y los gobernadores peronistas de La Pampa, Sergio Zilliotto; La Rioja, Ricardo Quintela; Formosa, Gildo Insfr\u00e1n; y Buenos Aires, Axel Kicillof.<\/p>\n\n\n\n<p>Durante el encuentro, los representantes de la central obrera expresaron a los mandatarios provinciales la necesidad urgente de que los dirigentes pol\u00edticos electos por el voto popular respeten el mandato conferido por el electorado peronista, ocupando de manera firme y decidida los cargos ejecutivos o parlamentarios que les corresponden.<\/p>\n\n\n\n<p>Uno de los puntos m\u00e1s relevantes abordados en la reuni\u00f3n fue la solicitud de la CGT para que, en el proceso de normalizaci\u00f3n del Partido Justicialista (PJ), la conducci\u00f3n partidaria quede en manos de uno de los gobernadores. Esta demanda busca asegurar un liderazgo s\u00f3lido y cohesionado que pueda representar de manera efectiva al peronismo en un contexto tan desafiante como el actual.<\/p>\n\n\n\n<p>Adem\u00e1s, se hizo un llamado a evitar debates p\u00fablicos y cr\u00edticas internas &#8220;a cielo abierto&#8221; que puedan debilitar la unidad del espacio. Se subray\u00f3 la importancia de construir un movimiento justicialista basado en la diversidad de perspectivas sociales y pol\u00edticas, promoviendo una &#8220;verdad colectiva&#8221; que sea resultado de un esfuerzo conjunto. En este sentido, se rechazaron las actitudes especulativas que atenten contra la legitimidad de los partidos pol\u00edticos como espacios de debate y construcci\u00f3n de pol\u00edticas de Estado, y se insisti\u00f3 en la necesidad de una participaci\u00f3n amplia e inclusiva.<\/p>\n\n\n\n<p>Finalmente, se acord\u00f3 trabajar en esta l\u00ednea no mediante reuniones que se limiten a reiterar diagn\u00f3sticos, sino enfoc\u00e1ndose en la b\u00fasqueda de caminos concretos hacia la concertaci\u00f3n y la construcci\u00f3n de un espacio de contenci\u00f3n y renovaci\u00f3n. La meta es consolidar un proceso de renovaci\u00f3n generacional, con nuevas voces y l\u00edderes capaces de interpretar el momento actual y llevar adelante una agenda que responda a las necesidades del pa\u00eds.<\/p>\n","protected":false},"excerpt":{"rendered":"<p>(Pablo Roma, Gremiales) &#8211; En medio de la profunda crisis econ\u00f3mica, productiva, laboral y social que atraviesa Argentina, producto del programa econ\u00f3mico impulsado por el gobierno de Javier Milei, se&hellip; <\/p>\n","protected":false},"author":11,"featured_media":165613,"comment_status":"closed","ping_status":"open","sticky":false,"template":"","format":"standard","meta":{"footnotes":""},"categories":[3],"tags":[],"class_list":["post-165612","post","type-post","status-publish","format-standard","has-post-thumbnail","hentry","category-politica"],"_links":{"self":[{"href":"https:\/\/corrientesdetarde.com\/index.php\/wp-json\/wp\/v2\/posts\/165612","targetHints":{"allow":["GET"]}}],"collection":[{"href":"https:\/\/corrientesdetarde.com\/index.php\/wp-json\/wp\/v2\/posts"}],"about":[{"href":"https:\/\/corrientesdetarde.com\/index.php\/wp-json\/wp\/v2\/types\/post"}],"author":[{"embeddable":true,"href":"https:\/\/corrientesdetarde.com\/index.php\/wp-json\/wp\/v2\/users\/11"}],"replies":[{"embeddable":true,"href":"https:\/\/corrientesdetarde.com\/index.php\/wp-json\/wp\/v2\/comments?post=165612"}],"version-history":[{"count":2,"href":"https:\/\/corrientesdetarde.com\/index.php\/wp-json\/wp\/v2\/posts\/165612\/revisions"}],"predecessor-version":[{"id":165616,"href":"https:\/\/corrientesdetarde.com\/index.php\/wp-json\/wp\/v2\/posts\/165612\/revisions\/165616"}],"wp:featuredmedia":[{"embeddable":true,"href":"https:\/\/corrientesdetarde.com\/index.php\/wp-json\/wp\/v2\/media\/165613"}],"wp:attachment":[{"href":"https:\/\/corrientesdetarde.com\/index.php\/wp-json\/wp\/v2\/media?parent=165612"}],"wp:term":[{"taxonomy":"category","embeddable":true,"href":"https:\/\/corrientesdetarde.com\/index.php\/wp-json\/wp\/v2\/categories?post=165612"},{"taxonomy":"post_tag","embeddable":true,"href":"https:\/\/corrientesdetarde.com\/index.php\/wp-json\/wp\/v2\/tags?post=165612"}],"curies":[{"name":"wp","href":"https:\/\/api.w.org\/{rel}","templated":true}]}}