{"id":165623,"date":"2024-09-12T07:51:25","date_gmt":"2024-09-12T10:51:25","guid":{"rendered":"https:\/\/corrientesdetarde.com\/?p=165623"},"modified":"2024-09-12T07:51:45","modified_gmt":"2024-09-12T10:51:45","slug":"legisladores-del-norte-quieren-ver-obras-en-el-presupuesto-2025","status":"publish","type":"post","link":"https:\/\/corrientesdetarde.com\/index.php\/politica\/legisladores-del-norte-quieren-ver-obras-en-el-presupuesto-2025\/","title":{"rendered":"Legisladores del Norte quieren ver obras en el presupuesto 2025"},"content":{"rendered":"\n<p>Un reclamo para recuperar la inversi\u00f3n en infraestructura hicieron los parlamentarios de las diez provincias norte\u00f1as en Misiones. Tambi\u00e9n destacaron la voluntad de arribar a consensos para plantear proyectos que impulsen el desarrollo.<a href=\"https:\/\/api.whatsapp.com\/send?text=Legisladores%20del%20Norte%20quieren%20ver%20obras%20en%20el%20presupuesto%202025%20-%20https:\/\/www.diarioepoca.com\/1332131-legisladores-del-norte-quieren-ver-obras-en-el-presupuesto-2025?utm_source=WhatsApp%26utm_medium=WhatsApp%26utm_campaign=WhatsApp%26utm_term=WhatsApp\" target=\"_blank\" rel=\"noreferrer noopener\"><\/a><a href=\"https:\/\/www.diarioepoca.com\/1332131-legisladores-del-norte-quieren-ver-obras-en-el-presupuesto-2025#\"><\/a><a href=\"https:\/\/www.diarioepoca.com\/1332131-legisladores-del-norte-quieren-ver-obras-en-el-presupuesto-2025#\"><\/a><\/p>\n\n\n\n<p>Un\u00e1nime reclamo en el Parlamento que nuclea a representantes de las diez provincias del Noreste y Noroeste por la inclusi\u00f3n de obras prioritarias en el presupuesto 2025, que el presidente, Javier Milei, planea presentar el domingo en el Congreso de la Naci\u00f3n.<\/p>\n\n\n\n<p>Esa y otras conclusiones fueron a las que arribaron m\u00e1s de 110 legisladores de las provincias del norte en el recinto del imponente complejo de la C\u00e1mara de Representantes de Misiones, donde los legisladores correntinos lograron aprobar el dictamen para que el Congreso de la Naci\u00f3n replantee la cuesti\u00f3n de l\u00edmites con Paraguay en la zona de la Isla Apip\u00e9 sobre el curso del r\u00edo Paran\u00e1.<\/p>\n\n\n\n<p>El 52\u00b0 Plenario del Parlamento del Norte Grande dio su respaldo al reclamo de los gobernadores quienes plantearon al presidente, Javier Milei, &#8220;la importancia de estas inversiones para el crecimiento regional, el desarrollo productivo y la mejora de la situaci\u00f3n laboral&#8221;.<\/p>\n\n\n\n<p>El presidente del Parlamento del Norte Grande, Carlos Silva Neder, resalt\u00f3 el &#8220;fuerte compromiso que tienen las diez provincias con este organismo&#8221;, al resaltar la presencia de los diez vicegobernadores. Agreg\u00f3 que lo que importa en estos plenarios &#8220;es el di\u00e1logo y el consenso, por eso ratificamos este espacio de integraci\u00f3n en el que est\u00e1 presente el otro, la otra provincia, el otro hermano legislador, el otro que forma parte de la comunidad&#8221;.<\/p>\n\n\n\n<p>Y se comprometi\u00f3 a &#8220;seguir trabajando por la integraci\u00f3n, para que podamos poner en valor el federalismo argentino, respetando las autonom\u00edas provinciales y hacer un aporte fuerte a esta Argentina m\u00e1s inclusiva&#8221;.<\/p>\n\n\n\n<p>El presidente de la C\u00e1mara de Representantes de Misiones, Oscar Herrera Ahuad, asever\u00f3 al respecto que &#8220;el planteo m\u00e1s fuerte que es el mandato de este congreso y de la mesa ejecutiva del Parlamento est\u00e1 relacionado con el presupuesto y tiene que ver con que los gobernadores puedan ser convocados por el Gobierno para mostrar sus necesidades e incluirlas en el presupuesto nacional&#8221;.<\/p>\n\n\n\n<p>Asimismo se manifest\u00f3 feliz de &#8220;llegar a la conclusi\u00f3n de esto que es muy importante que tiene que ver con la representatividad legislativa de las diez provincias, con dos jornadas con el trabajo intenso de las 13 comisiones y hoy (por ayer) con el plenario donde se aprobaron los proyectos realizados estos d\u00edas&#8221;.<\/p>\n\n\n\n<p>Agreg\u00f3 ante \u00e9poca que &#8220;fue un gran desaf\u00edo hacerlo en la provincia y estamos contentos que podamos llegar al \u00faltimo d\u00eda con una carpeta ya concluida en materia de leyes y dict\u00e1menes muy importantes&#8221;.<\/p>\n\n\n\n<h2 class=\"wp-block-heading\">Correntinos<\/h2>\n\n\n\n<p>El senador radical de Corrientes, Noel Breard, destac\u00f3 que el Parlamento del Norte grande &#8220;es un instrumento pol\u00edtico que hay que defender&#8221;, resalt\u00f3 adem\u00e1s la presencia de 110 parlamentarios de las diez provincias en los trabajos de comisi\u00f3n.<\/p>\n\n\n\n<p>En lo que hace al aporte de los correntinos, resalt\u00f3 que se logr\u00f3 aprobar un proyecto de resoluci\u00f3n de defensa de &#8220;la soberan\u00eda de las islas Apip\u00e9 y la jurisdicci\u00f3n de las aguas del Paran\u00e1, un tema que el Congreso argentino tiene que tratar&#8221;.<\/p>\n\n\n\n<p>En ese punto indic\u00f3: &#8220;Debemos dejar de hacernos los distra\u00eddos y que la Canciller\u00eda tiene que dejar de enamorarse de sus propios errores&#8221; al mencionar que la actual demarcaci\u00f3n de l\u00edmites de esa zona es nula por violar los tratados bilaterales entre ambos pa\u00edses y reclam\u00f3 que se aplique el mismo criterio de resoluci\u00f3n del litigio con Chile por los hielos continentales&#8221;.<\/p>\n\n\n\n<p>Para su colega justicialista, Mart\u00edn Barrionuevo, el encuentro termin\u00f3 &#8220;con planteos significativos&#8221; y declar\u00f3 que estos plenarios responden a &#8220;un mecanismo de integraci\u00f3n no solo a nivel nacional, sino tambi\u00e9n dentro de la provincia, donde oficialismo y oposici\u00f3n venimos a hacer planteos en com\u00fan; eso es algo saludable e importante&#8221;.<\/p>\n\n\n\n<p>Repas\u00f3 que se plante\u00f3 la necesidad de extender la hidrov\u00eda hasta el puerto de Ituzaing\u00f3, el reclamo de soberan\u00eda en la Isla Apip\u00e9 y los reclamos de los representantes de las provincias &#8220;vinculados a cuestiones como la obra p\u00fablica y las rutas nacionales&#8221;.<\/p>\n\n\n\n<p>Tambi\u00e9n indic\u00f3 que los legisladores de todas las provincias hicieron notar que &#8220;hay deterioro de las rutas nacionales, la paralizaci\u00f3n de la obra p\u00fablica en general y la vivienda en particular&#8221;. Resalt\u00f3 el debate por &#8220;las asimetr\u00edas con el costo de la energ\u00eda si bien existe una zona fr\u00eda por el gas en la Patagonia, nosotros conseguimos por iniciativa de este parlamento mayor cantidad de kilowatts, subsidiados en la zona c\u00e1lida del norte grande, eso se ha eliminado, y queremos que se restablezca y por supuesto la problem\u00e1tica del transporte&#8221;.<\/p>\n\n\n\n<p>Cabe destacar que hubo fuertes pronunciamientos y se votaron proyectos de impulso al turismo, una declaraci\u00f3n sobre la necesidad de avanzar en marcos regulatorios para la protecci\u00f3n ambiental entre otros temas.<\/p>\n\n\n\n<p><\/p>\n","protected":false},"excerpt":{"rendered":"<p>Un reclamo para recuperar la inversi\u00f3n en infraestructura hicieron los parlamentarios de las diez provincias norte\u00f1as en Misiones. Tambi\u00e9n destacaron la voluntad de arribar a consensos para plantear proyectos que&hellip; <\/p>\n","protected":false},"author":12,"featured_media":165630,"comment_status":"closed","ping_status":"open","sticky":false,"template":"","format":"standard","meta":{"footnotes":""},"categories":[23,3],"tags":[],"class_list":["post-165623","post","type-post","status-publish","format-standard","has-post-thumbnail","hentry","category-actualidad","category-politica"],"_links":{"self":[{"href":"https:\/\/corrientesdetarde.com\/index.php\/wp-json\/wp\/v2\/posts\/165623","targetHints":{"allow":["GET"]}}],"collection":[{"href":"https:\/\/corrientesdetarde.com\/index.php\/wp-json\/wp\/v2\/posts"}],"about":[{"href":"https:\/\/corrientesdetarde.com\/index.php\/wp-json\/wp\/v2\/types\/post"}],"author":[{"embeddable":true,"href":"https:\/\/corrientesdetarde.com\/index.php\/wp-json\/wp\/v2\/users\/12"}],"replies":[{"embeddable":true,"href":"https:\/\/corrientesdetarde.com\/index.php\/wp-json\/wp\/v2\/comments?post=165623"}],"version-history":[{"count":1,"href":"https:\/\/corrientesdetarde.com\/index.php\/wp-json\/wp\/v2\/posts\/165623\/revisions"}],"predecessor-version":[{"id":165631,"href":"https:\/\/corrientesdetarde.com\/index.php\/wp-json\/wp\/v2\/posts\/165623\/revisions\/165631"}],"wp:featuredmedia":[{"embeddable":true,"href":"https:\/\/corrientesdetarde.com\/index.php\/wp-json\/wp\/v2\/media\/165630"}],"wp:attachment":[{"href":"https:\/\/corrientesdetarde.com\/index.php\/wp-json\/wp\/v2\/media?parent=165623"}],"wp:term":[{"taxonomy":"category","embeddable":true,"href":"https:\/\/corrientesdetarde.com\/index.php\/wp-json\/wp\/v2\/categories?post=165623"},{"taxonomy":"post_tag","embeddable":true,"href":"https:\/\/corrientesdetarde.com\/index.php\/wp-json\/wp\/v2\/tags?post=165623"}],"curies":[{"name":"wp","href":"https:\/\/api.w.org\/{rel}","templated":true}]}}