{"id":165624,"date":"2024-09-12T07:39:10","date_gmt":"2024-09-12T10:39:10","guid":{"rendered":"https:\/\/corrientesdetarde.com\/?p=165624"},"modified":"2024-09-12T07:39:22","modified_gmt":"2024-09-12T10:39:22","slug":"jubilaciones-el-quiebre-de-la-ucr-y-tres-votos-correntinos-fueron-claves","status":"publish","type":"post","link":"https:\/\/corrientesdetarde.com\/index.php\/politica\/jubilaciones-el-quiebre-de-la-ucr-y-tres-votos-correntinos-fueron-claves\/","title":{"rendered":"Jubilaciones: el quiebre de la UCR y tres votos correntinos fueron claves"},"content":{"rendered":"\n<p>La insistencia con la reforma jubilatoria, vetada por Milei, cay\u00f3 en Diputados. A la oposici\u00f3n le falt\u00f3 13 votos y ah\u00ed influyeron los cinco legisladores que se sentaron a la mesa con el Presidente. Entre ellos, Tournier, de ELI. Almir\u00f3n y Brambilla completaron el apoyo local.<a href=\"https:\/\/api.whatsapp.com\/send?text=Jubilaciones:%20el%20quiebre%20de%20la%20UCR%20y%20tres%20votos%20correntinos%20fueron%20claves%20-%20https:\/\/www.diarioepoca.com\/1332126-jubilaciones-el-quiebre-de-la-ucr-y-tres-votos-correntinos-fueron-claves?utm_source=WhatsApp%26utm_medium=WhatsApp%26utm_campaign=WhatsApp%26utm_term=WhatsApp\" target=\"_blank\" rel=\"noreferrer noopener\"><\/a><a href=\"https:\/\/www.diarioepoca.com\/1332126-jubilaciones-el-quiebre-de-la-ucr-y-tres-votos-correntinos-fueron-claves#\"><\/a><a href=\"https:\/\/www.diarioepoca.com\/1332126-jubilaciones-el-quiebre-de-la-ucr-y-tres-votos-correntinos-fueron-claves#\"><\/a><\/p>\n\n\n\n<figure class=\"wp-block-image\"><img decoding=\"async\" src=\"https:\/\/www.diarioepoca.com\/content\/bucket\/7\/1383597w790h340c.jpg.webp\" alt=\"\"\/><figcaption class=\"wp-element-caption\">LA INSISTENCIA OBTUVO 153 VOTOS AFIRMATIVOS, 87 EN CONTRA Y 8 ABSTENCIONES.<\/figcaption><\/figure>\n\n\n\n<p>El veto de Javier Milei qued\u00f3 firme. La reforma jubilatoria, con un aumento incluido, pas\u00f3 finalmente a la banquina del debate despu\u00e9s de dos semanas muy intensas en el Congreso. El oficialismo, junto con la estrat\u00e9gica (\u00bfy sorprendente?) adhesi\u00f3n con cambio de voto de un sector del radicalismo, logr\u00f3 frenar la insistencia.<\/p>\n\n\n\n<p>La escena que mostraba la foto viralizada de cuatro diputados de la UCR y el correntino Federico Tournier (pero de ELI, aunque reemplazando al radical Alfredo Vallejos, quien asumi\u00f3 como ministro de Vald\u00e9s) pas\u00f3 de la teor\u00eda a la acci\u00f3n. Los otros legisladores que estuvieron en la Rosada fueron Mart\u00edn Arjol, Luis Picat, Mariano Campero y Pablo Cervi.<\/p>\n\n\n\n<p>De esa manera, el Gobierno logr\u00f3 blindar el veto frente a la movida comandada por la oposici\u00f3n y acompa\u00f1ado por varias bancadas. Una meta que qued\u00f3 a un tris de lograrse, a solo 13 votos de lograr los dos tercios de los presentes. N\u00fameros necesarios para avanzar con el rechazo al veto. Los cinco votantes de la fotograf\u00eda en Casa Rosada con Milei en la cabecera de la mesa, resultaron, sin dudas, claves.<\/p>\n\n\n\n<p>Adem\u00e1s, en total fueron tres los votos correntinos que acompa\u00f1aron el rechazo a la insistencia de la reforma. Al de Tournier se le sum\u00f3 el de Lisandro Almir\u00f3n, de La Libertad Avanza (LLA), y Sof\u00eda Brambilla, del PRO.<\/p>\n\n\n\n<p>En la otra vereda, de apoyo a la insistencia de la reforma jubilatoria, estuvo un radical Manuel &#8220;Colo&#8221; Aguirre.<\/p>\n\n\n\n<p>As\u00ed, con la postura de otros de sus pares correligionarios, qued\u00f3 notoriamente expuesta una nueva fractura del bloque de la UCR en la C\u00e1mara Baja (que conduce Rodrigo de Loredo), pero tambi\u00e9n con un coletazo dom\u00e9stico. Es que Aguirre y Vald\u00e9s est\u00e1n cada vez m\u00e1s alejados en sus perspectivas pol\u00edticas. Y aqu\u00ed un ejemplo.<\/p>\n\n\n\n<p>El peronismo correntino se abroquel\u00f3 en el bloque de Uni\u00f3n por la Patria, pero no fue suficiente. Votaron por la insistencia de la reforma y el aumento Nancy Sand, Jorge Antonio Romero y Christian Zulli.<\/p>\n\n\n\n<h2 class=\"wp-block-heading\">Posteos<\/h2>\n\n\n\n<p>&#8220;Decidimos NO quedarnos del \u0091lado infame de la historia\u0092, era el momento de jugarnos e insistir por la ley previsional, algunos no lo hicieron. Votamos en contra del \u0091VETO DE MILEI\u0092, lo hicimos con la misma convicci\u00f3n, estar a favor y al lado de cada jubilada y jubilado&#8221;, resalt\u00f3 Sand en un posteo en sus redes sociales apenas concluy\u00f3 la sesi\u00f3n.<\/p>\n\n\n\n<p>Con otra perspectiva totalmente distinta se expres\u00f3 por la misma red social el libertario Lisandro Almir\u00f3n.<\/p>\n\n\n\n<p>&#8220;Hemos defendido (a pesar de los irresponsables de siempre) el D\u00e9ficit Cero y el Super\u00e1vit Fiscal. El camino para ayudar a nuestros jubilados es mejorar el pa\u00eds de manera fundamental, y para todos. Hoy en el #Congreso dimos un paso adelante en el uso racional de los recursos&#8221;, enfatiz\u00f3.<\/p>\n\n\n\n<p>Luego, obviamente, reposte\u00f3 a Milei y su frase: &#8220;Hoy 87 h\u00e9roes le pusieron un freno a los degenerados fiscales que intentaron destruir el super\u00e1vit fiscal que los argentinos con tanto esfuerzo logramos conseguir&#8221;.<\/p>\n\n\n\n<h2 class=\"wp-block-heading\">Los votos<\/h2>\n\n\n\n<p>La votaci\u00f3n para insistir con la nueva f\u00f3rmula de movilidad jubilatoria fue rechazada este mi\u00e9rcoles en la C\u00e1mara de Diputados con 153 votos afirmativos, 87 en contra y 8 abstenciones. La oposici\u00f3n necesitaba una mayor\u00eda especial de dos tercios de los presentes, en este caso 165 sobre 248 diputados.<\/p>\n\n\n\n<p>La victoria del oficialismo qued\u00f3 asegurada gracias al cambio de posici\u00f3n de una parte significativa del bloque radical, que a principios de junio hab\u00eda votado en forma un\u00e1nime a favor del proyecto redactado por el propio radicalismo en colaboraci\u00f3n con otros sectores dialoguistas.<\/p>\n\n\n\n<p>Seg\u00fan trascendi\u00f3 por la prensa nacional, la foto caus\u00f3 un cimbronazo dentro del bloque. Hubo reproches en privado, escraches p\u00fablicos y hasta amenazas de medidas disciplinarias contra los &#8220;radicales L&#8221;. &#8220;Roma no paga traidores y el pueblo tampoco los vota&#8221;, arremeti\u00f3 la diputada Danya Tavela, que responde a la l\u00ednea interna Mart\u00edn Lousteau-Emiliano Yacobitti, en referencia a sus compa\u00f1eros d\u00edscolos.<\/p>\n\n\n\n<p>A su turno, el radical Rodrigo de Loredo reconoci\u00f3 p\u00fablicamente en el recinto las tensiones internas que llevaron a su bloque a terminar con votos a favor, votos en contra, ausencias y abstenciones.<\/p>\n\n\n\n<p>Por otro lado, los ocho diputados de Innovaci\u00f3n Federal estuvieron presentes y finalmente se abstuvieron. Los diputados que responden a los gobernadores de R\u00edo Negro, Salta y Misiones evitaron las definiciones durante los d\u00edas previos mientras continuaban las negociaciones. Mantuvieron el misterio hasta una vez iniciada la sesi\u00f3n. Todo cerr\u00f3 finalmente.<\/p>\n\n\n\n<h2 class=\"wp-block-heading\">&#8220;Maniobras para voltear un Gobierno&#8221;<\/h2>\n\n\n\n<figure class=\"wp-block-image\"><img decoding=\"async\" src=\"https:\/\/www.diarioepoca.com\/content\/bucket\/7\/1383637w380h189c.jpg.webp\" alt=\"\"\/><\/figure>\n\n\n\n<p>&#8220;Los pol\u00edticos siguen pensando que los argentinos somos tontos y no vemos sus malintencionadas maniobras para voltear a un Gobierno que por primera vez elige decirles una verdad inc\u00f3moda en lugar de una mentira confortable. El d\u00e9ficit cero es innegociable&#8221;, poste\u00f3 Milei.<\/p>\n\n\n\n<h2 class=\"wp-block-heading\">Piden reordenamiento del bloque radical<\/h2>\n\n\n\n<figure class=\"wp-block-image\"><img decoding=\"async\" src=\"https:\/\/www.diarioepoca.com\/content\/bucket\/6\/1383636w380h190c.jpg.webp\" alt=\"\"\/><\/figure>\n\n\n\n<p>Diputados radicales presentaron nota a De Loredo pidiendo el reordenamiento del bloque y repudiando la actitud de cinco legisladores del sector.<\/p>\n\n\n\n<p>Entre ellos figura el correntino Manuel Aguirre y Facundo Manes.<\/p>\n\n\n\n<h2 class=\"wp-block-heading\">Otra foto: senadores, como &#8220;Camau&#8221; y Vischi<\/h2>\n\n\n\n<figure class=\"wp-block-image\"><img decoding=\"async\" src=\"https:\/\/www.diarioepoca.com\/content\/bucket\/5\/1383635w380h190c.jpg.webp\" alt=\"\"\/><\/figure>\n\n\n\n<p>En otra foto con dialoguistas, el presidente Javier Milei, la vice Victoria Villarruel y el jefe de Gabinete, Guillermo Francos, recibieron este mi\u00e9rcoles a un grupo de senadores en la Casa Rosada. Entre ellos, los correntinos Eduardo Vischi (UCR) y Carlos Esp\u00ednola (Unidad Federal).\u00a0<\/p>\n","protected":false},"excerpt":{"rendered":"<p>La insistencia con la reforma jubilatoria, vetada por Milei, cay\u00f3 en Diputados. A la oposici\u00f3n le falt\u00f3 13 votos y ah\u00ed influyeron los cinco legisladores que se sentaron a la&hellip; <\/p>\n","protected":false},"author":12,"featured_media":165625,"comment_status":"closed","ping_status":"open","sticky":false,"template":"","format":"standard","meta":{"footnotes":""},"categories":[26,3],"tags":[],"class_list":["post-165624","post","type-post","status-publish","format-standard","has-post-thumbnail","hentry","category-destacados","category-politica"],"_links":{"self":[{"href":"https:\/\/corrientesdetarde.com\/index.php\/wp-json\/wp\/v2\/posts\/165624","targetHints":{"allow":["GET"]}}],"collection":[{"href":"https:\/\/corrientesdetarde.com\/index.php\/wp-json\/wp\/v2\/posts"}],"about":[{"href":"https:\/\/corrientesdetarde.com\/index.php\/wp-json\/wp\/v2\/types\/post"}],"author":[{"embeddable":true,"href":"https:\/\/corrientesdetarde.com\/index.php\/wp-json\/wp\/v2\/users\/12"}],"replies":[{"embeddable":true,"href":"https:\/\/corrientesdetarde.com\/index.php\/wp-json\/wp\/v2\/comments?post=165624"}],"version-history":[{"count":1,"href":"https:\/\/corrientesdetarde.com\/index.php\/wp-json\/wp\/v2\/posts\/165624\/revisions"}],"predecessor-version":[{"id":165626,"href":"https:\/\/corrientesdetarde.com\/index.php\/wp-json\/wp\/v2\/posts\/165624\/revisions\/165626"}],"wp:featuredmedia":[{"embeddable":true,"href":"https:\/\/corrientesdetarde.com\/index.php\/wp-json\/wp\/v2\/media\/165625"}],"wp:attachment":[{"href":"https:\/\/corrientesdetarde.com\/index.php\/wp-json\/wp\/v2\/media?parent=165624"}],"wp:term":[{"taxonomy":"category","embeddable":true,"href":"https:\/\/corrientesdetarde.com\/index.php\/wp-json\/wp\/v2\/categories?post=165624"},{"taxonomy":"post_tag","embeddable":true,"href":"https:\/\/corrientesdetarde.com\/index.php\/wp-json\/wp\/v2\/tags?post=165624"}],"curies":[{"name":"wp","href":"https:\/\/api.w.org\/{rel}","templated":true}]}}