{"id":165627,"date":"2024-09-12T07:52:25","date_gmt":"2024-09-12T10:52:25","guid":{"rendered":"https:\/\/corrientesdetarde.com\/?p=165627"},"modified":"2024-09-12T07:52:26","modified_gmt":"2024-09-12T10:52:26","slug":"en-agosto-la-inflacion-del-nordeste-se-desacelero-al-44","status":"publish","type":"post","link":"https:\/\/corrientesdetarde.com\/index.php\/economia\/en-agosto-la-inflacion-del-nordeste-se-desacelero-al-44\/","title":{"rendered":"En agosto, la inflaci\u00f3n del Nordeste se desaceler\u00f3 al 4,4%"},"content":{"rendered":"\n<p>Si bien hubo una leve tendencia a la baja, los indicadores de la regi\u00f3n se ubicaron por encima del promedio nacional. El Gobierno no puede perforar la barrera de los cuatro puntos.<a href=\"https:\/\/api.whatsapp.com\/send?text=En%20agosto,%20la%20inflaci%C3%B3n%20del%20Nordeste%20se%20desaceler%C3%B3%20al%204,4%%20-%20https:\/\/www.diarioepoca.com\/1332132-en-agosto-la-inflacion-del-nordeste-se-desacelero-al-44?utm_source=WhatsApp%26utm_medium=WhatsApp%26utm_campaign=WhatsApp%26utm_term=WhatsApp\" target=\"_blank\" rel=\"noreferrer noopener\"><\/a><a href=\"https:\/\/www.diarioepoca.com\/1332132-en-agosto-la-inflacion-del-nordeste-se-desacelero-al-44#\"><\/a><a href=\"https:\/\/www.diarioepoca.com\/1332132-en-agosto-la-inflacion-del-nordeste-se-desacelero-al-44#\"><\/a><\/p>\n\n\n\n<p>El Nordeste argentino fue la cuarta regi\u00f3n con mayor inflaci\u00f3n en agosto. En dicho mes, la variaci\u00f3n del \u00cdndice de Precios al Consumidor (IPC) fue de 4,4%, lo cual implica una leve desaceleraci\u00f3n, si se tiene en cuenta que en julio fue de 4,6%. Los alimentos acumularon un fuerte aumento en lo que va del a\u00f1o.<\/p>\n\n\n\n<p>La inflaci\u00f3n en el NEA fue de 4,4% que, si bien signific\u00f3 una desaceleraci\u00f3n en relaci\u00f3n con julio pasado, el \u00edndice se posicion\u00f3 por encima de la media nacional. Esta fue de 4,2%, seg\u00fan el reciente informe del INDEC. Con una variaci\u00f3n mensual de 5%, el Noroeste fue la regi\u00f3n de mayor encarecimiento de la canasta b\u00e1sica, seguida por la Patagonia, con un aumento de 4,6%. En tercer lugar se ubica Cuyo, con un alza de 4,5%.<\/p>\n\n\n\n<p>El Gran Buenos Aires, con un aumento de 4,1% del \u00cdndice de Precios al Consumidor, y la regi\u00f3n Pampeana, con 3,9%, son las de menor incremento, de acuerdo con lo se\u00f1alado por el informe del organismo nacional.<\/p>\n\n\n\n<p>Restaurantes y hoteles fue el rubro con mayor suba en el NEA. En el octavo mes del a\u00f1o, la variaci\u00f3n mensual fue de 6,2%. Dicho sector registr\u00f3 un incremento de m\u00e1s de dos puntos, si se tiene en cuenta que en julio, este fue de 4%.<\/p>\n\n\n\n<p>En segundo lugar, lo que m\u00e1s se encareci\u00f3 fue un rubro sensible para la poblaci\u00f3n. Los alimentos y bebidas no alcoh\u00f3licas registraron una suba de 5,2% en el Nordeste argentino en agosto. En relaci\u00f3n con julio, el alza fue mucho mayor, ya que en el s\u00e9ptimo mes del a\u00f1o, este \u00edtem solo hab\u00eda registrado un incremento mensual de 2,4%. Por lo tanto, pr\u00e1cticamente se duplic\u00f3.<\/p>\n\n\n\n<p>Por el contrario, la mayor ca\u00edda se observ\u00f3 en el rubro educaci\u00f3n ya que en julio la variaci\u00f3n mensual fue de 13,8%; mientras que en agosto, de 4,4%. Esto, de acuerdo con los dos \u00faltimos informes del organismo nacional.<\/p>\n\n\n\n<p>A nivel nacional, la inflaci\u00f3n no logr\u00f3 perforar el umbral del 4%. En el octavo mes, el promedio nacional fue una variaci\u00f3n mensual de 4,2%, lo cual rompi\u00f3 la tendencia de desaceleraci\u00f3n que se observaba en lo que va del a\u00f1o. En julio pasado el incremento fue de 4%; mientras que en la regi\u00f3n el rubro con mayor aumento fueron los restaurantes y hoteles, en el general del pa\u00eds, los servicios impulsaron las subas, con 7%.<\/p>\n\n\n\n<p>En t\u00e9rminos interanuales, la inflaci\u00f3n en el NEA fue de 222,8%. Fue la suba con menor incremento si se comparan todas las regiones. En un a\u00f1o, el rubro con mayor suba fue el de comunicaci\u00f3n, con 328,9%, seguido por los servicios como vivienda, agua y electricidad, con una suba de 305,2%, de acuerdo con el reciente reporte del INDEC.<\/p>\n\n\n\n<p>En lo que va del a\u00f1o, el \u00cdndice de Precios al Consumidor fue de 83,7% en la regi\u00f3n. En relaci\u00f3n con otro conjunto de provincias, fue el indicador m\u00e1s bajo. El m\u00e1s alto se observ\u00f3 en la Patagonia, con un acumulado de 98%. En tercer lugar, el Gran Buenos Aires, con 97,4%.<\/p>\n\n\n\n<p>Con un acumulado del 27,6%, los alimentos y bebidas no alcoh\u00f3licas, por lejos, fue el rubro con mayor aumento en la regi\u00f3n. La inflaci\u00f3n golpe\u00f3 fuerte a este \u00edtem sensible para el bienestar de la poblaci\u00f3n durante la administraci\u00f3n de Javier Milei. En segundo lugar se ubica transporte, con una suba de 10,5%.<\/p>\n","protected":false},"excerpt":{"rendered":"<p>Si bien hubo una leve tendencia a la baja, los indicadores de la regi\u00f3n se ubicaron por encima del promedio nacional. El Gobierno no puede perforar la barrera de los&hellip; <\/p>\n","protected":false},"author":12,"featured_media":165632,"comment_status":"closed","ping_status":"open","sticky":false,"template":"","format":"standard","meta":{"footnotes":""},"categories":[23,20],"tags":[],"class_list":["post-165627","post","type-post","status-publish","format-standard","has-post-thumbnail","hentry","category-actualidad","category-economia"],"_links":{"self":[{"href":"https:\/\/corrientesdetarde.com\/index.php\/wp-json\/wp\/v2\/posts\/165627","targetHints":{"allow":["GET"]}}],"collection":[{"href":"https:\/\/corrientesdetarde.com\/index.php\/wp-json\/wp\/v2\/posts"}],"about":[{"href":"https:\/\/corrientesdetarde.com\/index.php\/wp-json\/wp\/v2\/types\/post"}],"author":[{"embeddable":true,"href":"https:\/\/corrientesdetarde.com\/index.php\/wp-json\/wp\/v2\/users\/12"}],"replies":[{"embeddable":true,"href":"https:\/\/corrientesdetarde.com\/index.php\/wp-json\/wp\/v2\/comments?post=165627"}],"version-history":[{"count":1,"href":"https:\/\/corrientesdetarde.com\/index.php\/wp-json\/wp\/v2\/posts\/165627\/revisions"}],"predecessor-version":[{"id":165633,"href":"https:\/\/corrientesdetarde.com\/index.php\/wp-json\/wp\/v2\/posts\/165627\/revisions\/165633"}],"wp:featuredmedia":[{"embeddable":true,"href":"https:\/\/corrientesdetarde.com\/index.php\/wp-json\/wp\/v2\/media\/165632"}],"wp:attachment":[{"href":"https:\/\/corrientesdetarde.com\/index.php\/wp-json\/wp\/v2\/media?parent=165627"}],"wp:term":[{"taxonomy":"category","embeddable":true,"href":"https:\/\/corrientesdetarde.com\/index.php\/wp-json\/wp\/v2\/categories?post=165627"},{"taxonomy":"post_tag","embeddable":true,"href":"https:\/\/corrientesdetarde.com\/index.php\/wp-json\/wp\/v2\/tags?post=165627"}],"curies":[{"name":"wp","href":"https:\/\/api.w.org\/{rel}","templated":true}]}}