{"id":165628,"date":"2024-09-12T07:56:23","date_gmt":"2024-09-12T10:56:23","guid":{"rendered":"https:\/\/corrientesdetarde.com\/?p=165628"},"modified":"2024-09-12T07:56:28","modified_gmt":"2024-09-12T10:56:28","slug":"desde-el-ips-ratifican-deuda-de-anses","status":"publish","type":"post","link":"https:\/\/corrientesdetarde.com\/index.php\/economia\/desde-el-ips-ratifican-deuda-de-anses\/","title":{"rendered":"Desde el IPS ratifican deuda de ANSES"},"content":{"rendered":"\n<p>El interventor del organismo afirm\u00f3 que presentaron toda la documentaci\u00f3n solicitada en el marco de las auditor\u00edas y desestiman &#8220;errores&#8221; administrativos<a href=\"https:\/\/api.whatsapp.com\/send?text=Desde%20el%20IPS%20ratifican%20deuda%20de%20ANSES%20-%20https:\/\/www.diarioepoca.com\/1332133-desde-el-ips-ratifican-deuda-de-anses?utm_source=WhatsApp%26utm_medium=WhatsApp%26utm_campaign=WhatsApp%26utm_term=WhatsApp\" target=\"_blank\" rel=\"noreferrer noopener\"><\/a><a href=\"https:\/\/www.diarioepoca.com\/1332133-desde-el-ips-ratifican-deuda-de-anses#\"><\/a><a href=\"https:\/\/www.diarioepoca.com\/1332133-desde-el-ips-ratifican-deuda-de-anses#\"><\/a><\/p>\n\n\n\n<p>&#8220;Cuando uno mira y escucha lo que manifest\u00f3 el Jefe de Gabinete de la Naci\u00f3n, se sorprende&#8221;, dijo el interventor del Instituto de Previsi\u00f3n Social (IPS) de Corrientes, H\u00e9ctor &#8220;Tito&#8221; L\u00f3pez respecto de la pol\u00e9mica con Guillermo Francos por la deuda que mantiene ANSES con las cajas previsionales no transferidas. En la semana, un informe de Naci\u00f3n indicaba que el organismo no ten\u00eda deuda con Corrientes y, m\u00e1s adelante, el funcionario se\u00f1al\u00f3 que se est\u00e1n realizando auditor\u00edas mientras se intentan subsanar errores administrativos.<\/p>\n\n\n\n<p>&#8220;De nuestra parte podemos decir que ANSES nos debe por asistencia financiamiento a la caja desde 2017. Prueba de esto es que estamos en comunicaci\u00f3n permanente con ANSES. Estamos terminando las auditor\u00edas que est\u00e1n pr\u00e1cticamente cerradas en 2017 y 2018 con saldo favorable para el IPS. Estamos cerrando 2019 y avanzando con 2020&#8221;, enumer\u00f3 los detalles de los avances de los tr\u00e1mites que intentan destrabar los env\u00edos de fondos a las provincias contempladas por ley.<\/p>\n\n\n\n<p>De hecho, L\u00f3pez aclar\u00f3 que en materia de auditor\u00eda, esta semana podr\u00edan concluirse el consolidado de los ejercicios 2017 y 2018 tanto en ANSES como en el IPS. &#8220;Estamos tranquilos en ese sentido, m\u00e1s all\u00e1 de la sorpresa ante esa declaraci\u00f3n&#8221;, expres\u00f3 a radio Sudamericana el titular del organismo provincial.<\/p>\n\n\n\n<p>El interventor explic\u00f3 que enviaron toda la documentaci\u00f3n que solicit\u00f3 ANSES. &#8220;Toda, absolutamente toda la documentaci\u00f3n&#8221;, asever\u00f3 y se\u00f1al\u00f3 que no entiende a &#8220;qu\u00e9 se refieren con errores&#8221;, desde el Gobierno Nacional. Por el contrario, el tambi\u00e9n diputado con mandato finalizado sostuvo que desde el d\u00eda uno se trabaja de manera fluida con ANSES en el marco de las auditor\u00edas ya que se requiere celeridad para destrabar los fondos destinados a las cajas previsionales.<\/p>\n\n\n\n<p><\/p>\n","protected":false},"excerpt":{"rendered":"<p>El interventor del organismo afirm\u00f3 que presentaron toda la documentaci\u00f3n solicitada en el marco de las auditor\u00edas y desestiman &#8220;errores&#8221; administrativos &#8220;Cuando uno mira y escucha lo que manifest\u00f3 el&hellip; <\/p>\n","protected":false},"author":12,"featured_media":165634,"comment_status":"closed","ping_status":"open","sticky":false,"template":"","format":"standard","meta":{"footnotes":""},"categories":[26,20],"tags":[],"class_list":["post-165628","post","type-post","status-publish","format-standard","has-post-thumbnail","hentry","category-destacados","category-economia"],"_links":{"self":[{"href":"https:\/\/corrientesdetarde.com\/index.php\/wp-json\/wp\/v2\/posts\/165628","targetHints":{"allow":["GET"]}}],"collection":[{"href":"https:\/\/corrientesdetarde.com\/index.php\/wp-json\/wp\/v2\/posts"}],"about":[{"href":"https:\/\/corrientesdetarde.com\/index.php\/wp-json\/wp\/v2\/types\/post"}],"author":[{"embeddable":true,"href":"https:\/\/corrientesdetarde.com\/index.php\/wp-json\/wp\/v2\/users\/12"}],"replies":[{"embeddable":true,"href":"https:\/\/corrientesdetarde.com\/index.php\/wp-json\/wp\/v2\/comments?post=165628"}],"version-history":[{"count":1,"href":"https:\/\/corrientesdetarde.com\/index.php\/wp-json\/wp\/v2\/posts\/165628\/revisions"}],"predecessor-version":[{"id":165635,"href":"https:\/\/corrientesdetarde.com\/index.php\/wp-json\/wp\/v2\/posts\/165628\/revisions\/165635"}],"wp:featuredmedia":[{"embeddable":true,"href":"https:\/\/corrientesdetarde.com\/index.php\/wp-json\/wp\/v2\/media\/165634"}],"wp:attachment":[{"href":"https:\/\/corrientesdetarde.com\/index.php\/wp-json\/wp\/v2\/media?parent=165628"}],"wp:term":[{"taxonomy":"category","embeddable":true,"href":"https:\/\/corrientesdetarde.com\/index.php\/wp-json\/wp\/v2\/categories?post=165628"},{"taxonomy":"post_tag","embeddable":true,"href":"https:\/\/corrientesdetarde.com\/index.php\/wp-json\/wp\/v2\/tags?post=165628"}],"curies":[{"name":"wp","href":"https:\/\/api.w.org\/{rel}","templated":true}]}}