{"id":165629,"date":"2024-09-12T07:59:32","date_gmt":"2024-09-12T10:59:32","guid":{"rendered":"https:\/\/corrientesdetarde.com\/?p=165629"},"modified":"2024-09-12T07:59:44","modified_gmt":"2024-09-12T10:59:44","slug":"prision-preventiva-al-acusado-de-ultrajar-a-una-turista-italiana","status":"publish","type":"post","link":"https:\/\/corrientesdetarde.com\/index.php\/policiales\/prision-preventiva-al-acusado-de-ultrajar-a-una-turista-italiana\/","title":{"rendered":"Prisi\u00f3n preventiva al acusado de ultrajar a una turista italiana"},"content":{"rendered":"\n<p>El sujeto ten\u00eda antecedentes por abuso sexual, amenazas y por robo calificado en Mburucuy\u00e1, pero continuaba en libertad.<a href=\"https:\/\/api.whatsapp.com\/send?text=Prisi%C3%B3n%20preventiva%20al%20acusado%20de%20ultrajar%20a%20una%20turista%20italiana%20-%20https:\/\/www.diarioepoca.com\/1332149-prision-preventiva-al-acusado-de-ultrajar-a-una-turista-italiana?utm_source=WhatsApp%26utm_medium=WhatsApp%26utm_campaign=WhatsApp%26utm_term=WhatsApp\" target=\"_blank\" rel=\"noreferrer noopener\"><\/a><a href=\"https:\/\/www.diarioepoca.com\/1332149-prision-preventiva-al-acusado-de-ultrajar-a-una-turista-italiana#\"><\/a><a href=\"https:\/\/www.diarioepoca.com\/1332149-prision-preventiva-al-acusado-de-ultrajar-a-una-turista-italiana#\"><\/a><\/p>\n\n\n\n<p>La Justicia dict\u00f3 ayer la prisi\u00f3n preventiva para el sujeto que la semana pasada atac\u00f3 sexualmente a una turista de nacionalidad italiana, en la localidad de Concepci\u00f3n del Yaguaret\u00e9 Cor\u00e1. El sujeto fue reconocido sin dudas por la v\u00edctima y la jueza del caso determin\u00f3 que quede alojado en una c\u00e1rcel hasta la concreci\u00f3n de su juicio.<\/p>\n\n\n\n<p>La medida de coerci\u00f3n fue tomada por la jueza de Garant\u00edas, Elsa Derkach, a instancias del pedido realizado por el fiscal de investigaciones concretas Daniel Lezcano de la localidad de Santa Rosa; por lo que ahora deber\u00e1 esperar en la c\u00e1rcel hasta la llegada del juicio.<\/p>\n\n\n\n<p>Se trata de D. Casco, de 27 a\u00f1os, y con serios antecedentes penales previos, ya que el degenerado gozaba de su libertad, pese a estar procesado en tres casos graves; uno por &#8220;abuso sexual simple&#8221;, otro por &#8220;exhibiciones obscenas&#8221; y por &#8220;amenazas calificadas&#8221; en el \u00e1mbito de la localidad de Mburucuy\u00e1 y que se tramitan en el Juzgado de Instrucci\u00f3n de Saladas, con intervenci\u00f3n del fiscal de investigaciones concretas, Osvaldo Ojeda.<\/p>\n\n\n\n<p>Fuentes allegadas al caso, indicaron a diario \u00e9poca que luego de ser detenidos los sospechosos, entre ellos el autor material del ataque, la v\u00edctima fue llevada a una rueda de reconocimiento y no tuvo dudas en se\u00f1alar al &#8220;chacal&#8221; que hab\u00eda abusado de ella. La causa fue caratulada penalmente como &#8220;abuso sexual con acceso carnal y robo calificado, por ser en despoblado, en concurso real&#8221; y tiene a Casco como \u00fanico imputado.<\/p>\n\n\n\n<p>El ataque ocurri\u00f3 el jueves 5 en horas de la tarde, cuando la mujer, de nacionalidad Italiana, se alej\u00f3 del grupo con el que realizaba una excursi\u00f3n. En este contexto fue interceptada por Casco, quien se ofreci\u00f3 a orientarla, pero termin\u00f3 abusando sexualmente de ella. La mujer fue atendida por una m\u00e9dica forense que confirm\u00f3 el ataque y con su testimonio, que aport\u00f3 valiosa informaci\u00f3n a los investigadores, comenzaron la b\u00fasqueda del agresor, quien fue arrestado un d\u00eda despu\u00e9s que su identikit se hiciera p\u00fablico.<\/p>\n","protected":false},"excerpt":{"rendered":"<p>El sujeto ten\u00eda antecedentes por abuso sexual, amenazas y por robo calificado en Mburucuy\u00e1, pero continuaba en libertad. La Justicia dict\u00f3 ayer la prisi\u00f3n preventiva para el sujeto que la&hellip; <\/p>\n","protected":false},"author":12,"featured_media":165636,"comment_status":"closed","ping_status":"open","sticky":false,"template":"","format":"standard","meta":{"footnotes":""},"categories":[33],"tags":[],"class_list":["post-165629","post","type-post","status-publish","format-standard","has-post-thumbnail","hentry","category-policiales"],"_links":{"self":[{"href":"https:\/\/corrientesdetarde.com\/index.php\/wp-json\/wp\/v2\/posts\/165629","targetHints":{"allow":["GET"]}}],"collection":[{"href":"https:\/\/corrientesdetarde.com\/index.php\/wp-json\/wp\/v2\/posts"}],"about":[{"href":"https:\/\/corrientesdetarde.com\/index.php\/wp-json\/wp\/v2\/types\/post"}],"author":[{"embeddable":true,"href":"https:\/\/corrientesdetarde.com\/index.php\/wp-json\/wp\/v2\/users\/12"}],"replies":[{"embeddable":true,"href":"https:\/\/corrientesdetarde.com\/index.php\/wp-json\/wp\/v2\/comments?post=165629"}],"version-history":[{"count":1,"href":"https:\/\/corrientesdetarde.com\/index.php\/wp-json\/wp\/v2\/posts\/165629\/revisions"}],"predecessor-version":[{"id":165637,"href":"https:\/\/corrientesdetarde.com\/index.php\/wp-json\/wp\/v2\/posts\/165629\/revisions\/165637"}],"wp:featuredmedia":[{"embeddable":true,"href":"https:\/\/corrientesdetarde.com\/index.php\/wp-json\/wp\/v2\/media\/165636"}],"wp:attachment":[{"href":"https:\/\/corrientesdetarde.com\/index.php\/wp-json\/wp\/v2\/media?parent=165629"}],"wp:term":[{"taxonomy":"category","embeddable":true,"href":"https:\/\/corrientesdetarde.com\/index.php\/wp-json\/wp\/v2\/categories?post=165629"},{"taxonomy":"post_tag","embeddable":true,"href":"https:\/\/corrientesdetarde.com\/index.php\/wp-json\/wp\/v2\/tags?post=165629"}],"curies":[{"name":"wp","href":"https:\/\/api.w.org\/{rel}","templated":true}]}}