{"id":165640,"date":"2024-09-12T09:10:07","date_gmt":"2024-09-12T12:10:07","guid":{"rendered":"https:\/\/corrientesdetarde.com\/?p=165640"},"modified":"2024-09-12T09:10:08","modified_gmt":"2024-09-12T12:10:08","slug":"el-duro-castigo-que-recibio-enzo-fernandez-en-inglaterra-despues-de-sus-partidos-con-la-seleccion-argentina","status":"publish","type":"post","link":"https:\/\/corrientesdetarde.com\/index.php\/deportes\/el-duro-castigo-que-recibio-enzo-fernandez-en-inglaterra-despues-de-sus-partidos-con-la-seleccion-argentina\/","title":{"rendered":"El duro castigo que recibi\u00f3 Enzo Fern\u00e1ndez en Inglaterra despu\u00e9s de sus partidos con la Selecci\u00f3n argentina"},"content":{"rendered":"\n<h3 class=\"wp-block-heading\">El futbolista argentino regres\u00f3 de su participaci\u00f3n en la doble fecha de Eliminatorias Sudamericanas y se encontr\u00f3 con una mala noticia.<\/h3>\n\n\n\n<p>Tras su participaci\u00f3n en la doble fecha de\u00a0<strong>Eliminatorias Sudamericanas<\/strong>\u00a0con la Selecci\u00f3n argentina,<strong>Enzo Fern\u00e1ndez<\/strong>\u00a0regres\u00f3 a\u00a0<strong>Inglaterra\u00a0<\/strong>y se encontr\u00f3 con una mala noticia. El volante argentino fue castigado por\u00a0<strong>no respetar las normas de tr\u00e1nsito<\/strong>\u00a0y\u00a0<strong>no podr\u00e1 manejar por seis meses.<\/strong><\/p>\n\n\n\n<p><\/p>\n\n\n\n<p>La Justicia de ese pa\u00eds<strong>&nbsp;le sac\u00f3 el carnet de conducir y le impuso una multa econ\u00f3mica de 3.020 libras esterlinas (alrededor de 4 mil d\u00f3lares)<\/strong>&nbsp;despu\u00e9s de encontrarlo culpable tras un hecho sucedido en noviembre de 2023, cuando fue captado<strong>&nbsp;cruzando un sem\u00e1foro en rojo y superando el l\u00edmite de velocidad<\/strong>&nbsp;con su Porsche Cayenne, en la ciudad de Llanelli.<\/p>\n\n\n\n<p>Cabe destacar que un mes despu\u00e9s de ese hecho, en diciembre, Enzo&nbsp;<strong>fue detenido por la Polic\u00eda de Gales del Sur por exceso de velocidad en Swansea<\/strong>.<\/p>\n\n\n\n<figure class=\"wp-block-image\"><img decoding=\"async\" src=\"https:\/\/tn.com.ar\/resizer\/v2\/enzo-fernandez-fue-multado-por-infringir-normas-de-transito-en-inglaterra-foto-chelsea-instagram-J7G6XXOJXNHJDGTQA4SWSWU6XE.jpg?auth=23781ffb18284c7679be447dff74ecf23df67c40fc8b4efa63133cb50946de73&amp;width=767\" alt=\"Enzo Fern\u00e1ndez fue multado por infringir normas de tr\u00e1nsito en Inglaterra. (Foto Chelsea Instagram)\"\/><figcaption class=\"wp-element-caption\">Enzo Fern\u00e1ndez fue multado por infringir normas de tr\u00e1nsito en Inglaterra. (Foto Chelsea Instagram)<\/figcaption><\/figure>\n\n\n\n<p>Cabe destacar que Wyn Evans, presidente de la sala de magistrados, explic\u00f3 que<strong>&nbsp;no se pudo demostrar que el argentino fuera el conductor en las dos ocasiones<\/strong>, pero el jugador tampoco respondi\u00f3 a las solicitudes de informaci\u00f3n que le hizo la polic\u00eda de Dyfed-Powys y de la polic\u00eda de Gales del Sur.<\/p>\n\n\n\n<p>Sumado a esto, informaron que Enzoya ten\u00eda nueve puntos de penalizaci\u00f3n en su carnet de conducir por infracciones anteriores por exceso de velocidad.<\/p>\n\n\n\n<h2 class=\"wp-block-heading\">Cu\u00e1ndo ser\u00e1 el pr\u00f3ximo partido de Enzo Fern\u00e1ndez en el Chelsea<\/h2>\n\n\n\n<p>El&nbsp;<strong>Chelsea&nbsp;<\/strong>de Enzo Fern\u00e1ndez jugar\u00e1 el&nbsp;<strong>s\u00e1bado 14 de septiembre a las 16<\/strong>&nbsp;(hora de Argentina) ante el Bournemouth por la fecha 4 de la<strong>&nbsp;Premier League<\/strong>. El ex-River llega a este partido luego de jugar 175 minutos en total con la Selecci\u00f3n argentina en la doble fecha de Eliminatorias ante Chile y Colombia.<\/p>\n\n\n\n<figure class=\"wp-block-image\"><img decoding=\"async\" src=\"https:\/\/tn.com.ar\/resizer\/v2\/enzo-fernandez-sumo-un-total-de-175-minutos-con-la-seleccion-argentina-en-la-doble-fecha-de-eliminatorias-sudamericanas-foto-reutersrodrigo-valle-FDYXJEKI3CCO64FPNUV4XMZJGI.jpg?auth=46c0bb4168d04164e8d18182ca2aa669cbf60c1d7e9122453449b4a42e33eea9&amp;width=767\" alt=\"Enzo Fern\u00e1ndez sum\u00f3 un total de 175 minutos con la Selecci\u00f3n argentina en la doble fecha de Eliminatorias Sudamericanas. (Foto: REUTERS\/Rodrigo Valle)\"\/><figcaption class=\"wp-element-caption\">Enzo Fern\u00e1ndez sum\u00f3 un total de 175 minutos con la Selecci\u00f3n argentina en la doble fecha de Eliminatorias Sudamericanas. (Foto: REUTERS\/Rodrigo Valle)<\/figcaption><\/figure>\n","protected":false},"excerpt":{"rendered":"<p>El futbolista argentino regres\u00f3 de su participaci\u00f3n en la doble fecha de Eliminatorias Sudamericanas y se encontr\u00f3 con una mala noticia. Tras su participaci\u00f3n en la doble fecha de\u00a0Eliminatorias Sudamericanas\u00a0con&hellip; <\/p>\n","protected":false},"author":12,"featured_media":165655,"comment_status":"closed","ping_status":"open","sticky":false,"template":"","format":"standard","meta":{"footnotes":""},"categories":[4],"tags":[],"class_list":["post-165640","post","type-post","status-publish","format-standard","has-post-thumbnail","hentry","category-deportes"],"_links":{"self":[{"href":"https:\/\/corrientesdetarde.com\/index.php\/wp-json\/wp\/v2\/posts\/165640","targetHints":{"allow":["GET"]}}],"collection":[{"href":"https:\/\/corrientesdetarde.com\/index.php\/wp-json\/wp\/v2\/posts"}],"about":[{"href":"https:\/\/corrientesdetarde.com\/index.php\/wp-json\/wp\/v2\/types\/post"}],"author":[{"embeddable":true,"href":"https:\/\/corrientesdetarde.com\/index.php\/wp-json\/wp\/v2\/users\/12"}],"replies":[{"embeddable":true,"href":"https:\/\/corrientesdetarde.com\/index.php\/wp-json\/wp\/v2\/comments?post=165640"}],"version-history":[{"count":1,"href":"https:\/\/corrientesdetarde.com\/index.php\/wp-json\/wp\/v2\/posts\/165640\/revisions"}],"predecessor-version":[{"id":165656,"href":"https:\/\/corrientesdetarde.com\/index.php\/wp-json\/wp\/v2\/posts\/165640\/revisions\/165656"}],"wp:featuredmedia":[{"embeddable":true,"href":"https:\/\/corrientesdetarde.com\/index.php\/wp-json\/wp\/v2\/media\/165655"}],"wp:attachment":[{"href":"https:\/\/corrientesdetarde.com\/index.php\/wp-json\/wp\/v2\/media?parent=165640"}],"wp:term":[{"taxonomy":"category","embeddable":true,"href":"https:\/\/corrientesdetarde.com\/index.php\/wp-json\/wp\/v2\/categories?post=165640"},{"taxonomy":"post_tag","embeddable":true,"href":"https:\/\/corrientesdetarde.com\/index.php\/wp-json\/wp\/v2\/tags?post=165640"}],"curies":[{"name":"wp","href":"https:\/\/api.w.org\/{rel}","templated":true}]}}