{"id":165641,"date":"2024-09-12T09:11:06","date_gmt":"2024-09-12T12:11:06","guid":{"rendered":"https:\/\/corrientesdetarde.com\/?p=165641"},"modified":"2024-09-12T09:11:10","modified_gmt":"2024-09-12T12:11:10","slug":"una-joven-denuncio-que-su-pareja-la-golpeo-torturo-y-abuso-de-ella-en-su-casa-la-rescataron-los-vecinos","status":"publish","type":"post","link":"https:\/\/corrientesdetarde.com\/index.php\/policiales\/una-joven-denuncio-que-su-pareja-la-golpeo-torturo-y-abuso-de-ella-en-su-casa-la-rescataron-los-vecinos\/","title":{"rendered":"Una joven denunci\u00f3 que su pareja la golpe\u00f3, tortur\u00f3 y abus\u00f3 de ella en su casa: la rescataron los vecinos"},"content":{"rendered":"\n<div class=\"wp-block-group is-nowrap is-layout-flex wp-container-core-group-is-layout-ad2f72ca wp-block-group-is-layout-flex\">\n<h3 class=\"wp-block-heading\">Ocurri\u00f3 en Neuqu\u00e9n. \u201cCierro los ojos y me acuerdo de su cara\u201d, lament\u00f3 la v\u00edctima, que estuvo 30 horas en cautiverio. El agresor tendr\u00e1 que cumplir prisi\u00f3n preventiva durante un mes.<\/h3>\n<\/div>\n\n\n\n<p>Una joven denunci\u00f3 haber sido&nbsp;<strong>encerrada, golpeada, torturada y abusada sexualmente<\/strong>&nbsp;por su novio en Neuqu\u00e9n. La v\u00edctima fue rescatada por sus vecinos y, tras la grave acusaci\u00f3n, el agresor cumplir\u00e1 un mes de prisi\u00f3n preventiva.<\/p>\n\n\n\n<p>En di\u00e1logo con\u00a0<em>Canal 7 Neuqu\u00e9n Noticias<\/em>, la mujer pidi\u00f3\u00a0<strong>ayuda m\u00e9dica y psicol\u00f3gica<\/strong>, y reclam\u00f3 a la Justicia que investigue el hecho para que\u00a0<strong>\u201cno quede en la nada\u201d<\/strong>.\u201cMe siento ultrajada y quiero que alguien me escuche\u201d, expres\u00f3.<\/p>\n\n\n\n<p>De acuerdo a su declaraci\u00f3n, su pareja la tuvo&nbsp;<strong>cautiva durante m\u00e1s de 30 horas<\/strong>&nbsp;en la casa que compart\u00edan.&nbsp;<strong>\u201cCierro los ojos y me acuerdo de su cara\u201d<\/strong>, dijo, a\u00fan consternada por la traum\u00e1tica situaci\u00f3n de la que fue v\u00edctima.<\/p>\n\n\n\n<p>Al mismo tiempo, se\u00f1al\u00f3 que sus&nbsp;<strong>vecinos escucharon ruidos extra\u00f1os&nbsp;<\/strong>y se acercaron a la vivienda para ver qu\u00e9 pasaba, pero el acusado les dijo que era la perra que se encontraba en celo y subi\u00f3 la m\u00fasica. Adem\u00e1s, a\u00f1adi\u00f3: \u201c<strong>Me tapaba la cabeza con un acolchado<\/strong>\u201d.<\/p>\n\n\n\n<p>Por su parte, una vecina asegur\u00f3 al mismo medio que escuch\u00f3 un grito de auxilio \u201cmuy feo\u201d, fue al lugar y vio&nbsp;<strong>a trav\u00e9s de una ventana a la joven ensangrentada y atada<\/strong>: \u201cNo s\u00e9 d\u00f3nde saqu\u00e9 fuerzas y la saqu\u00e9\u201d. El atacante intent\u00f3 escapar pero fue retenido por otros vecinos de la zona hasta que lleg\u00f3 la polic\u00eda y se lo llev\u00f3 detenido.<\/p>\n\n\n\n<p>El hombre fue imputado por los delitos de \u201c<strong>privaci\u00f3n ileg\u00edtima de la libertad agravada\u00a0<\/strong>por ser cometida con violencia en concurso real con abuso sexual con acceso carnal reiterado y da\u00f1o simple\u201d y coacci\u00f3n agravada y lesiones calificadas por el v\u00ednculo\u201d.<\/p>\n\n\n\n<p>Si bien el fiscal a cargo de la causa hab\u00eda solicitado que el imputado permanezca detenido con prisi\u00f3n preventiva por un plazo de cuatro meses por existir riesgo para la integridad de la v\u00edctima, riesgo de fuga y de entorpecimiento de la investigaci\u00f3n, el juez de garant\u00edas&nbsp;<strong>aval\u00f3 la medida por el lapso de 30 d\u00edas.<\/strong><\/p>\n\n\n\n<p>En el allanamiento en la casa del imputado se supo que fueron&nbsp;<strong>incautadas distintas jeringas,<\/strong>&nbsp;por lo que no descartan que el hombre sea un trabajador de la salud.<\/p>\n","protected":false},"excerpt":{"rendered":"<p>Ocurri\u00f3 en Neuqu\u00e9n. \u201cCierro los ojos y me acuerdo de su cara\u201d, lament\u00f3 la v\u00edctima, que estuvo 30 horas en cautiverio. El agresor tendr\u00e1 que cumplir prisi\u00f3n preventiva durante un&hellip; <\/p>\n","protected":false},"author":12,"featured_media":165657,"comment_status":"closed","ping_status":"open","sticky":false,"template":"","format":"standard","meta":{"footnotes":""},"categories":[33],"tags":[],"class_list":["post-165641","post","type-post","status-publish","format-standard","has-post-thumbnail","hentry","category-policiales"],"_links":{"self":[{"href":"https:\/\/corrientesdetarde.com\/index.php\/wp-json\/wp\/v2\/posts\/165641","targetHints":{"allow":["GET"]}}],"collection":[{"href":"https:\/\/corrientesdetarde.com\/index.php\/wp-json\/wp\/v2\/posts"}],"about":[{"href":"https:\/\/corrientesdetarde.com\/index.php\/wp-json\/wp\/v2\/types\/post"}],"author":[{"embeddable":true,"href":"https:\/\/corrientesdetarde.com\/index.php\/wp-json\/wp\/v2\/users\/12"}],"replies":[{"embeddable":true,"href":"https:\/\/corrientesdetarde.com\/index.php\/wp-json\/wp\/v2\/comments?post=165641"}],"version-history":[{"count":1,"href":"https:\/\/corrientesdetarde.com\/index.php\/wp-json\/wp\/v2\/posts\/165641\/revisions"}],"predecessor-version":[{"id":165658,"href":"https:\/\/corrientesdetarde.com\/index.php\/wp-json\/wp\/v2\/posts\/165641\/revisions\/165658"}],"wp:featuredmedia":[{"embeddable":true,"href":"https:\/\/corrientesdetarde.com\/index.php\/wp-json\/wp\/v2\/media\/165657"}],"wp:attachment":[{"href":"https:\/\/corrientesdetarde.com\/index.php\/wp-json\/wp\/v2\/media?parent=165641"}],"wp:term":[{"taxonomy":"category","embeddable":true,"href":"https:\/\/corrientesdetarde.com\/index.php\/wp-json\/wp\/v2\/categories?post=165641"},{"taxonomy":"post_tag","embeddable":true,"href":"https:\/\/corrientesdetarde.com\/index.php\/wp-json\/wp\/v2\/tags?post=165641"}],"curies":[{"name":"wp","href":"https:\/\/api.w.org\/{rel}","templated":true}]}}