{"id":165642,"date":"2024-09-12T09:11:49","date_gmt":"2024-09-12T12:11:49","guid":{"rendered":"https:\/\/corrientesdetarde.com\/?p=165642"},"modified":"2024-09-12T09:11:51","modified_gmt":"2024-09-12T12:11:51","slug":"por-favor-ayudenme-el-macabro-pedido-en-redes-del-joven-acusado-de-matar-a-su-abuela-en-san-martin","status":"publish","type":"post","link":"https:\/\/corrientesdetarde.com\/index.php\/policiales\/por-favor-ayudenme-el-macabro-pedido-en-redes-del-joven-acusado-de-matar-a-su-abuela-en-san-martin\/","title":{"rendered":"\u201cPor favor, ay\u00fadenme\u201d: el macabro pedido en redes del joven acusado de matar a su abuela en San Mart\u00edn"},"content":{"rendered":"\n<h3 class=\"wp-block-heading\">Despu\u00e9s de participar activamente en la b\u00fasqueda viralizando la foto de la v\u00edctima, Lucas Pedraza se quebr\u00f3 y confes\u00f3 el crimen. En su casa secuestraron un b\u00faho de madera que ser\u00eda el arma homicida.<\/h3>\n\n\n\n<p>\u201cHace&nbsp;<strong>15 d\u00edas que no veo a la abuela<\/strong>\u201d,le dijo Lucas Pedraza a su madre el lunes 2 de septiembre pasado. As\u00ed se inici\u00f3 la&nbsp;<strong>b\u00fasqueda de Estrella Dom\u00ednguez Fern\u00e1ndez<\/strong>, una jubilada espa\u00f1ola de 75 a\u00f1os que viv\u00eda en San Mart\u00edn, de la cual<strong>&nbsp;su nieto particip\u00f3 activamente<\/strong>&nbsp;a trav\u00e9s de las redes. Sin embargo, en las \u00faltimas horas, el caso tuvo un giro inesperado. La causa por la desaparici\u00f3n se convirti\u00f3 en la investigaci\u00f3n de un homicidio y el joven qued\u00f3 detenido&nbsp;<strong>despu\u00e9s de quebrarse y confesar<\/strong>&nbsp;el crimen.<\/p>\n\n\n\n<p>Fern\u00e1ndez estaba desaparecida desde el 28 de agosto, pero la\u00a0<strong>denuncia se hizo reci\u00e9n cinco d\u00edas despu\u00e9s<\/strong>. En paralelo con las primeras medidas dispuestas por los investigadores,\u00a0<strong>el nieto de la mujer viralizaba su foto<\/strong>\u00a0en las redes y ped\u00eda la colaboraci\u00f3n de la gente para dar con su paradero. \u201cPor favor, ay\u00fadenme a difundir, buscamos a mi abuela\u201d, poste\u00f3 desesperado.<\/p>\n\n\n\n<p>Pero con el correr de las horas, la declaraci\u00f3n de testigos puso un manto de duda sobre la aparente preocupaci\u00f3n del joven al asegurar que la jubilada\u201c<strong>hab\u00eda discutido con su nieto Lucas<\/strong>&nbsp;y desde entonces no tuvieron m\u00e1s noticias de ella\u201d.<\/p>\n\n\n\n<p>Con estos datos, los investigadores interrogaron a Pedraza y este confirm\u00f3 que hubo una pelea entre los dos pero manifest\u00f3 que despu\u00e9s&nbsp;<strong>su abuela se hab\u00eda ido llev\u00e1ndose su pasaporte<\/strong>&nbsp;y que seguro se \u201chab\u00eda ido para Espa\u00f1a\u201d.<\/p>\n\n\n\n<figure class=\"wp-block-image\"><img decoding=\"async\" src=\"https:\/\/tn.com.ar\/resizer\/v2\/el-cuerpo-de-a-victima-estaba-cubierto-con-una-mezcla-de-tierra-cal-y-cemento-en-el-interior-de-un-tambor-de-200-litros-foto-gentileza-via-szeta-N3VXLJWDWRC5JN2KRJ724DKIFM.JPG?auth=74b350d5212eeb867046a454bc7a1ca7eec392133c18a130f65027ca0bcb8de9&amp;width=767\" alt=\"El cuerpo de a v\u00edctima estaba cubierto con una mezcla de tierra, cal y cemento, en el interior de un tambor de 200 litros. (Foto: gentileza V\u00eda Szeta).\"\/><figcaption class=\"wp-element-caption\">El cuerpo de a v\u00edctima estaba cubierto con una mezcla de tierra, cal y cemento, en el interior de un tambor de 200 litros. (Foto: gentileza V\u00eda Szeta).<\/figcaption><\/figure>\n\n\n\n<p>Su testimonio no convenci\u00f3 a las autoridades, por lo que se orden\u00f3 un allanamiento en la casa familiar de la calle Bidondo y fue entonces cuando la causa dio un vuelco. El cuerpo de la mujer desaparecida estaba en la terraza de la propiedad, en el<strong>\u00a0interior de un tambor de 200 litros<\/strong>\u00a0y cubierto con una mezcla de tierra, cal y cemento.<\/p>\n\n\n\n<p>Acorralado, Pedraza se quebr\u00f3 en llanto y reconoci\u00f3, ante la polic\u00eda y un testigo,<strong>&nbsp;haber asesinado a su abuela<\/strong>. Tras la confesi\u00f3n del nieto, la polic\u00eda detuvo tambi\u00e9n a un segundo sospechoso.<\/p>\n\n\n\n<p>Se trata de un&nbsp;<strong>carnicero amigo del nieto de la v\u00edctima<\/strong>, que alquilaba una vivienda en el mismo lote. Seg\u00fan trascendi\u00f3, habr\u00eda incurrido en algunas contradicciones en su declaraci\u00f3n y presentaba heridas en el rostro, que presumen podr\u00edan ser defensivas.<\/p>\n\n\n\n<p>El caso es investigado por el&nbsp;<strong>fiscal Ernesto Farber<\/strong>, de la Unidad Fiscal N\u00b06 de San Mart\u00edn. En el mismo procedimiento en el que fueron detenidos los sospechosos,&nbsp;<strong>secuestraron un b\u00faho de madera<\/strong>&nbsp;con el que se habr\u00eda cometido el crimen.<\/p>\n","protected":false},"excerpt":{"rendered":"<p>Despu\u00e9s de participar activamente en la b\u00fasqueda viralizando la foto de la v\u00edctima, Lucas Pedraza se quebr\u00f3 y confes\u00f3 el crimen. En su casa secuestraron un b\u00faho de madera que&hellip; <\/p>\n","protected":false},"author":12,"featured_media":165659,"comment_status":"closed","ping_status":"open","sticky":false,"template":"","format":"standard","meta":{"footnotes":""},"categories":[33],"tags":[],"class_list":["post-165642","post","type-post","status-publish","format-standard","has-post-thumbnail","hentry","category-policiales"],"_links":{"self":[{"href":"https:\/\/corrientesdetarde.com\/index.php\/wp-json\/wp\/v2\/posts\/165642","targetHints":{"allow":["GET"]}}],"collection":[{"href":"https:\/\/corrientesdetarde.com\/index.php\/wp-json\/wp\/v2\/posts"}],"about":[{"href":"https:\/\/corrientesdetarde.com\/index.php\/wp-json\/wp\/v2\/types\/post"}],"author":[{"embeddable":true,"href":"https:\/\/corrientesdetarde.com\/index.php\/wp-json\/wp\/v2\/users\/12"}],"replies":[{"embeddable":true,"href":"https:\/\/corrientesdetarde.com\/index.php\/wp-json\/wp\/v2\/comments?post=165642"}],"version-history":[{"count":1,"href":"https:\/\/corrientesdetarde.com\/index.php\/wp-json\/wp\/v2\/posts\/165642\/revisions"}],"predecessor-version":[{"id":165660,"href":"https:\/\/corrientesdetarde.com\/index.php\/wp-json\/wp\/v2\/posts\/165642\/revisions\/165660"}],"wp:featuredmedia":[{"embeddable":true,"href":"https:\/\/corrientesdetarde.com\/index.php\/wp-json\/wp\/v2\/media\/165659"}],"wp:attachment":[{"href":"https:\/\/corrientesdetarde.com\/index.php\/wp-json\/wp\/v2\/media?parent=165642"}],"wp:term":[{"taxonomy":"category","embeddable":true,"href":"https:\/\/corrientesdetarde.com\/index.php\/wp-json\/wp\/v2\/categories?post=165642"},{"taxonomy":"post_tag","embeddable":true,"href":"https:\/\/corrientesdetarde.com\/index.php\/wp-json\/wp\/v2\/tags?post=165642"}],"curies":[{"name":"wp","href":"https:\/\/api.w.org\/{rel}","templated":true}]}}