{"id":165643,"date":"2024-09-12T09:04:43","date_gmt":"2024-09-12T12:04:43","guid":{"rendered":"https:\/\/corrientesdetarde.com\/?p=165643"},"modified":"2024-09-12T09:04:54","modified_gmt":"2024-09-12T12:04:54","slug":"la-advertencia-de-un-comentarista-de-ufc-sobre-el-cuerpo-de-mike-tyson-en-la-previa-de-la-pelea-con-jake-paul","status":"publish","type":"post","link":"https:\/\/corrientesdetarde.com\/index.php\/deportes\/la-advertencia-de-un-comentarista-de-ufc-sobre-el-cuerpo-de-mike-tyson-en-la-previa-de-la-pelea-con-jake-paul\/","title":{"rendered":"La advertencia de un comentarista de UFC sobre el cuerpo de Mike Tyson en la previa de la pelea con Jake Paul"},"content":{"rendered":"\n<h3 class=\"wp-block-heading\">Joe Rogan se refiri\u00f3 al combate entre el legendario excampe\u00f3n mundial de boxeo de 58 a\u00f1os y el youtuber de 27 y dej\u00f3 un interrogante alarmante.<\/h3>\n\n\n\n<p>Aunque el mes pasado el legendario excampe\u00f3n mundial\u00a0<strong>Mike Tyson<\/strong>\u00a0asegur\u00f3 estar listo para su\u00a0<strong>combate contra el youtuber convertido en boxeador Jake Paul, previsto para el 15 de noviembre en Texas<\/strong>, las dudas todav\u00eda sobrevuelan el combate, que ya debi\u00f3 postergarse una vez por problemas de salud de\u00a0<em>Iron Mike<\/em>.<\/p>\n\n\n\n<p>\u201cTuve un peque\u00f1o percance. Me enferm\u00e9, pero ahora me siento bien. Estoy preparado y listo\u201d, dec\u00eda Tyson, de 58 a\u00f1os, sobre la primera reprogramaci\u00f3n. Del otro lado estar\u00e1 Jake Paul, casi 31 a\u00f1os menor que el excampe\u00f3n mundial, por lo que&nbsp;<strong>en el mundo del deporte hay cierta preocupaci\u00f3n por c\u00f3mo se desarrollar\u00e1 la pelea<\/strong>.<\/p>\n\n\n\n<p>El reconocido comentarista de UFC&nbsp;<strong>Joe Rogan<\/strong>&nbsp;encendi\u00f3 las alarmas con un preocupante mensaje. \u201c<strong>Me gustar\u00eda que no fuera algo as\u00ed, en lo que un hombre de 58 a\u00f1os va a pelear contra un hombre de 27.<\/strong>&nbsp;Dicho esto,apoyo totalmente su deseo de hacerlo\u201d, comenz\u00f3.<\/p>\n\n\n\n<h2 class=\"wp-block-heading\">\u201cTal vez quiera una oportunidad m\u00e1s\u201d<\/h2>\n\n\n\n<p><strong>\u201c\u00bfQu\u00e9, va a vivir para siempre? No, no va a vivir para siempre. Tal vez quiera una oportunidad m\u00e1s. Tal vez su cuerpo pueda pelear una vez m\u00e1s, no lo s\u00e9\u201d<\/strong>, agreg\u00f3 en su podcast&nbsp;<em>The Joe Rogan Experience<\/em>.<\/p>\n\n\n\n<figure class=\"wp-block-image\"><img decoding=\"async\" src=\"https:\/\/tn.com.ar\/resizer\/v2\/mike-tyson-vs-jake-paul-photo-by-kena-betancur-afp-ZKXFQCR3ZZA5BHFXWYNCIQ3M3I.png?auth=f8f85cdb38b3f42f2b26156440909d0540b93297395046539ce8ae923bd3b537&amp;width=767\" alt=\"Mike Tyson vs. Jake Paul (Photo by Kena Betancur \/ AFP).\"\/><figcaption class=\"wp-element-caption\">Mike Tyson vs. Jake Paul (Photo by Kena Betancur \/ AFP).<\/figcaption><\/figure>\n\n\n\n<p>Rogan afirma&nbsp;<strong>no estar del todo seguro&nbsp;<\/strong>de c\u00f3mo se encuentra Tyson, m\u00e1s all\u00e1 de los videos que publica en sus redes sociales con su puesta a punto. \u201cSe ve muy bien con los guantes, pero yo puedo lucir bien con los guantes, especialmente si est\u00e1s viendo clips de 30 segundos.&nbsp;<strong>Lo que quieres es verlo haciendo sparring<\/strong>\u201d, se\u00f1al\u00f3.<\/p>\n\n\n\n<p>\u201cQuiero verlo golpeando la bolsa durante m\u00faltiples rondas. Veamos tres rondas fuertes con el saco. Quiero ver qu\u00e9 puedes hacer. Quiero ver c\u00f3mo se mueven tus pies.&nbsp;<strong>Quiero ver si est\u00e1 desequilibrado cuando lanza combinaciones<\/strong>\u201d, cerr\u00f3.<\/p>\n\n\n\n<h2 class=\"wp-block-heading\">Cu\u00e1ndo ser\u00e1 la pelea entre Jake Paul yMike Tyson<\/h2>\n\n\n\n<p><strong>Jake Paul&nbsp;<\/strong>y<strong>&nbsp;Mike Tyson&nbsp;<\/strong>se enfrentar\u00e1n en un combate profesional de peso pesado el pr\u00f3ximo<strong>&nbsp;15 de noviembre de 2024<\/strong>&nbsp;en el estadio&nbsp;<strong>AT&amp;T&nbsp;<\/strong>en&nbsp;<strong>Arlington<\/strong>,&nbsp;<strong>Texas<\/strong>. La pelea estar\u00e1 compuesta por&nbsp;<strong>8 asaltos<\/strong>&nbsp;de<strong>&nbsp;2 minutos<\/strong>&nbsp;con guantes de&nbsp;<strong>14 onzas<\/strong>. La pelea se podr\u00e1 ver en directo a trav\u00e9s de la plataforma de streaming de&nbsp;<em><strong>Netflix<\/strong><\/em>.<\/p>\n","protected":false},"excerpt":{"rendered":"<p>Joe Rogan se refiri\u00f3 al combate entre el legendario excampe\u00f3n mundial de boxeo de 58 a\u00f1os y el youtuber de 27 y dej\u00f3 un interrogante alarmante. Aunque el mes pasado&hellip; <\/p>\n","protected":false},"author":12,"featured_media":165646,"comment_status":"closed","ping_status":"open","sticky":false,"template":"","format":"standard","meta":{"footnotes":""},"categories":[4],"tags":[],"class_list":["post-165643","post","type-post","status-publish","format-standard","has-post-thumbnail","hentry","category-deportes"],"_links":{"self":[{"href":"https:\/\/corrientesdetarde.com\/index.php\/wp-json\/wp\/v2\/posts\/165643","targetHints":{"allow":["GET"]}}],"collection":[{"href":"https:\/\/corrientesdetarde.com\/index.php\/wp-json\/wp\/v2\/posts"}],"about":[{"href":"https:\/\/corrientesdetarde.com\/index.php\/wp-json\/wp\/v2\/types\/post"}],"author":[{"embeddable":true,"href":"https:\/\/corrientesdetarde.com\/index.php\/wp-json\/wp\/v2\/users\/12"}],"replies":[{"embeddable":true,"href":"https:\/\/corrientesdetarde.com\/index.php\/wp-json\/wp\/v2\/comments?post=165643"}],"version-history":[{"count":1,"href":"https:\/\/corrientesdetarde.com\/index.php\/wp-json\/wp\/v2\/posts\/165643\/revisions"}],"predecessor-version":[{"id":165647,"href":"https:\/\/corrientesdetarde.com\/index.php\/wp-json\/wp\/v2\/posts\/165643\/revisions\/165647"}],"wp:featuredmedia":[{"embeddable":true,"href":"https:\/\/corrientesdetarde.com\/index.php\/wp-json\/wp\/v2\/media\/165646"}],"wp:attachment":[{"href":"https:\/\/corrientesdetarde.com\/index.php\/wp-json\/wp\/v2\/media?parent=165643"}],"wp:term":[{"taxonomy":"category","embeddable":true,"href":"https:\/\/corrientesdetarde.com\/index.php\/wp-json\/wp\/v2\/categories?post=165643"},{"taxonomy":"post_tag","embeddable":true,"href":"https:\/\/corrientesdetarde.com\/index.php\/wp-json\/wp\/v2\/tags?post=165643"}],"curies":[{"name":"wp","href":"https:\/\/api.w.org\/{rel}","templated":true}]}}