{"id":165645,"date":"2024-09-12T09:06:21","date_gmt":"2024-09-12T12:06:21","guid":{"rendered":"https:\/\/corrientesdetarde.com\/?p=165645"},"modified":"2024-09-12T09:06:32","modified_gmt":"2024-09-12T12:06:32","slug":"kicillof-designo-a-capitanich-al-frente-de-un-area-del-banco-provincia-que-estuvo-inactiva-durante-veinte-anos","status":"publish","type":"post","link":"https:\/\/corrientesdetarde.com\/index.php\/politica\/kicillof-designo-a-capitanich-al-frente-de-un-area-del-banco-provincia-que-estuvo-inactiva-durante-veinte-anos\/","title":{"rendered":"Kicillof design\u00f3 a Capitanich al frente de un \u00e1rea del Banco Provincia que estuvo inactiva durante veinte a\u00f1os"},"content":{"rendered":"\n<h3 class=\"wp-block-heading\">El gobernador bonaerense impuls\u00f3 la llegada del ex mandatario de Chaco en la entidad. Senadores provinciales libertarios hicieron un pedido de informes.<\/h3>\n\n\n\n<p>Por orden del gobernador bonaerense,\u00a0<strong>Axel Kicillof,<\/strong>\u00a0el directorio del Banco Provincia aprob\u00f3 la\u00a0<strong>designaci\u00f3n\u00a0<\/strong>del ex mandatario provincial de Chaco,\u00a0<strong>Jorge Capitanich,<\/strong>\u00a0al frente del Centro de Estudios Federales, un \u00e1rea que no se usa desde hace m\u00e1s de dos d\u00e9cadas. Senadores bonaerenses de La Libertad Avanza exigieron explicaciones sobre el nombramiento.<\/p>\n\n\n\n<p>El nombramiento, en lo formal, fue impulsado por el presidente del BAPRO,\u00a0<strong>Juan Cuattromo,\u00a0<\/strong>que responde a Kicillof, en una designaci\u00f3n en vista al armado del gobernador bonaerense por sus aspiraciones para\u00a0<strong>las elecciones presidenciales de 2027,<\/strong>\u00a0con el objetivo de darle un car\u00e1cter m\u00e1s federal a la entidad.<\/p>\n\n\n\n<p>En su jugada pol\u00edtica por posicionarse como principal opositor para la pr\u00f3xima elecci\u00f3n presidencial al gobierno de\u00a0<strong>Javier Milei,<\/strong>\u00a0Kicillof deleg\u00f3 la tarea en su ministro de Gobierno,\u00a0<strong>Carlos Bianco,<\/strong>\u00a0y de Desarrollo de la Comunidad,\u00a0<strong>Andr\u00e9s \u201cCuervo\u201d Larroque.<\/strong>\u00a0En este sentido Kicillof adem\u00e1s encabez\u00f3 el mi\u00e9rcoles junto a su gabinete una de las marchas al Congreso en rechazo al veto de Milei a la reforma jubilatoria, que finalmente fue confirmado por Diputados.<\/p>\n\n\n\n<h2 class=\"wp-block-heading\">La Libertad Avanza le reclama explicaciones por la designaci\u00f3n Capitanich en el Banco Provincia<\/h2>\n\n\n\n<p>El bloque de La Libertad Avanza en el Senado bonaerense, liderado por&nbsp;<strong>Carlos Curestis,<\/strong>&nbsp;present\u00f3 junto a los legisladores,&nbsp;<strong>Florencia Arietto<\/strong>&nbsp;y&nbsp;<strong>Joaqu\u00edn de la Torre,&nbsp;<\/strong>un pedido de informes para que Kicillof d\u00e9 explicaciones sobre la designaci\u00f3n de Capitanich en el BAPRO. Reclaman precisiones sobre los fines de la dependencia a cargo de Capitanich, el sueldo que el dirigente gana en su nueva funci\u00f3n, si hubo subas salariales en los \u00faltimos meses, y si el nombramiento fue aprobado de manera un\u00e1nime por el directorio del&nbsp;<strong>BAPRO&nbsp;<\/strong>o si fue por cuenta de Cuattromo.<\/p>\n\n\n\n<ul class=\"wp-block-list\">\n<li>De acuerdo al pedido de informes de los senadores bonaerenses de LLA el sueldo de Capitanich ser\u00eda inicialmente de\u00a0<strong>$8 millones,<\/strong>\u00a0millonaria cifra que habr\u00eda escalado a $15 millones por una reciente suba.<\/li>\n\n\n\n<li>Desde el bloque provincial del LLA, en pleno enfrentamiento entre Milei y Kicillof, le hicieron fuertes cr\u00edticas al gobernador bonaerense: \u201cLa provincia de Buenos Aires es una\u00a0<strong>provincia deficitaria,<\/strong>\u00a0llena de deudas, incluso en las \u00e1reas m\u00e1s sensibles como es el caso de la salud, educaci\u00f3n y seguridad. Sin perjuicio de ello, observamos que\u00a0<strong>Kicillof\u00a0<\/strong>toma como prioridad la designaci\u00f3n de un exgobernador de otra provincia con\u00a0<strong>sueldos extremadamente altos<\/strong>\u00a0que pagan todos los bonaerenses con sus impuestos\u201d.<\/li>\n\n\n\n<li>Reclamaron por eficiencia en la administraci\u00f3n, que advirtieron que es \u201cinviable con la\u00a0<strong>contrataci\u00f3n de amigos de la pol\u00edtica<\/strong>\u00a0que cobran sueldos alt\u00edsimos sin saber cu\u00e1l es su funci\u00f3n en la administraci\u00f3n de la provincia de Buenos Aires\u201d.<\/li>\n<\/ul>\n","protected":false},"excerpt":{"rendered":"<p>El gobernador bonaerense impuls\u00f3 la llegada del ex mandatario de Chaco en la entidad. Senadores provinciales libertarios hicieron un pedido de informes. Por orden del gobernador bonaerense,\u00a0Axel Kicillof,\u00a0el directorio del&hellip; <\/p>\n","protected":false},"author":12,"featured_media":165648,"comment_status":"closed","ping_status":"open","sticky":false,"template":"","format":"standard","meta":{"footnotes":""},"categories":[3],"tags":[],"class_list":["post-165645","post","type-post","status-publish","format-standard","has-post-thumbnail","hentry","category-politica"],"_links":{"self":[{"href":"https:\/\/corrientesdetarde.com\/index.php\/wp-json\/wp\/v2\/posts\/165645","targetHints":{"allow":["GET"]}}],"collection":[{"href":"https:\/\/corrientesdetarde.com\/index.php\/wp-json\/wp\/v2\/posts"}],"about":[{"href":"https:\/\/corrientesdetarde.com\/index.php\/wp-json\/wp\/v2\/types\/post"}],"author":[{"embeddable":true,"href":"https:\/\/corrientesdetarde.com\/index.php\/wp-json\/wp\/v2\/users\/12"}],"replies":[{"embeddable":true,"href":"https:\/\/corrientesdetarde.com\/index.php\/wp-json\/wp\/v2\/comments?post=165645"}],"version-history":[{"count":1,"href":"https:\/\/corrientesdetarde.com\/index.php\/wp-json\/wp\/v2\/posts\/165645\/revisions"}],"predecessor-version":[{"id":165650,"href":"https:\/\/corrientesdetarde.com\/index.php\/wp-json\/wp\/v2\/posts\/165645\/revisions\/165650"}],"wp:featuredmedia":[{"embeddable":true,"href":"https:\/\/corrientesdetarde.com\/index.php\/wp-json\/wp\/v2\/media\/165648"}],"wp:attachment":[{"href":"https:\/\/corrientesdetarde.com\/index.php\/wp-json\/wp\/v2\/media?parent=165645"}],"wp:term":[{"taxonomy":"category","embeddable":true,"href":"https:\/\/corrientesdetarde.com\/index.php\/wp-json\/wp\/v2\/categories?post=165645"},{"taxonomy":"post_tag","embeddable":true,"href":"https:\/\/corrientesdetarde.com\/index.php\/wp-json\/wp\/v2\/tags?post=165645"}],"curies":[{"name":"wp","href":"https:\/\/api.w.org\/{rel}","templated":true}]}}