{"id":165722,"date":"2024-09-12T13:55:49","date_gmt":"2024-09-12T16:55:49","guid":{"rendered":"https:\/\/corrientesdetarde.com\/?p=165722"},"modified":"2024-09-12T13:56:01","modified_gmt":"2024-09-12T16:56:01","slug":"el-paro-de-los-gremios-aeronauticos-de-este-viernes-y-sabado-afectara-a-mas-de-30-000-pasajeros","status":"publish","type":"post","link":"https:\/\/corrientesdetarde.com\/index.php\/politica\/el-paro-de-los-gremios-aeronauticos-de-este-viernes-y-sabado-afectara-a-mas-de-30-000-pasajeros\/","title":{"rendered":"El paro de los gremios aeron\u00e1uticos de este viernes y s\u00e1bado afectar\u00e1 a m\u00e1s de 30.000 pasajeros"},"content":{"rendered":"\n<p>La huelga es impulsada por tres sindicatos. Complicar\u00e1 vuelos de Aerol\u00edneas Argentinas, de compa\u00f1\u00edas low cost y de empresas internacionales. Se abre un nuevo conflicto por un reclamo por los asientos en business.<\/p>\n\n\n\n<p>El nuevo paro de aer\u00f3nauticos \u00a0\u00a0por 24 horas, desde el pr\u00f3ximo viernes a las 12.00 hasta el s\u00e1bado a la misma hora, afectar\u00e1 a m\u00e1s de\u00a0<strong>30.000 pasajeros.<\/strong>\u00a0La medida de fuerza fue dispuesta por tres sindicatos: la Asociaci\u00f3n de Pilotos de L\u00edneas A\u00e9reas (APLA), la Asociaci\u00f3n Argentina de Aeronavegantes (AAA) y la Asociaci\u00f3n del Personal Aeron\u00e1utico (APA), luego de una asamblea conjunta.<\/p>\n\n\n\n<p>La huelga\u00a0<strong>afectar\u00e1 tanto a los vuelos de Aerol\u00edneas Argentinas como a los de las dos compa\u00f1\u00edas<\/strong>\u00a0<em>low cost\u00a0<\/em>que operan cabotaje en el pa\u00eds, adem\u00e1s de las empresas internacionales. Este martes hubo asambleas en diferentes aeropuertos del pa\u00eds y los vuelos se vieron afectados.<\/p>\n\n\n\n<p>Por el\u00a0paro de pilotos del viernes pasado, 183 vuelos se vieron afectados\u00a0y m\u00e1s de\u00a0<strong>15.000 personas<\/strong>\u00a0sufrieron las consecuencias.<\/p>\n\n\n\n<h2 class=\"wp-block-heading\">Los pilotos protestan porque Aerol\u00ednes no les da pasajes en business<\/h2>\n\n\n\n<p>En medio de las medidas de fuerza, APLA protesta porque Aerol\u00edneas Argentinas no les confirm\u00f3 a los pilotos&nbsp;<strong>pasajes en business<\/strong>&nbsp;para sus vacaciones. Desde el gremio plantearon en un comunicado: \u201cLa empresa Aerol\u00edneas Argentinas ha decidido generar un&nbsp;<strong>incumplimiento&nbsp;<\/strong>m\u00e1s a nuestro CCT (convenio colectivo de trabajo): de manera unilateral<strong>&nbsp;ya no confirma<\/strong>&nbsp;los pasajes vacacionales en Business, lo hace en Turista\u201d.<\/p>\n\n\n\n<p>Desde APLA manifestaron: \u201cAerol\u00edneas Argentinas solo realiza el upgrade en el aeropuerto, siempre que haya disponibilidad. Se trata de una nueva provocaci\u00f3n que solo busca agravar a\u00fan m\u00e1s el conflicto, violentando nuevamente el CCT. M\u00e1s all\u00e1 de realizar las denuncias pertinentes continuaremos en la lucha por la defensa de nuestros derechos, del CCT y de una retribuci\u00f3n justa y acorde a nuestra funci\u00f3n\u201d.<\/p>\n\n\n\n<h2 class=\"wp-block-heading\">Claves del conflicto entre los gremios aeron\u00e1uticos y el Gobierno<\/h2>\n\n\n\n<p>A ra\u00edz de los<strong>\u00a0reiterados paros<\/strong>\u00a0en el sector aeron\u00e1utico, el Gobierno decidi\u00f3 declarar esencial el transporte aerocomercial. Seg\u00fan anunci\u00f3 el Ministerio de Capital Humano, se busca garantizar que haya un<strong>\u00a0servicio m\u00ednimo<\/strong>\u00a0para la poblaci\u00f3n en d\u00edas de medidas de fuerza.<\/p>\n\n\n\n<ul class=\"wp-block-list\">\n<li>Luego, la suspensi\u00f3n judicial del decreto 70\/23, dej\u00f3 al Gobierno\u00a0<strong>sin herramientas efectivas<\/strong>\u00a0para detener estas asambleas informativas. Seg\u00fan fuentes oficiales, no es posible decretar una conciliaci\u00f3n obligatoria si no hay un paro formal, lo que permite a los gremios evitar sanciones inmediatas y mantener su plan de lucha.<\/li>\n\n\n\n<li>El conflicto puso en la mira a\u00a0<strong>Pablo Bir\u00f3,<\/strong>\u00a0acusado de politizar su liderazgo sindical y causar un grave perjuicio econ\u00f3mico a Aerol\u00edneas Argentinas. El Ejecutivo y empresarios denuncian que el sindicalista usa su influencia para desestabilizar la compa\u00f1\u00eda. Desde el gremio defienden su derecho a manifestarse. En este escenario de tensi\u00f3n, los pasajeros contin\u00faan siendo los principales afectados, enfrentando cancelaciones y demoras en sus viajes sin una soluci\u00f3n clara a la vista.<\/li>\n\n\n\n<li>En tanto Aerol\u00edneas Argentinas anunci\u00f3 que denunciar\u00e1 a los gremios aeron\u00e1uticos por los paros y \u201casambleas informativas\u201d de las \u00faltimas semanas, lo que caus\u00f3\u00a0<strong>p\u00e9rdidas por US$2 millones,\u00a0<\/strong>seg\u00fan la compa\u00f1\u00eda.<\/li>\n\n\n\n<li>Asimismo, Aerol\u00edneas iniciar\u00e1 \u201clas acciones necesarias\u201d para\u00a0<strong>expulsar a Bir\u00f3 del directorio de la compa\u00f1\u00eda\u00a0<\/strong>y desde la Secretaria de Transporte reforzaron \u201cla decisi\u00f3n tomada\u201d para que el titular del gremio de los pilotos (APLA) deje ese \u00f3rgano de gobierno corporativo. Tambi\u00e9n denunciar\u00e1 al representante de AAA (aeronavegantes), Juan Pablo Rey.<\/li>\n\n\n\n<li>Para Aerol\u00edneas, la conducta del l\u00edder de APLA es m\u00e1s grave porque es parte del\u00a0<strong>directorio de la l\u00ednea de bandera.<\/strong>\u00a0Por eso, adelantaron que, por pedido de la Secretar\u00eda de Transporte,<strong>\u00a0tomar\u00e1n las acciones necesarias para expulsarlo<\/strong>\u00a0de ese cargo.<\/li>\n\n\n\n<li>El secretario de Transporte,\u00a0<strong>Franco Mogetta<\/strong>, ratific\u00f3 la denuncia de Aerol\u00edneas Argentinas y confirm\u00f3 que la expulsi\u00f3n del sindicalista \u201ces una decisi\u00f3n tomada\u201d. \u201cSe va a convocar a una asamblea para<strong>\u00a0expulsar con causa a Pablo Bir\u00f3<\/strong>\u00a0y, luego de esto, avanzaremos con las causas judiciales\u201d, explic\u00f3.<\/li>\n\n\n\n<li>En cuanto al reclamo salarial, el funcionario asegur\u00f3 que las negociaciones paritarias \u201cest\u00e1n abiertas con todos los gremios\u201d y que la l\u00ednea de bandera propone una recomposici\u00f3n salarial \u201crazonable\u201d y apunt\u00f3 contra el jefe de APLA: \u201c\u00c9l\u00a0<strong>solo defiende sus intereses personales\u201d<\/strong>.<\/li>\n\n\n\n<li>\u201cEstamos dispuestos a dar todas las batallas, no es un capricho.\u00a0<strong>Llevaremos adelante todos los medios posibles para garantizar el servicio<\/strong>\u201d, dijo Moggeta.<\/li>\n<\/ul>\n","protected":false},"excerpt":{"rendered":"<p>La huelga es impulsada por tres sindicatos. Complicar\u00e1 vuelos de Aerol\u00edneas Argentinas, de compa\u00f1\u00edas low cost y de empresas internacionales. Se abre un nuevo conflicto por un reclamo por los&hellip; <\/p>\n","protected":false},"author":8,"featured_media":165724,"comment_status":"closed","ping_status":"open","sticky":false,"template":"","format":"standard","meta":{"footnotes":""},"categories":[3],"tags":[],"class_list":["post-165722","post","type-post","status-publish","format-standard","has-post-thumbnail","hentry","category-politica"],"_links":{"self":[{"href":"https:\/\/corrientesdetarde.com\/index.php\/wp-json\/wp\/v2\/posts\/165722","targetHints":{"allow":["GET"]}}],"collection":[{"href":"https:\/\/corrientesdetarde.com\/index.php\/wp-json\/wp\/v2\/posts"}],"about":[{"href":"https:\/\/corrientesdetarde.com\/index.php\/wp-json\/wp\/v2\/types\/post"}],"author":[{"embeddable":true,"href":"https:\/\/corrientesdetarde.com\/index.php\/wp-json\/wp\/v2\/users\/8"}],"replies":[{"embeddable":true,"href":"https:\/\/corrientesdetarde.com\/index.php\/wp-json\/wp\/v2\/comments?post=165722"}],"version-history":[{"count":1,"href":"https:\/\/corrientesdetarde.com\/index.php\/wp-json\/wp\/v2\/posts\/165722\/revisions"}],"predecessor-version":[{"id":165725,"href":"https:\/\/corrientesdetarde.com\/index.php\/wp-json\/wp\/v2\/posts\/165722\/revisions\/165725"}],"wp:featuredmedia":[{"embeddable":true,"href":"https:\/\/corrientesdetarde.com\/index.php\/wp-json\/wp\/v2\/media\/165724"}],"wp:attachment":[{"href":"https:\/\/corrientesdetarde.com\/index.php\/wp-json\/wp\/v2\/media?parent=165722"}],"wp:term":[{"taxonomy":"category","embeddable":true,"href":"https:\/\/corrientesdetarde.com\/index.php\/wp-json\/wp\/v2\/categories?post=165722"},{"taxonomy":"post_tag","embeddable":true,"href":"https:\/\/corrientesdetarde.com\/index.php\/wp-json\/wp\/v2\/tags?post=165722"}],"curies":[{"name":"wp","href":"https:\/\/api.w.org\/{rel}","templated":true}]}}