{"id":165726,"date":"2024-09-12T14:02:02","date_gmt":"2024-09-12T17:02:02","guid":{"rendered":"https:\/\/corrientesdetarde.com\/?p=165726"},"modified":"2024-09-12T14:02:15","modified_gmt":"2024-09-12T17:02:15","slug":"el-respaldo-de-la-fifa-a-la-afa-ante-la-presion-del-gobierno-por-las-sociedades-anonimas-deportivas","status":"publish","type":"post","link":"https:\/\/corrientesdetarde.com\/index.php\/deportes\/el-respaldo-de-la-fifa-a-la-afa-ante-la-presion-del-gobierno-por-las-sociedades-anonimas-deportivas\/","title":{"rendered":"El respaldo de la FIFA a la AFA ante la presi\u00f3n del Gobierno por las Sociedades An\u00f3nimas Deportivas"},"content":{"rendered":"\n<p>La Asociaci\u00f3n que preside el Chiqui Tapia recibi\u00f3 el apoyo del m\u00e1ximo ente del f\u00fatbol mundial y de la Conmebol en su lucha con el presidente Javier Milei.<\/p>\n\n\n\n<p>\u00a0La AFA sigue dando pelea en la batalla contra las Sociedades An\u00f3nimas Deportivas (SAD). En este caso, la Asociaci\u00f3n que preside Claudio \u2018Chiqui\u2019 Tapia public\u00f3 un comunicado en el que da a conocer las resoluciones de la<strong>\u00a0FIFA y la Conmebol<\/strong>\u00a0sobre la decisi\u00f3n del Gobierno de\u00a0<strong>Javier Milei<\/strong>\u00a0de<strong>\u00a0imponer la aceptaci\u00f3n de las Sociedades An\u00f3nimas en el f\u00fatbol argentino.<\/strong><\/p>\n\n\n\n<p>El escrito se titula&nbsp;<strong>\u201cNuestras selecciones y un serio peligro a la vista\u201d<\/strong>&nbsp;y asegura que la federaci\u00f3n argentina podr\u00eda&nbsp;<strong>sufrir la desafiliaci\u00f3n de la FIFA&nbsp;<\/strong>en caso de que el Poder Ejecutivo intervenga en la pol\u00edtica interna del organismo para modificar el estatuto.<\/p>\n\n\n\n<figure class=\"wp-block-image\"><img decoding=\"async\" src=\"https:\/\/tn.com.ar\/resizer\/v2\/los-dirigetes-del-futbol-sudamericano-alejandro-dominguez-y-chiqui-tapia-junto-al-presidente-de-fifa-gianni-infantino-IGYZAM3GCVBCVBG23PXTYQ7C5E.jpg?auth=f02a25cdca8a94495736b866fa4962e7c373af766eb977930a8ff24d45e041c8&amp;width=767\" alt=\"Los dirigetes del f\u00fatbol sudamericano, Alejandro Dominguez y Chiqui Tapia, junto al presidente de FIFA, Gianni Infantino.\"\/><\/figure>\n\n\n\n<p>\u201cLa Asociaci\u00f3n del F\u00fatbol Argentino comunica que ante el dictado por parte del poder ejecutivo de los DNU 70\/23 (reglamentado luego por el Decreto 730\/24), por medio de los cuales\u00a0<strong>se pretende obligar a esta Casa a cambiar su estatuto a fin de permitir el ingreso de sociedades an\u00f3nimas como miembros de la misma<\/strong>, la Gerencia de Legales a cargo del Dr. Andr\u00e9s Paton Urich elev\u00f3 a principio del mes de agosto una consulta jur\u00eddica a FIFA y CONMEBOL a fin de establecer si dicha norma no resultaba violatoria de sus estatutos en relaci\u00f3n a la independencia de las federaciones que deben manejar sus asuntos internos sin la injerencia de terceros\u201d, comienza el comunicado.<\/p>\n\n\n\n<p>Luego, se detalla la respuesta de ambos entes. \u201cEn atenci\u00f3n a lo considerado en los apartados cuarto y quinto, entendemos que las federaciones miembros de la FIFA \u2013 y en este caso la AFA \u2013&nbsp;<strong>deben gozar de la autonom\u00eda suficiente para determinar de manera libre y democr\u00e1tica la naturaleza jur\u00eddica de los clubes&nbsp;<\/strong>que participen en sus competiciones nacionales\u201d, informaron desde la FIFA y agregaron: \u201cLa AFA, y solo la AFA, resulta, a la vista del marco jur\u00eddico de la FIFA, la \u00fanica entidad competente para decidir, a trav\u00e9s de sus \u00f3rganos leg\u00edtimos de gobierno asociativo, los aspectos relativos a la naturaleza jur\u00eddica de los clubes afiliados a la misma\u201d.<\/p>\n\n\n\n<figure class=\"wp-block-image\"><img decoding=\"async\" src=\"https:\/\/tn.com.ar\/resizer\/v2\/javier-milei-y-claudio-chiqui-tapia-enfrentados-por-las-sociedades-anonimas-deportivas-fotos-efe-y-ap-3QTFDKQODZG2NOPBLBWXODBQIU.jpg?auth=c65f1fd2d142d74b3a9b2c003f53bcaf004b57160bb9be66d2e50faaf6d69409&amp;width=767\" alt=\"Javier Milei y Claudio &quot;Chiqui&quot; Tapia, enfrentados por las sociedades an\u00f3nimas deportivas (Fotos: EFE y AP)\"\/><\/figure>\n\n\n\n<h2 class=\"wp-block-heading\">El caso de Brasil y la advertencia de la FIFA a la intervenci\u00f3n del estado<\/h2>\n\n\n\n<p>El 26 de diciembre del a\u00f1o pasado, el Gobierno brasile\u00f1o destituy\u00f3 de su cargo a Ednaldo Rodrigues, presidente de la Confederaci\u00f3n Brasile\u00f1a de F\u00fatbol (CBF). Esto fue un llamado de atenci\u00f3n a la FIFA que amenaz\u00f3 al f\u00fatbol de ese pa\u00eds con dejar afuera a su Selecci\u00f3n de las competencias internacionales.<\/p>\n\n\n\n<p>La FIFA envi\u00f3 una carta a trav\u00e9s del presidente de sus asociaciones miembro, el franc\u00e9s Kenny Jean Marie, a la que suscribi\u00f3 la paraguaya Monserrat Jim\u00e9nez Granda, secretaria general adjunta de la Conmebol.<\/p>\n\n\n\n<p>All\u00ed indicaban que&nbsp;<strong>no tolerar\u00edan la injerencia estatal en los manejos de sus asociaciones miembro y no dudar\u00e1n en desafiliar a Brasil de todas sus competiciones<\/strong>&nbsp;si no se repon\u00eda a Ednaldo Rodrigues como presidente de la Confederaci\u00f3n Brasile\u00f1a de F\u00fatbol (CBF).<\/p>\n\n\n\n<p>Finalmente, la<strong>&nbsp;Justicia de ese pa\u00eds orden\u00f3 reponer a Rodrigues en el cargo<\/strong>, en medio de amenazas de la FIFA de aplicar sanciones contra el f\u00fatbol brasile\u00f1o, y todo volvi\u00f3 a la normalidad.<\/p>\n\n\n\n<h2 class=\"wp-block-heading\">El caso de Mali<\/h2>\n\n\n\n<p><strong>Por un caso similar, la FIFA suspendi\u00f3 recientemente como asociada a la Federaci\u00f3n de f\u00fatbol de Mal\u00ed&nbsp;<\/strong>tras considerar una \u201cindebida interferencia\u201d del gobierno de ese pa\u00eds, despu\u00e9s de que el Ministro de Deportes disolviera el comit\u00e9 ejecutivo de la entidad y nombrara un \u201ccomit\u00e9 provisional\u201d para gestionar la asociaci\u00f3n y disponer la elecci\u00f3n de nueva junta directiva, pese a las advertencias.<\/p>\n\n\n\n<h2 class=\"wp-block-heading\">El comunicado completo de la AFA<\/h2>\n\n\n\n<p><em>La Asociaci\u00f3n del F\u00fatbol Argentino comunica que ante el dictado por parte del poder ejecutivo de los DNU 70\/23 (reglamentado luego por el Decreto 730\/24), por medio de los cuales se pretende obligar a esta Casa a cambiar su estatuto a fin de permitir el ingreso de sociedades an\u00f3nimas como miembros de la misma, la Gerencia de Legales a cargo del Dr. Andr\u00e9s Paton Urich elev\u00f3 a principio del mes de agosto una consulta jur\u00eddica a FIFA y CONMEBOL a fin de establecer si dicha norma no resultaba violatoria de sus estatutos en relaci\u00f3n a la independencia de las federaciones que deben manejar sus asuntos internos sin la injerencia de terceros.<\/em><\/p>\n\n\n\n<p><em>Con fecha 2 de septiembre de 2024, la FIFA a trav\u00e9s de su Director Legal y de Cumplimiento, Dr. Emilio Garc\u00eda Silvero ha emitido su dictamen manifestando en sus puntos m\u00e1s relevantes que, \u201cEn atenci\u00f3n a lo considerado en los apartados cuarto y quinto, entendemos que las federaciones miembros de la FIFA \u2013 y en este caso la AFA \u2013 deben gozar de la autonom\u00eda suficiente para determinar de manera libre y democr\u00e1tica la naturaleza jur\u00eddica de los clubes que participen en sus competiciones nacionales. La AFA, y solo la AFA, resulta, a la vista del marco jur\u00eddico de la FIFA, la \u00fanica entidad competente para decidir, a trav\u00e9s de sus \u00f3rganos leg\u00edtimos de gobierno asociativo, los aspectos relativos a la naturaleza jur\u00eddica de los clubes afiliados a la misma.\u201d<\/em><\/p>\n\n\n\n<p><em>Asimismo, concluy\u00f3 que, \u201cCorresponde a la AFA, sin intervenci\u00f3n estatal alguna, decidir democr\u00e1ticamente si sus clubes afiliados deben de retener la naturaleza jur\u00eddica de asociaciones civiles de manera obligatoria -como es el caso actual, cf. art\u00edculo 10 (2) Estatutos de la AFA-, transformarse en Sociedades An\u00f3nimas Deportivas u optar por un modelo diferente. Cualquier otra decisi\u00f3n al respecto que no proceda de los \u00f3rganos de gobierno de la AFA en uso de su autonom\u00eda entrar\u00eda en conflicto con el art\u00edculo 19 (1) de los Estatutos de la FIFA, suponiendo igualmente un incumplimiento de lo dispuesto en el art\u00edculo 14 (1) (i) del mismo texto estatutario.\u201d<\/em><\/p>\n\n\n\n<p><em>Por su parte, con fecha 21 de Agosto, la CONMEBOL a trav\u00e9s de su Directora Jur\u00eddica Dra. Monserrat Jimenez, manifest\u00f3 que, \u201ca nuestro criterio establecer la obligaci\u00f3n de incluir a los clubes que se transforman en SAD como miembros de la Asociaci\u00f3n del F\u00fatbol Argentino (AFA) constituye una flagrante intromisi\u00f3n y una injerencia arbitraria por parte del Estado, ya que despoja a una asociaci\u00f3n civil privada de la facultad de decidir con autonom\u00eda acerca de su r\u00e9gimen de gobernanza, su gesti\u00f3n y sus intereses.\u201d<\/em><\/p>\n\n\n\n<p><em>En id\u00e9ntico sentido, concluyo que: \u201cEl destino de una Asociaci\u00f3n depende de sus miembros y fueron ellos quienes en cumplimiento de los Estatutos optaron por la no inclusi\u00f3n de clubes bajo la estructura jur\u00eddica de las SAD. De esta forma, resulta totalmente inconstitucional, arbitrario y contrario a los DDHH que una ley exija a la AFA la inclusi\u00f3n de un miembro que no cumple con sus par\u00e1metros y fines. Es igualmente inconstitucional, arbitrario y contrario a los DDHH compelir a esta asociaci\u00f3n civil privada a cambiar sus estatutos sociales. &#8220;<\/em><\/p>\n\n\n\n<p><em>Por todo lo expuesto, a fin de evitar cualquier tipo de consecuencia o sanci\u00f3n por parte de FIFA (que abarca hasta una desafiliaci\u00f3n) continuaremos defendiendo los derechos de la Asociaci\u00f3n del F\u00fatbol Argentino como hemos efectuado en el marco de las actuaciones caratuladas AFA C\/Estado Nacional S\/Acci\u00f3n Mere Declarativa de Inconstitucionalidad\u201d en la cual hace uno d\u00edas el Juez interviniente orden\u00f3 la suspensi\u00f3n de los art\u00edculos 335 y 345 del DNU 70\/23 y de los art 2 y 5 del Decreto Reglamentario.<\/em><\/p>\n\n\n\n<p><em>Se acompa\u00f1an al presente la solicitud efectuada por AFA y sus correspondientes respuestas por parte de FIFA y CONMEBOL.<\/em><\/p>\n","protected":false},"excerpt":{"rendered":"<p>La Asociaci\u00f3n que preside el Chiqui Tapia recibi\u00f3 el apoyo del m\u00e1ximo ente del f\u00fatbol mundial y de la Conmebol en su lucha con el presidente Javier Milei. \u00a0La AFA&hellip; <\/p>\n","protected":false},"author":8,"featured_media":165727,"comment_status":"closed","ping_status":"open","sticky":false,"template":"","format":"standard","meta":{"footnotes":""},"categories":[4],"tags":[],"class_list":["post-165726","post","type-post","status-publish","format-standard","has-post-thumbnail","hentry","category-deportes"],"_links":{"self":[{"href":"https:\/\/corrientesdetarde.com\/index.php\/wp-json\/wp\/v2\/posts\/165726","targetHints":{"allow":["GET"]}}],"collection":[{"href":"https:\/\/corrientesdetarde.com\/index.php\/wp-json\/wp\/v2\/posts"}],"about":[{"href":"https:\/\/corrientesdetarde.com\/index.php\/wp-json\/wp\/v2\/types\/post"}],"author":[{"embeddable":true,"href":"https:\/\/corrientesdetarde.com\/index.php\/wp-json\/wp\/v2\/users\/8"}],"replies":[{"embeddable":true,"href":"https:\/\/corrientesdetarde.com\/index.php\/wp-json\/wp\/v2\/comments?post=165726"}],"version-history":[{"count":1,"href":"https:\/\/corrientesdetarde.com\/index.php\/wp-json\/wp\/v2\/posts\/165726\/revisions"}],"predecessor-version":[{"id":165728,"href":"https:\/\/corrientesdetarde.com\/index.php\/wp-json\/wp\/v2\/posts\/165726\/revisions\/165728"}],"wp:featuredmedia":[{"embeddable":true,"href":"https:\/\/corrientesdetarde.com\/index.php\/wp-json\/wp\/v2\/media\/165727"}],"wp:attachment":[{"href":"https:\/\/corrientesdetarde.com\/index.php\/wp-json\/wp\/v2\/media?parent=165726"}],"wp:term":[{"taxonomy":"category","embeddable":true,"href":"https:\/\/corrientesdetarde.com\/index.php\/wp-json\/wp\/v2\/categories?post=165726"},{"taxonomy":"post_tag","embeddable":true,"href":"https:\/\/corrientesdetarde.com\/index.php\/wp-json\/wp\/v2\/tags?post=165726"}],"curies":[{"name":"wp","href":"https:\/\/api.w.org\/{rel}","templated":true}]}}