{"id":165729,"date":"2024-09-12T14:04:14","date_gmt":"2024-09-12T17:04:14","guid":{"rendered":"https:\/\/corrientesdetarde.com\/?p=165729"},"modified":"2024-09-12T14:04:19","modified_gmt":"2024-09-12T17:04:19","slug":"municipio-de-goya-dispuso-restauracion-de-piezas-escultoricas-danadas","status":"publish","type":"post","link":"https:\/\/corrientesdetarde.com\/index.php\/interior\/municipio-de-goya-dispuso-restauracion-de-piezas-escultoricas-danadas\/","title":{"rendered":"Municipio de Goya dispuso restauraci\u00f3n de piezas escult\u00f3ricas da\u00f1adas"},"content":{"rendered":"\n<p>Goya cuenta con un valioso patrimonio escult\u00f3rico compuesto por monumentos, estatuas y piezas de mobiliario urbano de valor patrimonial diseminados a lo largo de la ciudad como plazas, paseos y edificios hist\u00f3ricos, muchas de la cuales sufren vandalismo, roturas por el paso del tiempo o por factores clim\u00e1ticos. Desde la direcci\u00f3n de Cultura se dispuso encarar un plan de recuperaci\u00f3n integral de algunas de estas piezas hist\u00f3ricas. Este trabajo est\u00e1 a cargo del artista pl\u00e1stico local, Nazareno Vel\u00e1zquez.<br><br>Esta intervenci\u00f3n dio inicio en la misma Direcci\u00f3n de Cultura donde Vel\u00e1zquez se encuentra poniendo en valor, mediante la reparaci\u00f3n, la imagen en yeso de Monse\u00f1or Alberto Devoto.<br><br>Recordemos que, en el mes de marzo, vandalizaron la estatua de monse\u00f1or Alberto Devoto, que se erig\u00eda en una vivienda ubicada por Tucum\u00e1n al 200, donde viv\u00eda quien fue el primer Obispo de la Di\u00f3cesis.<br><br>Este incidente hab\u00eda dejado consternados a aquellos que trabajan en el museo y que han dedicado su tiempo y esfuerzo para preservar el patrimonio cultural de la ciudad.<br><br><br>Ante esta situaci\u00f3n, las autoridades municipales tomaron medidas y trasladaron la imagen a la Direcci\u00f3n de Cultura, para que el reconocido artista Nazareno Vel\u00e1squez se encargue de su restauraci\u00f3n. Este viernes estar\u00eda terminada esta labor.<br><br>ESCULTURA DE LA SOCIEDAD ITALIANA<br><br>Este plan de recuperaci\u00f3n tambi\u00e9n incluye el arreglo de la escultura de la Sociedad Italiana de Goya que sufriera la rotura de la cabeza como consecuencia de una tormenta.<br><br><br><br>Recordemos que una fuerte tormenta el\u00e9ctrica y r\u00e1fagas de viento azotaron la ciudad de Goya la pasada semana, causando da\u00f1os severos en la escultura central de la torre de la Sociedad Italiana.<br><br>La emblem\u00e1tica escultura, que tiene m\u00e1s de 100 a\u00f1os de antig\u00fcedad, qued\u00f3 decapitada tras el fen\u00f3meno meteorol\u00f3gico.<br><br>Vel\u00e1zquez, con un colaborador, evalu\u00f3 en el lugar los da\u00f1os y se decidir\u00e1 el abordaje para recuperar esta obra de arte. Asimismo, presenta problemas estructurales que ponen en riesgo su estabilidad.<br><br>&#8220;Fuimos a mirar y encontramos que est\u00e1 bastante da\u00f1ada, esta hasta la mitad del cuerpo rajada la imagen&#8221; adem\u00e1s que al encontrarse en altura y lugar de dif\u00edcil acceso se torna engorrosa la log\u00edstica.<br><br><br>Conocido por su talento y habilidad en la restauraci\u00f3n de obras de arte, se espera que el artista goyano pueda devolver a estas im\u00e1genes su antiguo esplendor.<\/p>\n","protected":false},"excerpt":{"rendered":"<p>Goya cuenta con un valioso patrimonio escult\u00f3rico compuesto por monumentos, estatuas y piezas de mobiliario urbano de valor patrimonial diseminados a lo largo de la ciudad como plazas, paseos y&hellip; <\/p>\n","protected":false},"author":8,"featured_media":165730,"comment_status":"closed","ping_status":"open","sticky":false,"template":"","format":"standard","meta":{"footnotes":""},"categories":[1658],"tags":[],"class_list":["post-165729","post","type-post","status-publish","format-standard","has-post-thumbnail","hentry","category-interior"],"_links":{"self":[{"href":"https:\/\/corrientesdetarde.com\/index.php\/wp-json\/wp\/v2\/posts\/165729","targetHints":{"allow":["GET"]}}],"collection":[{"href":"https:\/\/corrientesdetarde.com\/index.php\/wp-json\/wp\/v2\/posts"}],"about":[{"href":"https:\/\/corrientesdetarde.com\/index.php\/wp-json\/wp\/v2\/types\/post"}],"author":[{"embeddable":true,"href":"https:\/\/corrientesdetarde.com\/index.php\/wp-json\/wp\/v2\/users\/8"}],"replies":[{"embeddable":true,"href":"https:\/\/corrientesdetarde.com\/index.php\/wp-json\/wp\/v2\/comments?post=165729"}],"version-history":[{"count":1,"href":"https:\/\/corrientesdetarde.com\/index.php\/wp-json\/wp\/v2\/posts\/165729\/revisions"}],"predecessor-version":[{"id":165731,"href":"https:\/\/corrientesdetarde.com\/index.php\/wp-json\/wp\/v2\/posts\/165729\/revisions\/165731"}],"wp:featuredmedia":[{"embeddable":true,"href":"https:\/\/corrientesdetarde.com\/index.php\/wp-json\/wp\/v2\/media\/165730"}],"wp:attachment":[{"href":"https:\/\/corrientesdetarde.com\/index.php\/wp-json\/wp\/v2\/media?parent=165729"}],"wp:term":[{"taxonomy":"category","embeddable":true,"href":"https:\/\/corrientesdetarde.com\/index.php\/wp-json\/wp\/v2\/categories?post=165729"},{"taxonomy":"post_tag","embeddable":true,"href":"https:\/\/corrientesdetarde.com\/index.php\/wp-json\/wp\/v2\/tags?post=165729"}],"curies":[{"name":"wp","href":"https:\/\/api.w.org\/{rel}","templated":true}]}}