{"id":165732,"date":"2024-09-12T14:23:09","date_gmt":"2024-09-12T17:23:09","guid":{"rendered":"https:\/\/corrientesdetarde.com\/?p=165732"},"modified":"2024-09-12T14:23:20","modified_gmt":"2024-09-12T17:23:20","slug":"braillard-poccard-recibio-a-representantes-de-iglesias-evangelicas","status":"publish","type":"post","link":"https:\/\/corrientesdetarde.com\/index.php\/eventossociedad\/braillard-poccard-recibio-a-representantes-de-iglesias-evangelicas\/","title":{"rendered":"Braillard Poccard recibi\u00f3 a representantes de Iglesias Evang\u00e9licas"},"content":{"rendered":"\n<p>Mes de la Biblia<\/p>\n\n\n\n<p>El vicegobernador Pedro Braillard Poccard recibi\u00f3 este jueves a Pastores Evang\u00e9licos en un encuentro que tuvo lugar en el Sal\u00f3n de Acuerdos del Palacio legislativo con motivo del Mes de la Biblia, donde se hizo entrega de una Declaraci\u00f3n de Inter\u00e9s legislativo.<\/p>\n\n\n\n<p>En la oportunidad, estuvieron presentes: el Pastor Sergio D\u00edaz, de la Iglesia Catedral de Vida; Pastor Lionel Merelles, Iglesia \u201cVisi\u00f3n de Campeones\u201d; Pastor Alfredo Portillo, Iglesia Internacional \u201cTodo es Posible\u201d; Pastor Carlos Ibarra, Iglesia \u201cJes\u00fas es el Se\u00f1or\u201d; Pastor Hugo Gonz\u00e1lez, Iglesia \u201cCatedral de Dios\u201d.<\/p>\n\n\n\n<p>\u201cEl mes de Septiembre es el reconocimiento de la Biblia, este sagrado libro nos convoca a trabajar por una sociedad mejor. Porque no es un libro de historia, sino un mapa de vida\u201d manifest\u00f3 el Pastor D\u00edaz y agradeci\u00f3, adem\u00e1s, al Vicegobernador por su apoyo constante.<\/p>\n\n\n\n<p>A su turno, Braillard Poccard reconoci\u00f3 la labor de los Pastores Evang\u00e9licos: \u201cEn momentos importantes son un componente fundamental en la composici\u00f3n de la sociedad. Uno encuentra en la Biblia lecciones de vida, valores inalterables y ustedes los difunden permanentemente como gu\u00edas fundamentales\u201d. Y ratific\u00f3 su compromiso \u201cestamos a disposici\u00f3n, siempre con las puertas abiertas\u201d.<\/p>\n\n\n\n<p>Al finalizar el encuentro, el Vicegobernador hizo entrega de la declaraci\u00f3n de inter\u00e9s legislativo.<\/p>\n\n\n\n<p>Mes de la Biblia<\/p>\n\n\n\n<p>En el mes de septiembre se recuerdan dos hitos importantes vinculados con la traducci\u00f3n b\u00edblica: las Iglesias Evang\u00e9licas y protestantes recuerdan que un d\u00eda 26 de septiembre de 1.569, en Suiza, se imprimieron los primeros 260 ejemplares de La Biblia en espa\u00f1ol, conocida como la &#8220;Biblia del oso&#8221; (su portada presenta un oso comiendo miel de un panal). Esta traducci\u00f3n fue realizada por Casiodoro de Reina, y luego ser\u00eda revisada por Cipriano de Valera, convirti\u00e9ndose en la traducci\u00f3n Reina-Valera, de mayor circulaci\u00f3n en el mundo de habla hispana y la m\u00e1s apreciada por las Iglesias Protestantes y Evang\u00e9licas.<\/p>\n\n\n\n<figure class=\"wp-block-image size-large\"><img loading=\"lazy\" decoding=\"async\" width=\"1024\" height=\"683\" src=\"https:\/\/corrientesdetarde.com\/wp-content\/uploads\/2024\/09\/WhatsApp-Image-2024-09-12-at-14.11.10-1024x683.jpeg\" alt=\"\" class=\"wp-image-165734\" srcset=\"https:\/\/corrientesdetarde.com\/wp-content\/uploads\/2024\/09\/WhatsApp-Image-2024-09-12-at-14.11.10-1024x683.jpeg 1024w, https:\/\/corrientesdetarde.com\/wp-content\/uploads\/2024\/09\/WhatsApp-Image-2024-09-12-at-14.11.10-300x200.jpeg 300w, https:\/\/corrientesdetarde.com\/wp-content\/uploads\/2024\/09\/WhatsApp-Image-2024-09-12-at-14.11.10-768x512.jpeg 768w, https:\/\/corrientesdetarde.com\/wp-content\/uploads\/2024\/09\/WhatsApp-Image-2024-09-12-at-14.11.10-1536x1024.jpeg 1536w, https:\/\/corrientesdetarde.com\/wp-content\/uploads\/2024\/09\/WhatsApp-Image-2024-09-12-at-14.11.10.jpeg 1599w\" sizes=\"auto, (max-width: 1024px) 100vw, 1024px\" \/><\/figure>\n\n\n\n<figure class=\"wp-block-image size-large\"><img loading=\"lazy\" decoding=\"async\" width=\"1024\" height=\"683\" src=\"https:\/\/corrientesdetarde.com\/wp-content\/uploads\/2024\/09\/WhatsApp-Image-2024-09-12-at-14.11.11-1024x683.jpeg\" alt=\"\" class=\"wp-image-165736\" srcset=\"https:\/\/corrientesdetarde.com\/wp-content\/uploads\/2024\/09\/WhatsApp-Image-2024-09-12-at-14.11.11-1024x683.jpeg 1024w, https:\/\/corrientesdetarde.com\/wp-content\/uploads\/2024\/09\/WhatsApp-Image-2024-09-12-at-14.11.11-300x200.jpeg 300w, https:\/\/corrientesdetarde.com\/wp-content\/uploads\/2024\/09\/WhatsApp-Image-2024-09-12-at-14.11.11-768x512.jpeg 768w, https:\/\/corrientesdetarde.com\/wp-content\/uploads\/2024\/09\/WhatsApp-Image-2024-09-12-at-14.11.11-1536x1024.jpeg 1536w, https:\/\/corrientesdetarde.com\/wp-content\/uploads\/2024\/09\/WhatsApp-Image-2024-09-12-at-14.11.11.jpeg 1599w\" sizes=\"auto, (max-width: 1024px) 100vw, 1024px\" \/><\/figure>\n\n\n\n<figure class=\"wp-block-image size-large\"><img loading=\"lazy\" decoding=\"async\" width=\"1024\" height=\"683\" src=\"https:\/\/corrientesdetarde.com\/wp-content\/uploads\/2024\/09\/WhatsApp-Image-2024-09-12-at-14.11.10-1-1024x683.jpeg\" alt=\"\" class=\"wp-image-165733\" srcset=\"https:\/\/corrientesdetarde.com\/wp-content\/uploads\/2024\/09\/WhatsApp-Image-2024-09-12-at-14.11.10-1-1024x683.jpeg 1024w, https:\/\/corrientesdetarde.com\/wp-content\/uploads\/2024\/09\/WhatsApp-Image-2024-09-12-at-14.11.10-1-300x200.jpeg 300w, https:\/\/corrientesdetarde.com\/wp-content\/uploads\/2024\/09\/WhatsApp-Image-2024-09-12-at-14.11.10-1-768x512.jpeg 768w, https:\/\/corrientesdetarde.com\/wp-content\/uploads\/2024\/09\/WhatsApp-Image-2024-09-12-at-14.11.10-1-1536x1024.jpeg 1536w, https:\/\/corrientesdetarde.com\/wp-content\/uploads\/2024\/09\/WhatsApp-Image-2024-09-12-at-14.11.10-1.jpeg 1599w\" sizes=\"auto, (max-width: 1024px) 100vw, 1024px\" \/><\/figure>\n","protected":false},"excerpt":{"rendered":"<p>Mes de la Biblia El vicegobernador Pedro Braillard Poccard recibi\u00f3 este jueves a Pastores Evang\u00e9licos en un encuentro que tuvo lugar en el Sal\u00f3n de Acuerdos del Palacio legislativo con&hellip; <\/p>\n","protected":false},"author":8,"featured_media":165735,"comment_status":"closed","ping_status":"open","sticky":false,"template":"","format":"standard","meta":{"footnotes":""},"categories":[1208],"tags":[],"class_list":["post-165732","post","type-post","status-publish","format-standard","has-post-thumbnail","hentry","category-eventossociedad"],"_links":{"self":[{"href":"https:\/\/corrientesdetarde.com\/index.php\/wp-json\/wp\/v2\/posts\/165732","targetHints":{"allow":["GET"]}}],"collection":[{"href":"https:\/\/corrientesdetarde.com\/index.php\/wp-json\/wp\/v2\/posts"}],"about":[{"href":"https:\/\/corrientesdetarde.com\/index.php\/wp-json\/wp\/v2\/types\/post"}],"author":[{"embeddable":true,"href":"https:\/\/corrientesdetarde.com\/index.php\/wp-json\/wp\/v2\/users\/8"}],"replies":[{"embeddable":true,"href":"https:\/\/corrientesdetarde.com\/index.php\/wp-json\/wp\/v2\/comments?post=165732"}],"version-history":[{"count":1,"href":"https:\/\/corrientesdetarde.com\/index.php\/wp-json\/wp\/v2\/posts\/165732\/revisions"}],"predecessor-version":[{"id":165737,"href":"https:\/\/corrientesdetarde.com\/index.php\/wp-json\/wp\/v2\/posts\/165732\/revisions\/165737"}],"wp:featuredmedia":[{"embeddable":true,"href":"https:\/\/corrientesdetarde.com\/index.php\/wp-json\/wp\/v2\/media\/165735"}],"wp:attachment":[{"href":"https:\/\/corrientesdetarde.com\/index.php\/wp-json\/wp\/v2\/media?parent=165732"}],"wp:term":[{"taxonomy":"category","embeddable":true,"href":"https:\/\/corrientesdetarde.com\/index.php\/wp-json\/wp\/v2\/categories?post=165732"},{"taxonomy":"post_tag","embeddable":true,"href":"https:\/\/corrientesdetarde.com\/index.php\/wp-json\/wp\/v2\/tags?post=165732"}],"curies":[{"name":"wp","href":"https:\/\/api.w.org\/{rel}","templated":true}]}}