{"id":165738,"date":"2024-09-12T14:26:44","date_gmt":"2024-09-12T17:26:44","guid":{"rendered":"https:\/\/corrientesdetarde.com\/?p=165738"},"modified":"2024-09-12T14:26:56","modified_gmt":"2024-09-12T17:26:56","slug":"festivales-chamame-carnaval-y-actividades-deportivas-para-disfrutar-este-fin-de-semana","status":"publish","type":"post","link":"https:\/\/corrientesdetarde.com\/index.php\/eventos\/festivales-chamame-carnaval-y-actividades-deportivas-para-disfrutar-este-fin-de-semana\/","title":{"rendered":"Festivales, chamam\u00e9, carnaval y actividades deportivas para disfrutar este fin de semana"},"content":{"rendered":"\n<figure class=\"wp-block-table\"><table><tbody><tr><td><em>En el marco del Mes de la Juventud, la Municipalidad de Corrientes organiz\u00f3 actividades gratuitas que se desarrollar\u00e1n de viernes a domingo en distintos espacios p\u00fablicos de la ciudad. Entre las propuestas habr\u00e1 una nueva edici\u00f3n del Corrientes Gin, pe\u00f1a en el marco del inicio de la Semana del Chamam\u00e9, feria K-Anime, presentaci\u00f3n de comparsas barriales, exposici\u00f3n de motos y distintas competencias deportivas.&nbsp;<\/em><br>La Municipalidad de Corrientes prepar\u00f3 m\u00faltiples actividades que se desarrollar\u00e1n en distintos barrios para el disfrute de la familia y los visitantes que decidan recorrer la ciudad en el marco del Mes de la Juventud.<br><br>El viernes 13 de septiembre, la cl\u00e1sica Feria de Artesanos estar\u00e1 en la plaza Cabral, de 9 a 22, con todo tipo de objetos y creaciones artesanales, ideal para adquirir un recuerdo especial o hacer un regalo \u00fanico. En tanto que el s\u00e1bado y domingo, se traslada a Costanera Sur y calle Las Heras, en el mismo horario.<br><br>Adem\u00e1s, a las 11, en el Centro Cultural Adolfo Mors se realizar\u00e1 el lanzamiento de la Semana del Chamam\u00e9, en homenaje a Mario del Tr\u00e1nsito Cocomarola a 50 a\u00f1os de su fallecimiento. Dar\u00e1n a conocer las actividades programadas que incluyen charlas, muestras, homenajes y festivales.&nbsp;<br><br>Los amantes de las motos podr\u00e1n disfrutar este s\u00e1bado, de 10 a 13,30, de la Caravana del Encuentro Internacional \u201cAmigos de Ruta\u201d Motos Harley Davidson, que tendr\u00e1 como punto de partida Av. Costanera y Av. 3 de Abril. Este encuentro internacional reunir\u00e1 m\u00e1s de 500 motocicletas Harley de diferentes pa\u00edses: Argentina, Paraguay, Uruguay, Chile, Bolivia, entre otros, y recorrer\u00e1n distintos puntos de la ciudad.&nbsp;<br><br>Desde las 14, se llevar\u00e1 adelante la actividad Cicloturismo \u201cA la Reserva Natural Municipal &#8211; Santa Catalina\u201d con partida desde la plaza Eva Per\u00f3n (Av. Sarmiento y Lavalle). Con cupos limitados de hasta 100 personas (mayores de 14 a\u00f1os), la inscripci\u00f3n es gratuita a trav\u00e9s de:&nbsp;<a href=\"https:\/\/ciudaddecorrientes.us12.list-manage.com\/track\/click?u=253e4bcff71216c6af771c3c9&amp;id=06e75a9607&amp;e=17643edfa8\" target=\"_blank\" rel=\"noreferrer noopener\">http:\/\/xurl.es\/Cicloturismo &nbsp;<\/a><br><br>En tanto, a partir de las 16, se desarrollar\u00e1 la segunda ronda del \u201cCorrientes Baila La Competencia 2024\u201d. El selectivo tendr\u00e1 lugar en la plaza Boca Juniors (Cosqu\u00edn y Pedro Crespo).<br><br>Asimismo, tambi\u00e9n a partir de las 16, llega \u00a1A bailar en los barrios! a la plaza del barrio Esperanza (Isaco Abitbol y C. Revidatti). En esta ocasi\u00f3n a puro carnaval barrial, de la mano de Bella Esperanza, Renacer, Yas\u00ed Taragui, La Jaula de las Locas, Mit\u00e1 Jorhu, Imperial, Porto Carioca y mucho m\u00e1s. Tambi\u00e9n actuar\u00e1 el elenco Municipal Ra\u00edz Chamamecera, Los Kara\u00ed del Chamam\u00e9, Los Primordiales y habr\u00e1 un gran cierre con el Grupo Pasi\u00f3n, actividades para chicos y feria gastron\u00f3mica.<br><br>Adem\u00e1s, ya de cara a los Carnavales Barriales 2025, est\u00e1 prevista la presentaci\u00f3n del tema de la comparsa Ara Por\u00e1, a llevarse a cabo a las 17 en el Centro Cultural Adolfo Mors (Pellegrini 542).&nbsp;<br><br>De 19 a 21.30, en Punta Tacuara (Av. Costanera General San Mart\u00edn y 9 de Julio) se realizar\u00e1 un encuentro deportivo de Bodycombat &#8211; Bodypum y Zumba con un total de 150 inscriptos.<br><br>En tanto que de 19 a 03 ser\u00e1 el turno de \u201cCorrientes Gin\u201d en Paseo Terrazas del Paran\u00e1 (Av. Costanera Gral. San Mart\u00edn y Pasaje Tom\u00e1s Edison). En la oportunidad habr\u00e1 DJs, tragos de gin, cerveza artesanal y platos aut\u00f3ctonos en el Patio Gastron\u00f3mico.<br><br>ANIME, CARNAVAL Y CHAMAM\u00c9<br><br>El domingo, de 10 a 22, en el Paseo Arazaty se realizar\u00e1 la primera edici\u00f3n de \u201cFerias Conectadas\u201d con m\u00e1s de 60 emprendedores y artesanos de las ciudades de Corrientes y Resistencia. En esta oportunidad, quienes visiten el espacio podr\u00e1n encontrarse con artesan\u00edas, gastronom\u00eda, productos frescos, espect\u00e1culos musicales en vivo y exposici\u00f3n de autos cl\u00e1sicos.<br><br>Desde las 14, en el Centro Cultural Adolfo Mors se llevar\u00e1 adelante un nuevo torneo de freestyle y rap &#8216;Crew Corrientes&#8217;.<br><br>En el Parque Camba Cu\u00e1 (zona pilet\u00f3n) se desarrollar\u00e1, de 15 a 21, una nueva jornada de Feria K- Anime. Habr\u00e1 random play dance, din\u00e1mica k-pop, presentaci\u00f3n especial k-pop, presentaci\u00f3n de concurso k-pop, concurso de dibujo, subasta friki, cosplay kids, concurso cosplay, karaoke y limbo.<br><br>Desde las 15, se desarrollar\u00e1 el Torneo Regional del NEA e Internacional de \u201cPelota &#8211; Paleta\u201d en diferentes horarios en el Club San Mart\u00edn (Salta 1357). Se trata de una competencia deportiva que forma parte de un circuito anual, que espera contar con la presencia de 40 parejas en las diversas categor\u00edas de las delegaciones del NEA e invitadas de Salta, Tucum\u00e1n y Entre R\u00edos, como tambi\u00e9n el vecino pa\u00eds Paraguay.<br><br>El programa \u201cCoraz\u00f3n de Campe\u00f3n\u201d, que lleva boxeo, kick boxing y MMA a los barrios desembarcar\u00e1 el domingo 15 de septiembre, de 17,30 a 20, en el barrio Laguna Brava. En esta ocasi\u00f3n, en la cancha frente a la Iglesia habr\u00e1 una exhibici\u00f3n de Kick boxing a cargo de Barboza Competici\u00f3n.<br><br>Tambi\u00e9n anticipando el Carnaval Barrial 2025 se realizar\u00e1, a las 18,30, la presentaci\u00f3n del tema de la comparsa &#8220;Osiris&#8221; en la plaza Ex COM (V\u00e9lez Sarfield y Guido Spano) del barrio Ba\u00f1ado Norte. Habr\u00e1 elecci\u00f3n de bastoneras, presentaci\u00f3n de figuras y los Piratas del Carnaval, show de Bater\u00eda 22 y patio gastron\u00f3mico.<br><br>En el marco de la Semana del Chamam\u00e9, se llevar\u00e1 adelante la Pe\u00f1a Oficial de la Ciudad en homenaje a Mario del Tr\u00e1nsito Cocomarola, a 50 a\u00f1os de su fallecimiento. Desde las 17 en la Rotonda Plaza Espa\u00f1a (Av. Pujol y Carlos Pellegrini) actuar\u00e1n el ballet folkl\u00f3rico municipal de Ramada Paso, el elenco municipal Corrientes Norte, Sentimiento Chamamecero, Tiempo de Reencuentro, La Nueva Fusi\u00f3n, Los Caminantes del Chamam\u00e9, Conjunto San Joaqu\u00edn, Coquimarola y su conjunto. Habr\u00e1 adem\u00e1s feria gastron\u00f3mica y de emprendedores.<\/td><\/tr><\/tbody><\/table><\/figure>\n\n\n\n<figure class=\"wp-block-table\"><table><tbody><tr><td><\/td><\/tr><\/tbody><\/table><\/figure>\n\n\n\n<figure class=\"wp-block-image size-large\"><img loading=\"lazy\" decoding=\"async\" width=\"1024\" height=\"682\" src=\"https:\/\/corrientesdetarde.com\/wp-content\/uploads\/2024\/09\/image-416-1024x682.png\" alt=\"\" class=\"wp-image-165739\" srcset=\"https:\/\/corrientesdetarde.com\/wp-content\/uploads\/2024\/09\/image-416-1024x682.png 1024w, https:\/\/corrientesdetarde.com\/wp-content\/uploads\/2024\/09\/image-416-300x200.png 300w, https:\/\/corrientesdetarde.com\/wp-content\/uploads\/2024\/09\/image-416-768x512.png 768w, https:\/\/corrientesdetarde.com\/wp-content\/uploads\/2024\/09\/image-416.png 1280w\" sizes=\"auto, (max-width: 1024px) 100vw, 1024px\" \/><\/figure>\n\n\n\n<figure class=\"wp-block-image size-large\"><img loading=\"lazy\" decoding=\"async\" width=\"1024\" height=\"682\" src=\"https:\/\/corrientesdetarde.com\/wp-content\/uploads\/2024\/09\/image-418-1024x682.png\" alt=\"\" class=\"wp-image-165741\" srcset=\"https:\/\/corrientesdetarde.com\/wp-content\/uploads\/2024\/09\/image-418-1024x682.png 1024w, https:\/\/corrientesdetarde.com\/wp-content\/uploads\/2024\/09\/image-418-300x200.png 300w, https:\/\/corrientesdetarde.com\/wp-content\/uploads\/2024\/09\/image-418-768x512.png 768w, https:\/\/corrientesdetarde.com\/wp-content\/uploads\/2024\/09\/image-418.png 1280w\" sizes=\"auto, (max-width: 1024px) 100vw, 1024px\" \/><\/figure>\n\n\n\n<figure class=\"wp-block-image size-large\"><img loading=\"lazy\" decoding=\"async\" width=\"1024\" height=\"682\" src=\"https:\/\/corrientesdetarde.com\/wp-content\/uploads\/2024\/09\/image-419-1024x682.png\" alt=\"\" class=\"wp-image-165742\" srcset=\"https:\/\/corrientesdetarde.com\/wp-content\/uploads\/2024\/09\/image-419-1024x682.png 1024w, https:\/\/corrientesdetarde.com\/wp-content\/uploads\/2024\/09\/image-419-300x200.png 300w, https:\/\/corrientesdetarde.com\/wp-content\/uploads\/2024\/09\/image-419-768x512.png 768w, https:\/\/corrientesdetarde.com\/wp-content\/uploads\/2024\/09\/image-419.png 1280w\" sizes=\"auto, (max-width: 1024px) 100vw, 1024px\" \/><\/figure>\n\n\n\n<figure class=\"wp-block-image size-large\"><img loading=\"lazy\" decoding=\"async\" width=\"1024\" height=\"682\" src=\"https:\/\/corrientesdetarde.com\/wp-content\/uploads\/2024\/09\/image-420-1024x682.png\" alt=\"\" class=\"wp-image-165743\" srcset=\"https:\/\/corrientesdetarde.com\/wp-content\/uploads\/2024\/09\/image-420-1024x682.png 1024w, https:\/\/corrientesdetarde.com\/wp-content\/uploads\/2024\/09\/image-420-300x200.png 300w, https:\/\/corrientesdetarde.com\/wp-content\/uploads\/2024\/09\/image-420-768x512.png 768w, https:\/\/corrientesdetarde.com\/wp-content\/uploads\/2024\/09\/image-420.png 1280w\" sizes=\"auto, (max-width: 1024px) 100vw, 1024px\" \/><\/figure>\n\n\n\n<figure class=\"wp-block-image size-large\"><img loading=\"lazy\" decoding=\"async\" width=\"819\" height=\"1024\" src=\"https:\/\/corrientesdetarde.com\/wp-content\/uploads\/2024\/09\/image-421-819x1024.png\" alt=\"\" class=\"wp-image-165744\" srcset=\"https:\/\/corrientesdetarde.com\/wp-content\/uploads\/2024\/09\/image-421-819x1024.png 819w, https:\/\/corrientesdetarde.com\/wp-content\/uploads\/2024\/09\/image-421-240x300.png 240w, https:\/\/corrientesdetarde.com\/wp-content\/uploads\/2024\/09\/image-421-768x960.png 768w, https:\/\/corrientesdetarde.com\/wp-content\/uploads\/2024\/09\/image-421.png 1024w\" sizes=\"auto, (max-width: 819px) 100vw, 819px\" \/><\/figure>\n\n\n\n<figure class=\"wp-block-image size-large\"><img loading=\"lazy\" decoding=\"async\" width=\"819\" height=\"1024\" src=\"https:\/\/corrientesdetarde.com\/wp-content\/uploads\/2024\/09\/image-422-819x1024.png\" alt=\"\" class=\"wp-image-165745\" srcset=\"https:\/\/corrientesdetarde.com\/wp-content\/uploads\/2024\/09\/image-422-819x1024.png 819w, https:\/\/corrientesdetarde.com\/wp-content\/uploads\/2024\/09\/image-422-240x300.png 240w, https:\/\/corrientesdetarde.com\/wp-content\/uploads\/2024\/09\/image-422-768x960.png 768w, https:\/\/corrientesdetarde.com\/wp-content\/uploads\/2024\/09\/image-422.png 1024w\" sizes=\"auto, (max-width: 819px) 100vw, 819px\" \/><\/figure>\n","protected":false},"excerpt":{"rendered":"<p>En el marco del Mes de la Juventud, la Municipalidad de Corrientes organiz\u00f3 actividades gratuitas que se desarrollar\u00e1n de viernes a domingo en distintos espacios p\u00fablicos de la ciudad. Entre&hellip; <\/p>\n","protected":false},"author":8,"featured_media":165740,"comment_status":"closed","ping_status":"open","sticky":false,"template":"","format":"standard","meta":{"footnotes":""},"categories":[22],"tags":[],"class_list":["post-165738","post","type-post","status-publish","format-standard","has-post-thumbnail","hentry","category-eventos"],"_links":{"self":[{"href":"https:\/\/corrientesdetarde.com\/index.php\/wp-json\/wp\/v2\/posts\/165738","targetHints":{"allow":["GET"]}}],"collection":[{"href":"https:\/\/corrientesdetarde.com\/index.php\/wp-json\/wp\/v2\/posts"}],"about":[{"href":"https:\/\/corrientesdetarde.com\/index.php\/wp-json\/wp\/v2\/types\/post"}],"author":[{"embeddable":true,"href":"https:\/\/corrientesdetarde.com\/index.php\/wp-json\/wp\/v2\/users\/8"}],"replies":[{"embeddable":true,"href":"https:\/\/corrientesdetarde.com\/index.php\/wp-json\/wp\/v2\/comments?post=165738"}],"version-history":[{"count":1,"href":"https:\/\/corrientesdetarde.com\/index.php\/wp-json\/wp\/v2\/posts\/165738\/revisions"}],"predecessor-version":[{"id":165746,"href":"https:\/\/corrientesdetarde.com\/index.php\/wp-json\/wp\/v2\/posts\/165738\/revisions\/165746"}],"wp:featuredmedia":[{"embeddable":true,"href":"https:\/\/corrientesdetarde.com\/index.php\/wp-json\/wp\/v2\/media\/165740"}],"wp:attachment":[{"href":"https:\/\/corrientesdetarde.com\/index.php\/wp-json\/wp\/v2\/media?parent=165738"}],"wp:term":[{"taxonomy":"category","embeddable":true,"href":"https:\/\/corrientesdetarde.com\/index.php\/wp-json\/wp\/v2\/categories?post=165738"},{"taxonomy":"post_tag","embeddable":true,"href":"https:\/\/corrientesdetarde.com\/index.php\/wp-json\/wp\/v2\/tags?post=165738"}],"curies":[{"name":"wp","href":"https:\/\/api.w.org\/{rel}","templated":true}]}}