{"id":165756,"date":"2024-09-12T14:38:09","date_gmt":"2024-09-12T17:38:09","guid":{"rendered":"https:\/\/corrientesdetarde.com\/?p=165756"},"modified":"2024-09-12T14:38:28","modified_gmt":"2024-09-12T17:38:28","slug":"legislatura-de-santa-fe-diputados-aprobaron-la-reforma-jubilatoria-y-manifestantes-derribaron-el-porton","status":"publish","type":"post","link":"https:\/\/corrientesdetarde.com\/index.php\/politica\/legislatura-de-santa-fe-diputados-aprobaron-la-reforma-jubilatoria-y-manifestantes-derribaron-el-porton\/","title":{"rendered":"Legislatura de Santa Fe: Diputados aprobaron la reforma jubilatoria y manifestantes derribaron el port\u00f3n"},"content":{"rendered":"\n<p>Por los incidentes, los legisladores cortaron sus discursos y anticiparon la votaci\u00f3n del proyecto oficialista.<\/p>\n\n\n\n<p>La C\u00e1mara de Diputados provincial de Santa Fe convirti\u00f3 en ley este jueves la reforma previsional que impuls\u00f3 el gobernador\u00a0<strong>Maximiliano Pullaro.<\/strong>\u00a0Sin embargo, la sesi\u00f3n pas\u00f3 a un cuarto intermedio por\u00a0<strong>los incidentes que se registraron fuera de la Legislatura.<\/strong><\/p>\n\n\n\n<p>Tras la votaci\u00f3n en general, la sesi\u00f3n se levant\u00f3 debido a los incidentes que se registraron en las inmediaciones del edificio, en donde\u00a0<strong>los manifestantes derribaron el port\u00f3n de ingreso.<\/strong><\/p>\n\n\n\n<p>El diputado socialista&nbsp;<strong>Pablo Far\u00edas<\/strong>&nbsp;pidi\u00f3 una moci\u00f3n de orden para interrumpir el debate y postergar la votaci\u00f3n en particular por los incidentes<strong>&nbsp;en la puerta de la Legislatura<\/strong>. Los legisladores provinciales aprobaron la moci\u00f3n:<strong>&nbsp;hubo 23 positivos, 9 negativos y 11 abstenciones.<\/strong><\/p>\n\n\n\n<p>Fuera del recinto,&nbsp;<strong>los manifestantes forcejaban para irrumpir dentro del edificio<\/strong>, mientras que los efectivos polic\u00edas sosten\u00edan el port\u00f3n para impedirlo.<\/p>\n\n\n\n<figure class=\"wp-block-image\"><img decoding=\"async\" src=\"https:\/\/tn.com.ar\/resizer\/v2\/https%3A%2F%2Fthumbs.vodgc.net%2F1-14-QYJOls1726159628120-1726160210.jpg?auth=af7371d7238eee88d6474af20a4e766bf0f40158547da12b5908323aceb8f953&amp;width=767\" alt=\"Video Placeholder\"\/><\/figure>\n\n\n\n<p>Al derribar el port\u00f3n, algunos finalmente ingresaron, mientras que otros arrojaron objetos contundentes. La Polic\u00eda de Santa Fe, tal como inform\u00f3\u00a0<em>La Capital<\/em>, intent\u00f3\u00a0<strong>dispersar a los manifestantes con gases lacrim\u00f3genos.<\/strong><\/p>\n\n\n\n<p>En su propuesta, el gobierno santafesino explic\u00f3 que el nuevo r\u00e9gimen jubilatorio es para todos los agentes estatales y que se busca&nbsp;<strong>\u201creducir entre un 20 % y 30 % el d\u00e9ficit del organismo que, proyectado para 2024, es de 430.000 millones de pesos\u201d.<\/strong><\/p>\n\n\n\n<h2 class=\"wp-block-heading\">C\u00f3mo es la reforma jubilatoria que aprob\u00f3 la Legislatura de Santa Fe<\/h2>\n\n\n\n<p>El inicio del proyecto propuso la declaraci\u00f3n de la Emergencia del R\u00e9gimen Previsional de los empleados p\u00fablicos y funcionarios de la Provincia de Santa Fe, y sus modificatorias del personal policial, penitenciario, del Instituto Aut\u00e1rquico Provincial de Industrias Penitenciarias (Lapip) y del r\u00e9gimen opcional docente, por el t\u00e9rmino de dos a\u00f1os, prorrogable por dos a\u00f1os m\u00e1s.<\/p>\n\n\n\n<p>En el art\u00edculo 2 se estableci\u00f3&nbsp;<strong>un aporte solidario<\/strong>&nbsp;que los beneficiarios de la caja (actuales o futuros) deben realizar sobre el total del beneficio que perciben, durante el plazo de vigencia de la emergencia declarada, con descuentos que van del 2% al 6% de acuerdo al beneficio percibido.<\/p>\n\n\n\n<p>Los que perciban m\u00e1s de una prestaci\u00f3n de la caja realizar\u00e1n el aporte solidario sobre la sumatoria de ambos beneficios, en tanto que no realizar\u00e1n aportes solidarios quienes perciban beneficios inferiores a las dos jubilaciones m\u00ednimas.<\/p>\n\n\n\n<p>Respecto del personal en actividad,&nbsp;<strong>realizar\u00e1n el aporte solidario durante 36 meses y por un equivalente a un 2,77 % del haber<\/strong>&nbsp;quienes ocupen un cargo de conducci\u00f3n pol\u00edtica o de gabinete, y que haya ingresado desde el 11 de diciembre de 2023 en adelante.<\/p>\n","protected":false},"excerpt":{"rendered":"<p>Por los incidentes, los legisladores cortaron sus discursos y anticiparon la votaci\u00f3n del proyecto oficialista. La C\u00e1mara de Diputados provincial de Santa Fe convirti\u00f3 en ley este jueves la reforma&hellip; <\/p>\n","protected":false},"author":8,"featured_media":165757,"comment_status":"closed","ping_status":"open","sticky":false,"template":"","format":"standard","meta":{"footnotes":""},"categories":[3],"tags":[],"class_list":["post-165756","post","type-post","status-publish","format-standard","has-post-thumbnail","hentry","category-politica"],"_links":{"self":[{"href":"https:\/\/corrientesdetarde.com\/index.php\/wp-json\/wp\/v2\/posts\/165756","targetHints":{"allow":["GET"]}}],"collection":[{"href":"https:\/\/corrientesdetarde.com\/index.php\/wp-json\/wp\/v2\/posts"}],"about":[{"href":"https:\/\/corrientesdetarde.com\/index.php\/wp-json\/wp\/v2\/types\/post"}],"author":[{"embeddable":true,"href":"https:\/\/corrientesdetarde.com\/index.php\/wp-json\/wp\/v2\/users\/8"}],"replies":[{"embeddable":true,"href":"https:\/\/corrientesdetarde.com\/index.php\/wp-json\/wp\/v2\/comments?post=165756"}],"version-history":[{"count":1,"href":"https:\/\/corrientesdetarde.com\/index.php\/wp-json\/wp\/v2\/posts\/165756\/revisions"}],"predecessor-version":[{"id":165758,"href":"https:\/\/corrientesdetarde.com\/index.php\/wp-json\/wp\/v2\/posts\/165756\/revisions\/165758"}],"wp:featuredmedia":[{"embeddable":true,"href":"https:\/\/corrientesdetarde.com\/index.php\/wp-json\/wp\/v2\/media\/165757"}],"wp:attachment":[{"href":"https:\/\/corrientesdetarde.com\/index.php\/wp-json\/wp\/v2\/media?parent=165756"}],"wp:term":[{"taxonomy":"category","embeddable":true,"href":"https:\/\/corrientesdetarde.com\/index.php\/wp-json\/wp\/v2\/categories?post=165756"},{"taxonomy":"post_tag","embeddable":true,"href":"https:\/\/corrientesdetarde.com\/index.php\/wp-json\/wp\/v2\/tags?post=165756"}],"curies":[{"name":"wp","href":"https:\/\/api.w.org\/{rel}","templated":true}]}}