{"id":165759,"date":"2024-09-12T15:30:42","date_gmt":"2024-09-12T18:30:42","guid":{"rendered":"https:\/\/corrientesdetarde.com\/?p=165759"},"modified":"2024-09-12T15:30:54","modified_gmt":"2024-09-12T18:30:54","slug":"etapa-final-de-obras-en-los-espacios-verdes-de-nuestra-senora-de-asuncion-y-san-ignacio","status":"publish","type":"post","link":"https:\/\/corrientesdetarde.com\/index.php\/informacion-general\/etapa-final-de-obras-en-los-espacios-verdes-de-nuestra-senora-de-asuncion-y-san-ignacio\/","title":{"rendered":"Etapa final de obras en los espacios verdes de\u00a0Nuestra Se\u00f1ora de Asunci\u00f3n y San Ignacio"},"content":{"rendered":"\n<p><em>La Municipalidad de Corrientes lleva adelante distintos trabajos para mejorar los espacios p\u00fablicos de la ciudad. Se concreta el \u00faltimo tramo de la nueva plaza del Nuestra Se\u00f1ora de Asunci\u00f3n, delimitada por las calles R\u00edo de Janeiro, Yugoslavia, Palermo y Renacimiento, y tambi\u00e9n est\u00e1n avanzadas las obras en el San Ignacio. En simult\u00e1neo se intervienen otros espacios verdes en los barrios Jard\u00edn, Santa Mar\u00eda y Quintana.<\/em><br><\/p>\n\n\n\n<p>Con el objetivo de ampliar y mejorar la calidad de los espacios p\u00fablicos para el disfrute de los vecinos, la Municipalidad de Corrientes lleva adelante nuevas obras y trabajos de reforma integral en diferentes sectores de la ciudad.&nbsp;&nbsp;&nbsp;&nbsp;<br>&nbsp;<br>En el barrio Nuestra Se\u00f1ora de Asunci\u00f3n, la Comuna capitalina se encuentra pr\u00f3xima a finalizar los trabajos en la nueva plaza del sector, ubicada en el per\u00edmetro comprendido por las calles R\u00edo de Janeiro, Yugoslavia, Palermo y Renacimiento, un lugar donde hasta no hace mucho tiempo se utilizaba como dep\u00f3sito de escombros y basura.<br>&nbsp;<br>El subsecretario de Obras y Servicios P\u00fablicos del municipio, Jorge L\u00f3pez Monaje, se\u00f1al\u00f3 que \u201ceste lugar tuvo un cambio sustancial, ya estamos en un 90 por ciento de avance de obra de la nueva plaza del barrio Nuestra Se\u00f1ora de Asunci\u00f3n\u201d.<br>&nbsp;<br>En cuanto a los trabajos realizados, el funcionario cont\u00f3 que \u201cse realizaron las veredas perimetrales y se est\u00e1 terminando el empalme con las sendas interiores; ya se instalaron las hamacas, los sube y baja, un gran multijuegos, y juegos biosaludables, al igual que la iluminaci\u00f3n LED de todo el sector con infraestructura el\u00e9ctrica nueva y mobiliario\u201d.<br>&nbsp;<br>\u201cLa plaza va a contar con una peque\u00f1a canchita de f\u00fatbol de 32 por 18 metros, s\u00f3lo est\u00e1 faltando la instalaci\u00f3n de los parapelotas y de los arcos de f\u00fatbol, la pintura del mobiliario urbano y algunos detalles m\u00e1s, as\u00ed que est\u00e1n faltando pocas cosas para que esta plaza quede lista para que los vecinos puedan venir a disfrutar\u201d, agreg\u00f3.<br>&nbsp;<br>OTROS TRABAJOS<br>&nbsp;<br>L\u00f3pez Monaje manifest\u00f3 que \u201cde forma paralela se viene trabajando en la plaza del barrio San Ignacio, donde estamos con alrededor de un 80 por ciento de avance de obra; y se est\u00e1 encarando la reforma integral de la plaza Majul en la rotonda del barrio Jard\u00edn; tambi\u00e9n se est\u00e1 interviniendo la plaza De los Constituyentes, que es un \u00edcono neur\u00e1lgico del barrio Santa Mar\u00eda; y comenzaron movimientos de suelo en la plaza H\u00e9roes de Malvinas del barrio Fray Jos\u00e9 de la Quintana\u201d.<br>&nbsp;<br>\u201cEl objetivo que tiene el intendente Eduardo Tassano es que la calidad de los espacios p\u00fablicos del centro o la Costanera lleguen tambi\u00e9n a los barrios. Algunos ejemplos son los multijuegos con pisos de caucho para evitar que los chicos puedan golpearse al caer, as\u00ed como la iluminaci\u00f3n LED, buscando que estos lugares de esparcimiento sean seguros, agradables y puedan transformarse en el patio de cada uno de los vecinos\u201d, a\u00f1adi\u00f3 el funcionario.&nbsp;&nbsp;<br>&nbsp;<br>Para concluir, L\u00f3pez Monaje inst\u00f3 \u201ca cada uno de los vecinos a cuidar estos nuevos espacios de recreaci\u00f3n porque en definitiva est\u00e1n destinados al disfrute y esparcimiento de cada uno de ellos y su grupo familiar\u201d.<br>&nbsp;<br><a href=\"https:\/\/ciudaddecorrientes.us12.list-manage.com\/track\/click?u=253e4bcff71216c6af771c3c9&amp;id=a288a8cc33&amp;e=17643edfa8\" target=\"_blank\" rel=\"noreferrer noopener\">NOTA TV.<\/a><\/p>\n\n\n\n<p>Jorge L\u00f3pez Monaje &#8211; subsecretario de Obras y Servicios P\u00fablicos municipal.<\/p>\n\n\n\n<figure class=\"wp-block-image size-large\"><img loading=\"lazy\" decoding=\"async\" width=\"1024\" height=\"682\" src=\"https:\/\/corrientesdetarde.com\/wp-content\/uploads\/2024\/09\/image-428-1024x682.png\" alt=\"\" class=\"wp-image-165762\" srcset=\"https:\/\/corrientesdetarde.com\/wp-content\/uploads\/2024\/09\/image-428-1024x682.png 1024w, https:\/\/corrientesdetarde.com\/wp-content\/uploads\/2024\/09\/image-428-300x200.png 300w, https:\/\/corrientesdetarde.com\/wp-content\/uploads\/2024\/09\/image-428-768x512.png 768w, https:\/\/corrientesdetarde.com\/wp-content\/uploads\/2024\/09\/image-428.png 1280w\" sizes=\"auto, (max-width: 1024px) 100vw, 1024px\" \/><\/figure>\n\n\n\n<figure class=\"wp-block-image size-large\"><img loading=\"lazy\" decoding=\"async\" width=\"1024\" height=\"682\" src=\"https:\/\/corrientesdetarde.com\/wp-content\/uploads\/2024\/09\/image-429-1024x682.png\" alt=\"\" class=\"wp-image-165763\" srcset=\"https:\/\/corrientesdetarde.com\/wp-content\/uploads\/2024\/09\/image-429-1024x682.png 1024w, https:\/\/corrientesdetarde.com\/wp-content\/uploads\/2024\/09\/image-429-300x200.png 300w, https:\/\/corrientesdetarde.com\/wp-content\/uploads\/2024\/09\/image-429-768x512.png 768w, https:\/\/corrientesdetarde.com\/wp-content\/uploads\/2024\/09\/image-429.png 1280w\" sizes=\"auto, (max-width: 1024px) 100vw, 1024px\" \/><\/figure>\n\n\n\n<figure class=\"wp-block-image size-large is-resized\"><img loading=\"lazy\" decoding=\"async\" width=\"1024\" height=\"682\" src=\"https:\/\/corrientesdetarde.com\/wp-content\/uploads\/2024\/09\/image-430-1024x682.png\" alt=\"\" class=\"wp-image-165764\" style=\"width:840px;height:auto\" srcset=\"https:\/\/corrientesdetarde.com\/wp-content\/uploads\/2024\/09\/image-430-1024x682.png 1024w, https:\/\/corrientesdetarde.com\/wp-content\/uploads\/2024\/09\/image-430-300x200.png 300w, https:\/\/corrientesdetarde.com\/wp-content\/uploads\/2024\/09\/image-430-768x512.png 768w, https:\/\/corrientesdetarde.com\/wp-content\/uploads\/2024\/09\/image-430.png 1280w\" sizes=\"auto, (max-width: 1024px) 100vw, 1024px\" \/><\/figure>\n\n\n\n<figure class=\"wp-block-image size-large\"><img loading=\"lazy\" decoding=\"async\" width=\"1024\" height=\"682\" src=\"https:\/\/corrientesdetarde.com\/wp-content\/uploads\/2024\/09\/image-431-1024x682.png\" alt=\"\" class=\"wp-image-165765\" srcset=\"https:\/\/corrientesdetarde.com\/wp-content\/uploads\/2024\/09\/image-431-1024x682.png 1024w, https:\/\/corrientesdetarde.com\/wp-content\/uploads\/2024\/09\/image-431-300x200.png 300w, https:\/\/corrientesdetarde.com\/wp-content\/uploads\/2024\/09\/image-431-768x512.png 768w, https:\/\/corrientesdetarde.com\/wp-content\/uploads\/2024\/09\/image-431.png 1280w\" sizes=\"auto, (max-width: 1024px) 100vw, 1024px\" \/><\/figure>\n\n\n\n<figure class=\"wp-block-image size-large\"><img loading=\"lazy\" decoding=\"async\" width=\"1024\" height=\"682\" src=\"https:\/\/corrientesdetarde.com\/wp-content\/uploads\/2024\/09\/image-432-1024x682.png\" alt=\"\" class=\"wp-image-165766\" srcset=\"https:\/\/corrientesdetarde.com\/wp-content\/uploads\/2024\/09\/image-432-1024x682.png 1024w, https:\/\/corrientesdetarde.com\/wp-content\/uploads\/2024\/09\/image-432-300x200.png 300w, https:\/\/corrientesdetarde.com\/wp-content\/uploads\/2024\/09\/image-432-768x512.png 768w, https:\/\/corrientesdetarde.com\/wp-content\/uploads\/2024\/09\/image-432.png 1280w\" sizes=\"auto, (max-width: 1024px) 100vw, 1024px\" \/><\/figure>\n","protected":false},"excerpt":{"rendered":"<p>La Municipalidad de Corrientes lleva adelante distintos trabajos para mejorar los espacios p\u00fablicos de la ciudad. Se concreta el \u00faltimo tramo de la nueva plaza del Nuestra Se\u00f1ora de Asunci\u00f3n,&hellip; <\/p>\n","protected":false},"author":8,"featured_media":165760,"comment_status":"closed","ping_status":"open","sticky":false,"template":"","format":"standard","meta":{"footnotes":""},"categories":[1],"tags":[],"class_list":["post-165759","post","type-post","status-publish","format-standard","has-post-thumbnail","hentry","category-informacion-general"],"_links":{"self":[{"href":"https:\/\/corrientesdetarde.com\/index.php\/wp-json\/wp\/v2\/posts\/165759","targetHints":{"allow":["GET"]}}],"collection":[{"href":"https:\/\/corrientesdetarde.com\/index.php\/wp-json\/wp\/v2\/posts"}],"about":[{"href":"https:\/\/corrientesdetarde.com\/index.php\/wp-json\/wp\/v2\/types\/post"}],"author":[{"embeddable":true,"href":"https:\/\/corrientesdetarde.com\/index.php\/wp-json\/wp\/v2\/users\/8"}],"replies":[{"embeddable":true,"href":"https:\/\/corrientesdetarde.com\/index.php\/wp-json\/wp\/v2\/comments?post=165759"}],"version-history":[{"count":1,"href":"https:\/\/corrientesdetarde.com\/index.php\/wp-json\/wp\/v2\/posts\/165759\/revisions"}],"predecessor-version":[{"id":165767,"href":"https:\/\/corrientesdetarde.com\/index.php\/wp-json\/wp\/v2\/posts\/165759\/revisions\/165767"}],"wp:featuredmedia":[{"embeddable":true,"href":"https:\/\/corrientesdetarde.com\/index.php\/wp-json\/wp\/v2\/media\/165760"}],"wp:attachment":[{"href":"https:\/\/corrientesdetarde.com\/index.php\/wp-json\/wp\/v2\/media?parent=165759"}],"wp:term":[{"taxonomy":"category","embeddable":true,"href":"https:\/\/corrientesdetarde.com\/index.php\/wp-json\/wp\/v2\/categories?post=165759"},{"taxonomy":"post_tag","embeddable":true,"href":"https:\/\/corrientesdetarde.com\/index.php\/wp-json\/wp\/v2\/tags?post=165759"}],"curies":[{"name":"wp","href":"https:\/\/api.w.org\/{rel}","templated":true}]}}