{"id":165806,"date":"2024-09-12T16:52:15","date_gmt":"2024-09-12T19:52:15","guid":{"rendered":"https:\/\/corrientesdetarde.com\/?p=165806"},"modified":"2024-09-12T16:52:27","modified_gmt":"2024-09-12T19:52:27","slug":"desarrollaron-un-traje-que-ayuda-a-las-personas-con-parkinson-y-paralisis-cerebral-a-mejorar-su-movilidad","status":"publish","type":"post","link":"https:\/\/corrientesdetarde.com\/index.php\/tecnologia\/desarrollaron-un-traje-que-ayuda-a-las-personas-con-parkinson-y-paralisis-cerebral-a-mejorar-su-movilidad\/","title":{"rendered":"Desarrollaron un traje que ayuda a las personas con Parkinson y par\u00e1lisis cerebral a mejorar su movilidad"},"content":{"rendered":"\n<p>Dise\u00f1ado por un equipo interdisciplinario, utiliza estimulaci\u00f3n el\u00e9ctrica para reducir los temblores y la tensi\u00f3n muscular de quienes lo usan.<\/p>\n\n\n\n<p>Un equipo interdisciplinario sueco desarroll\u00f3 un\u00a0<strong>traje especial para ayudar a personas con enfermedad de Parkinson<\/strong>, ictus y par\u00e1lisis\u00a0cerebral a\u00a0<strong>mejorar su movilidad.<\/strong><\/p>\n\n\n\n<p>El innovador vestimenta utiliza<strong> estimulaci\u00f3n el\u00e9ctrica para reducir los temblores y la tensi\u00f3n muscular<\/strong>\u00a0de quienes lo usan a trav\u00e9s de 58 electrodos ajustables y personalizables.<\/p>\n\n\n\n<p>Fredrik Lundqvist, quiropr\u00e1ctico, junto con el fisioterapeuta J\u00f6rgen Sandell y el dise\u00f1ador de H&amp;M Andreas Halld\u00e9n son los responsables del dise\u00f1o que funciona mediante&nbsp;<strong>estimulaci\u00f3n de grupos musculares opuestos.<\/strong><\/p>\n\n\n\n<figure class=\"wp-block-image\"><img decoding=\"async\" src=\"https:\/\/tn.com.ar\/resizer\/v2\/desarrollaron-un-traje-que-ayuda-a-las-personas-con-parkinson-y-paralisis-cerebral-a-mejorar-su-movilidad-captura-youtubeottobock-MRQBXT4EGFAT7JLAARZDJUWP3Y.JPG?auth=88448ac4fe8f4f375c492fbc6a7a96eeeafeffe1c01e0717e9962a2f05441aae&amp;width=767\" alt=\"Desarrollaron un traje que ayuda a las personas con Parkinson y par\u00e1lisis cerebral a mejorar su movilidad. (Captura: YouTube\/Ottobock)(\"\/><\/figure>\n\n\n\n<h2 class=\"wp-block-heading\">C\u00f3mo funciona el traje que ayuda a las personas con Parkinson y par\u00e1lisis cerebral a mejorar su movilidad<\/h2>\n\n\n\n<p>El traje, llamado&nbsp;<em>Exopulse Mollii Suit,<\/em>&nbsp;consta de unos&nbsp;<strong>pantalones, una chaqueta y una unidad de control desmontable.<\/strong>&nbsp;Est\u00e1 equipado con 58 electrodos que se colocan estrat\u00e9gicamente en la superficie de la vestimenta. Estos electrodos son capaces de&nbsp;<strong>estimular sensorialmente los principales grupos musculares al enviar se\u00f1ales al sistema nervioso<\/strong>&nbsp;sin provocar contracciones.<\/p>\n\n\n\n<p>La estimulaci\u00f3n se basa en<strong>\u00a0frecuencias e intensidades bajas<\/strong>, lo que permite que los\u00a0pacientes experimenten sensaciones como un ligero hormigueo o, en algunos casos, ninguna sensaci\u00f3n en absoluto.<\/p>\n\n\n\n<p>La unidad de control del traje, que funciona con pilas,<strong>\u00a0permite a los terapeutas personalizar el tratamiento\u00a0<\/strong>seg\u00fan las necesidades espec\u00edficas de cada paciente. Los programas de tratamiento se cargan en el traje a trav\u00e9s de un software, y se recomienda un tiempo de aplicaci\u00f3n de 60 minutos para maximizar los beneficios, que pueden durar entre 24 y 48 horas.<\/p>\n\n\n\n<p>En concreto, el traje funciona estimulando grupos musculares opuestos. Por ejemplo, si el b\u00edceps est\u00e1 tenso, el traje estimula el tr\u00edceps para relajar el b\u00edceps. As\u00ed, su objetivo es aliviar el dolor cr\u00f3nico, relajar los m\u00fasculos esp\u00e1sticos, activar los m\u00fasculos y aumentar la circulaci\u00f3n sangu\u00ednea.<\/p>\n\n\n\n<p>Los\u00a0<strong>primeros ensayos cl\u00ednicos\u00a0<\/strong>del equipo sueco en universidades y hospitales de Dinamarca, Francia, L\u00edbano y Suecia dieron<strong>\u00a0resultados alentadores.\u00a0<\/strong>Pacientes con par\u00e1lisis cerebral que antes ten\u00edan dificultades para caminar lograron desplazarse con mayor estabilidad y coordinaci\u00f3n tras solo una hora de uso del traje. Y otra paciente con esclerosis m\u00faltiple pudo caminar nuevamente despu\u00e9s de usar el traje durante una sesi\u00f3n de entrenamiento.<\/p>\n\n\n\n<p>Adem\u00e1s, los usuarios de este traje tambi\u00e9n reportaron una\u00a0<strong>disminuci\u00f3n significativa en el dolor y la rigidez muscular<\/strong>, como un paciente con Parkinson que mencion\u00f3 que, desde que comenz\u00f3 a usar el traje, pudo reducir su dependencia de medicamentos analg\u00e9sicos gracias a un alivio del dolor que se mantiene durante d\u00edas despu\u00e9s de cada sesi\u00f3n.<\/p>\n\n\n\n<p>Este innovador enfoque de la electroestimulaci\u00f3n, que<strong>&nbsp;todav\u00eda se encuentra en fase de desarrollo y no est\u00e1 a la venta ni disponible al p\u00fablico<\/strong>, podr\u00eda cambiar la forma en que se abordan las terapias para personas con Parkinson, par\u00e1lisis cerebral y otros trastornos del movimiento, al ofrecer una nueva esperanza para quienes enfrentan estos desaf\u00edos diariamente.<\/p>\n","protected":false},"excerpt":{"rendered":"<p>Dise\u00f1ado por un equipo interdisciplinario, utiliza estimulaci\u00f3n el\u00e9ctrica para reducir los temblores y la tensi\u00f3n muscular de quienes lo usan. Un equipo interdisciplinario sueco desarroll\u00f3 un\u00a0traje especial para ayudar a&hellip; <\/p>\n","protected":false},"author":8,"featured_media":165807,"comment_status":"closed","ping_status":"open","sticky":false,"template":"","format":"standard","meta":{"footnotes":""},"categories":[24],"tags":[],"class_list":["post-165806","post","type-post","status-publish","format-standard","has-post-thumbnail","hentry","category-tecnologia"],"_links":{"self":[{"href":"https:\/\/corrientesdetarde.com\/index.php\/wp-json\/wp\/v2\/posts\/165806","targetHints":{"allow":["GET"]}}],"collection":[{"href":"https:\/\/corrientesdetarde.com\/index.php\/wp-json\/wp\/v2\/posts"}],"about":[{"href":"https:\/\/corrientesdetarde.com\/index.php\/wp-json\/wp\/v2\/types\/post"}],"author":[{"embeddable":true,"href":"https:\/\/corrientesdetarde.com\/index.php\/wp-json\/wp\/v2\/users\/8"}],"replies":[{"embeddable":true,"href":"https:\/\/corrientesdetarde.com\/index.php\/wp-json\/wp\/v2\/comments?post=165806"}],"version-history":[{"count":1,"href":"https:\/\/corrientesdetarde.com\/index.php\/wp-json\/wp\/v2\/posts\/165806\/revisions"}],"predecessor-version":[{"id":165808,"href":"https:\/\/corrientesdetarde.com\/index.php\/wp-json\/wp\/v2\/posts\/165806\/revisions\/165808"}],"wp:featuredmedia":[{"embeddable":true,"href":"https:\/\/corrientesdetarde.com\/index.php\/wp-json\/wp\/v2\/media\/165807"}],"wp:attachment":[{"href":"https:\/\/corrientesdetarde.com\/index.php\/wp-json\/wp\/v2\/media?parent=165806"}],"wp:term":[{"taxonomy":"category","embeddable":true,"href":"https:\/\/corrientesdetarde.com\/index.php\/wp-json\/wp\/v2\/categories?post=165806"},{"taxonomy":"post_tag","embeddable":true,"href":"https:\/\/corrientesdetarde.com\/index.php\/wp-json\/wp\/v2\/tags?post=165806"}],"curies":[{"name":"wp","href":"https:\/\/api.w.org\/{rel}","templated":true}]}}