{"id":165809,"date":"2024-09-12T21:38:49","date_gmt":"2024-09-13T00:38:49","guid":{"rendered":"https:\/\/corrientesdetarde.com\/?p=165809"},"modified":"2024-09-12T21:38:56","modified_gmt":"2024-09-13T00:38:56","slug":"implementacion-de-ia-en-diferentes-ambitos-fue-uno-de-los-temas-abordados-en-la-telco-conf-2024","status":"publish","type":"post","link":"https:\/\/corrientesdetarde.com\/index.php\/locales\/implementacion-de-ia-en-diferentes-ambitos-fue-uno-de-los-temas-abordados-en-la-telco-conf-2024\/","title":{"rendered":"Implementaci\u00f3n de IA en diferentes \u00e1mbitos fue uno de los temas abordados en la TelCo Conf 2024"},"content":{"rendered":"\n<p>En la primera jornada de la 3\u00b0 edici\u00f3n de la TelCo Conf, que se llev\u00f3 adelante este jueves bajo el auspicio del Gobierno provincial y la organizaci\u00f3n de Corrientes Telecomunicaciones (TelCo), y que cont\u00f3 con la presencia del gobernador Gustavo Vald\u00e9s en la apertura, la implementaci\u00f3n de Inteligencia Artificial (IA) en el sector p\u00fablico como el privado, fue uno de los temas abordados entre las diferentes propuestas que presenta este evento dedicado al campo de la tecnolog\u00eda. Por tal motivo, uno de los destacados speakers de la ma\u00f1ana fue el presidente de la Sociedad Argentina de IA, Alexander Ditzend, a cargo de la conferencia \u201cInteligencia Artificial, pasando a la acci\u00f3n\u201d.<\/p>\n\n\n\n<p>\u201cVine a romper la idea de que la Inteligencia Artificial es algo grandioso, m\u00e1gico e imposible de implementar\u201d, dijo el especialista en contacto con la prensa. Al contrario, \u201ces barata, f\u00e1cil y por eso no hay tiempo que perder\u201d agreg\u00f3, por lo cual, se\u00f1al\u00f3 que \u201cdebemos empezar a implementarla en nuestros procesos internos, tano en empresas como en gobiernos, para sacarle todos los beneficios que tiene para dar\u201d.<\/p>\n\n\n\n<p>Coment\u00f3 que el gobernador Vald\u00e9s le plante\u00f3 respecto al uso de este recurso en el Estado, a lo que Ditzend le respondi\u00f3 que \u201cla fruta m\u00e1s f\u00e1cil para cosechar, es usar el poder de la IA generativa para que funcione como una interfaz entre el ciudadano y la complejidad del Estado\u201d. Explic\u00f3 entonces que \u201cel ciudadano exprese&nbsp;sus problemas en sus palabras, en lenguaje natural y sin moverse de su casa, mientras el Estado recibe la informaci\u00f3n estructurada como la necesita, completa, ordenada y el sistema de IA que act\u00faa en el medio le ayuda con todos los tr\u00e1mites que necesite, para ahorrar tiempo del ciudadano y tiempo de burocracia de los funcionarios\u201d.<\/p>\n\n\n\n<p>Por otra parte, el presidente de la Asociaci\u00f3n Argentina de Inteligencia Artificial, manifest\u00f3 que en \u201cla charla vimos dos tipos de bloqueo: hay gente que ve la IA como algo tan grandioso, que le da miedo empezar a implementarlo y eso es una falacia\u201d; y, no obstante, \u201cexisten otras personas que piensan que otra vez la IA es tan m\u00e1gica que no tienen que hacer ning\u00fan tipo de esfuerzo y con media hora de implementaci\u00f3n, resolver\u00e1n problemas grandilocuentes\u201d. Ante eso, \u201cla soluci\u00f3n es el camino medio, ya que se resuelven peque\u00f1os problemas con un equipo, con una implementaci\u00f3n, no en una hora, pero hay que empezar a usarla sac\u00e1ndose los preconceptos err\u00f3neos de encima\u201d, aclar\u00f3.<\/p>\n\n\n\n<p>Observ\u00f3 que \u201clas generaciones nuevas ya directamente no est\u00e1n googleando, le est\u00e1n preguntando al ChatGPT la informaci\u00f3n que necesitan, lo que tiene cierto grado de riesgo porque esta herramienta comete ciertos errores, pero se est\u00e1 viendo una diferencia en el uso y en el acceso a la informaci\u00f3n\u201d. Sin embargo, dijo que \u201clas generaciones m\u00e1s grandes tal vez son un poco reacias en hablar con un sistema que les contesta en lenguaje natural, entonces vemos ese choque, aunque de a poco se van desarrollando productos para ir trayendo a todas las generaciones a los beneficios de la IA\u201d.<\/p>\n\n\n\n<p>Sobre la falta de privacidad que hay respecto de la IA, por ejemplo, en Whatsapp, Alexander Ditzend expuso que \u201ces una batalla que hay que dar, pero el problema es que tenemos dos fuerzas que debemos mantener\u201d. Es decir, \u201cno es una batalla total: por un lado necesitamos que haya innovaci\u00f3n, aplicaciones nuevas, como libertad para desarrollar, pero por el otro lado no podemos vulnerar nuestros derechos, nuestra privacidad, tenemos que cuidarnos y ah\u00ed existe una tensi\u00f3n que, justamente&nbsp;estos eventos son los que ayudan a zanjarlas, porque esa tensi\u00f3n va a bajar much\u00edsimo cuando empecemos a tener noci\u00f3n de c\u00f3mo funcionan estas tecnolog\u00edas, ya que seremos mejores haciendo leyes, haciendo productos y mejores protegi\u00e9ndonos tambi\u00e9n como usuarios\u201d cerr\u00f3. &nbsp;&nbsp;<\/p>\n","protected":false},"excerpt":{"rendered":"<p>En la primera jornada de la 3\u00b0 edici\u00f3n de la TelCo Conf, que se llev\u00f3 adelante este jueves bajo el auspicio del Gobierno provincial y la organizaci\u00f3n de Corrientes Telecomunicaciones&hellip; <\/p>\n","protected":false},"author":4,"featured_media":165815,"comment_status":"closed","ping_status":"open","sticky":false,"template":"","format":"standard","meta":{"footnotes":""},"categories":[8],"tags":[],"class_list":["post-165809","post","type-post","status-publish","format-standard","has-post-thumbnail","hentry","category-locales"],"_links":{"self":[{"href":"https:\/\/corrientesdetarde.com\/index.php\/wp-json\/wp\/v2\/posts\/165809","targetHints":{"allow":["GET"]}}],"collection":[{"href":"https:\/\/corrientesdetarde.com\/index.php\/wp-json\/wp\/v2\/posts"}],"about":[{"href":"https:\/\/corrientesdetarde.com\/index.php\/wp-json\/wp\/v2\/types\/post"}],"author":[{"embeddable":true,"href":"https:\/\/corrientesdetarde.com\/index.php\/wp-json\/wp\/v2\/users\/4"}],"replies":[{"embeddable":true,"href":"https:\/\/corrientesdetarde.com\/index.php\/wp-json\/wp\/v2\/comments?post=165809"}],"version-history":[{"count":1,"href":"https:\/\/corrientesdetarde.com\/index.php\/wp-json\/wp\/v2\/posts\/165809\/revisions"}],"predecessor-version":[{"id":165816,"href":"https:\/\/corrientesdetarde.com\/index.php\/wp-json\/wp\/v2\/posts\/165809\/revisions\/165816"}],"wp:featuredmedia":[{"embeddable":true,"href":"https:\/\/corrientesdetarde.com\/index.php\/wp-json\/wp\/v2\/media\/165815"}],"wp:attachment":[{"href":"https:\/\/corrientesdetarde.com\/index.php\/wp-json\/wp\/v2\/media?parent=165809"}],"wp:term":[{"taxonomy":"category","embeddable":true,"href":"https:\/\/corrientesdetarde.com\/index.php\/wp-json\/wp\/v2\/categories?post=165809"},{"taxonomy":"post_tag","embeddable":true,"href":"https:\/\/corrientesdetarde.com\/index.php\/wp-json\/wp\/v2\/tags?post=165809"}],"curies":[{"name":"wp","href":"https:\/\/api.w.org\/{rel}","templated":true}]}}