{"id":165814,"date":"2024-09-12T23:03:46","date_gmt":"2024-09-13T02:03:46","guid":{"rendered":"https:\/\/corrientesdetarde.com\/?p=165814"},"modified":"2024-09-12T23:03:57","modified_gmt":"2024-09-13T02:03:57","slug":"se-presento-la-obra-del-artista-carlos-alonso-adquirida-para-el-museo-de-bellas-artes","status":"publish","type":"post","link":"https:\/\/corrientesdetarde.com\/index.php\/cultura\/se-presento-la-obra-del-artista-carlos-alonso-adquirida-para-el-museo-de-bellas-artes\/","title":{"rendered":"Se present\u00f3 la obra del artista Carlos Alonso adquirida para el Museo de Bellas Artes"},"content":{"rendered":"\n<p>El Instituto de Cultura de Corrientes realiz\u00f3 este mi\u00e9rcoles a la noche la presentaci\u00f3n de la obra del reconocido artista Carlos Alonso, adquirida recientemente en la edici\u00f3n 2024 de\u00a0arteBA y que desde ahora pas\u00f3 a ser parte del valioso patrimonio del Museo Provincial de Bellas Artes &#8220;Dr. Juan R. Vidal&#8221;. Se trata de &#8220;Super carne I&#8221;, un acr\u00edlico sobre tela, de 1973.<\/p>\n\n\n\n<figure class=\"wp-block-image size-large\"><img loading=\"lazy\" decoding=\"async\" width=\"1024\" height=\"680\" src=\"https:\/\/corrientesdetarde.com\/wp-content\/uploads\/2024\/09\/image-447-1024x680.png\" alt=\"\" class=\"wp-image-165829\" srcset=\"https:\/\/corrientesdetarde.com\/wp-content\/uploads\/2024\/09\/image-447-1024x680.png 1024w, https:\/\/corrientesdetarde.com\/wp-content\/uploads\/2024\/09\/image-447-300x199.png 300w, https:\/\/corrientesdetarde.com\/wp-content\/uploads\/2024\/09\/image-447-768x510.png 768w, https:\/\/corrientesdetarde.com\/wp-content\/uploads\/2024\/09\/image-447.png 1359w\" sizes=\"auto, (max-width: 1024px) 100vw, 1024px\" \/><\/figure>\n\n\n\n<p>La presidenta\u00a0del Instituto de Cultura de Corrientes, Beatriz Kunin, encabez\u00f3 la presentaci\u00f3n junto al decano de la Facultad de Artes, Dise\u00f1o y Ciencias de la Cultura de la UNNE, Gabriel Romero, y el director del Museo de Bellas Artes, Luis Bogado. Tambi\u00e9n acompa\u00f1aron los integrantes de la Asociaci\u00f3n Amigos del Museo de Bellas Artes, al igual que artistas y p\u00fablico en general.<\/p>\n\n\n\n<figure class=\"wp-block-image size-large\"><img loading=\"lazy\" decoding=\"async\" width=\"1024\" height=\"676\" src=\"https:\/\/corrientesdetarde.com\/wp-content\/uploads\/2024\/09\/image-448-1024x676.png\" alt=\"\" class=\"wp-image-165830\" srcset=\"https:\/\/corrientesdetarde.com\/wp-content\/uploads\/2024\/09\/image-448-1024x676.png 1024w, https:\/\/corrientesdetarde.com\/wp-content\/uploads\/2024\/09\/image-448-300x198.png 300w, https:\/\/corrientesdetarde.com\/wp-content\/uploads\/2024\/09\/image-448-768x507.png 768w, https:\/\/corrientesdetarde.com\/wp-content\/uploads\/2024\/09\/image-448.png 1364w\" sizes=\"auto, (max-width: 1024px) 100vw, 1024px\" \/><\/figure>\n\n\n\n<p>La profesora Alejandra Fern\u00e1ndez fue la encargada de presentar &#8220;Super carne I&#8221;, y seguidamente la presidenta Beatriz Kunin, salud\u00f3 a los presentes y agradeci\u00f3 a los mecenas Teresa Bulgheroni, Andrea Arditi y Claudia Iturralde, y al Programa de Adquisiciones de Museos de la Fundaci\u00f3n arteBA, que hicieron posible la adquisici\u00f3n de la obra en la reciente edici\u00f3n de la feria m\u00e1s importante de las artes visuales del pa\u00eds.<\/p>\n\n\n\n<p>Se destac\u00f3 tambi\u00e9n en ediciones anteriores de arteBA, a trav\u00e9s del Programa de Adquisiciones de Museos de la Fundaci\u00f3n arteBA, en el que el Gobierno provincial ya adquiri\u00f3 otras obras para el Museo de Bellas Artes &#8220;Dr. Juan R. Vidal&#8221;. Este fue el caso de &#8220;Polinya&#8221;, 1967 de Carlos Silva; &#8220;0154 Serie apertura&#8221;, 2011 de Ra\u00fal &#8220;P\u00e1jaro&#8221;\u00a0G\u00f3mez; &#8220;Burbujas y flores&#8221;\u00a02007 de Leo Chiachio y Daniel Giannone; y &#8220;Boceto&#8221;\u00a0de Antonio Berni en 2022.<\/p>\n\n\n\n<figure class=\"wp-block-image size-full\"><img loading=\"lazy\" decoding=\"async\" width=\"909\" height=\"898\" src=\"https:\/\/corrientesdetarde.com\/wp-content\/uploads\/2024\/09\/image-449.png\" alt=\"\" class=\"wp-image-165831\" srcset=\"https:\/\/corrientesdetarde.com\/wp-content\/uploads\/2024\/09\/image-449.png 909w, https:\/\/corrientesdetarde.com\/wp-content\/uploads\/2024\/09\/image-449-300x296.png 300w, https:\/\/corrientesdetarde.com\/wp-content\/uploads\/2024\/09\/image-449-768x759.png 768w\" sizes=\"auto, (max-width: 909px) 100vw, 909px\" \/><\/figure>\n\n\n\n<p>Esta muestra de obras de Carlos Alonso podr\u00e1 ser visitada en los horarios del Museo, de lunes a viernes, s\u00e1bados, domingos y feriados: de 8 a 12, y 16 a 20 horas, con entrada libre y gratuita. El p\u00fablico que visite el Museo podr\u00e1 apreciar adem\u00e1s un conjunto de otras obras del artista, cedidas en car\u00e1cter de pr\u00e9stamo para esta exposici\u00f3n por coleccionistas particulares.<\/p>\n\n\n\n<p><strong>Sobre las obras de Alonso<\/strong><\/p>\n\n\n\n<p>&#8220;No puede pensarse la historia del \u00faltimo medio siglo de la Argentina sin la obra de Carlos Alonso. Es un hilo que la tensa, la denuncia, la interpela y la enmienda, al tiempo que la sabe irreparable&#8221;, destac\u00f3 el director del Museo Nacional de Bellas Artes, Andr\u00e9s Duprat, sobre la obra del mencionado artista.&nbsp;La violencia sobre los cuerpos se transform\u00f3 en un tema recurrente en su obra, con fuerte impronta pol\u00edtica y social.<\/p>\n\n\n\n<p>Tras el Golpe de Estado de 1976 y la desaparici\u00f3n de su hija, Paloma Alonso, se exili\u00f3 en Roma y en 1979 se mud\u00f3 a Madrid. Regres\u00f3 al pa\u00eds en 1981 y se instal\u00f3 en C\u00f3rdoba, donde vive actualmente.<\/p>\n","protected":false},"excerpt":{"rendered":"<p>El Instituto de Cultura de Corrientes realiz\u00f3 este mi\u00e9rcoles a la noche la presentaci\u00f3n de la obra del reconocido artista Carlos Alonso, adquirida recientemente en la edici\u00f3n 2024 de\u00a0arteBA y&hellip; <\/p>\n","protected":false},"author":4,"featured_media":165832,"comment_status":"closed","ping_status":"open","sticky":false,"template":"","format":"standard","meta":{"footnotes":""},"categories":[15],"tags":[],"class_list":["post-165814","post","type-post","status-publish","format-standard","has-post-thumbnail","hentry","category-cultura"],"_links":{"self":[{"href":"https:\/\/corrientesdetarde.com\/index.php\/wp-json\/wp\/v2\/posts\/165814","targetHints":{"allow":["GET"]}}],"collection":[{"href":"https:\/\/corrientesdetarde.com\/index.php\/wp-json\/wp\/v2\/posts"}],"about":[{"href":"https:\/\/corrientesdetarde.com\/index.php\/wp-json\/wp\/v2\/types\/post"}],"author":[{"embeddable":true,"href":"https:\/\/corrientesdetarde.com\/index.php\/wp-json\/wp\/v2\/users\/4"}],"replies":[{"embeddable":true,"href":"https:\/\/corrientesdetarde.com\/index.php\/wp-json\/wp\/v2\/comments?post=165814"}],"version-history":[{"count":1,"href":"https:\/\/corrientesdetarde.com\/index.php\/wp-json\/wp\/v2\/posts\/165814\/revisions"}],"predecessor-version":[{"id":165833,"href":"https:\/\/corrientesdetarde.com\/index.php\/wp-json\/wp\/v2\/posts\/165814\/revisions\/165833"}],"wp:featuredmedia":[{"embeddable":true,"href":"https:\/\/corrientesdetarde.com\/index.php\/wp-json\/wp\/v2\/media\/165832"}],"wp:attachment":[{"href":"https:\/\/corrientesdetarde.com\/index.php\/wp-json\/wp\/v2\/media?parent=165814"}],"wp:term":[{"taxonomy":"category","embeddable":true,"href":"https:\/\/corrientesdetarde.com\/index.php\/wp-json\/wp\/v2\/categories?post=165814"},{"taxonomy":"post_tag","embeddable":true,"href":"https:\/\/corrientesdetarde.com\/index.php\/wp-json\/wp\/v2\/tags?post=165814"}],"curies":[{"name":"wp","href":"https:\/\/api.w.org\/{rel}","templated":true}]}}