{"id":165817,"date":"2024-09-12T21:43:36","date_gmt":"2024-09-13T00:43:36","guid":{"rendered":"https:\/\/corrientesdetarde.com\/?p=165817"},"modified":"2024-09-12T21:43:47","modified_gmt":"2024-09-13T00:43:47","slug":"gobierno-provincial-y-sector-privado-impulsan-el-desarrollo-del-turismo-en-corrientes","status":"publish","type":"post","link":"https:\/\/corrientesdetarde.com\/index.php\/actualidad\/gobierno-provincial-y-sector-privado-impulsan-el-desarrollo-del-turismo-en-corrientes\/","title":{"rendered":"Gobierno provincial y sector privado impulsan el desarrollo del turismo en Corrientes"},"content":{"rendered":"\n<p>En un paso firme hacia el fortalecimiento del turismo en Corrientes, la ministra de Turismo, Aejandra Eliciri, junto a la presidenta de la C\u00e1mara de Turismo de la Provincia, Alejandra Boloqui, se reunieron con la titular del Banco de Corrientes, Laura Ssprovieri,&nbsp;para abordar temas estrat\u00e9gicos de apoyo al sector privado.El encuentro se centr\u00f3 en la asignaci\u00f3n de l\u00edneas de cr\u00e9dito que incentiven la renovaci\u00f3n de flotas de veh\u00edculos y embarcaciones utilizados para el transporte tur\u00edstico, adem\u00e1s de promover inversiones en alojamientos y fomentar el turismo accesible para jubilados.<\/p>\n\n\n\n<p>Alejandra Boloqui destac\u00f3 la importancia de facilitar el acceso a cr\u00e9ditos con tasas atractivas, principalmente para emprendedores que necesiten renovar sus embarcaciones y veh\u00edculos 4&#215;4, con el fin de mantener actualizadas las flotas dedicadas al turismo en la Provincia. Estas l\u00edneas de cr\u00e9dito premiar\u00e1n especialmente a aquellos que est\u00e9n inscriptos y cuenten con sellos de calidad y sostenibilidad, lo cual refuerza el compromiso del sector con el turismo responsable.<\/p>\n\n\n\n<p>Adem\u00e1s, se propuso la creaci\u00f3n de nuevas l\u00edneas de cr\u00e9dito enfocadas en mujeres emprendedoras del sector, con el objetivo de fomentar su participaci\u00f3n y fortalecer sus emprendimientos. Tambi\u00e9n se convers\u00f3 sobre la incorporaci\u00f3n de facilidades de pago para que jubilados puedan acceder a paquetes tur\u00edsticos y viajar por Corrientes a trav\u00e9s de acuerdos con agencias de viajes y el Banco de Corrientes.<\/p>\n\n\n\n<p>&#8220;Este a\u00f1o renovamos&nbsp;un programa que comenz\u00f3 el a\u00f1o pasado, ofreciendo compras en cuotas de productos tur\u00edsticos, como paquetes y descuentos en alojamientos, a trav\u00e9s del uso de las tarjetas del Banco de Corrientes&#8221;, explic\u00f3 Boloqui, quien resalt\u00f3 la importancia de la alianza entre el Ministerio de Turismo y el sector privado para impulsar el crecimiento del turismo provincial.<\/p>\n\n\n\n<p>Por su parte, la ministra Eliciri reiter\u00f3 el compromiso del Gobierno provincial con el desarrollo del sector privado. &#8220;Siempre trabajamos de la mano de la C\u00e1mara de Turismo para consensuar las acciones necesarias y brindar las herramientas que impulsen el crecimiento de nuestro turismo&#8221;,&nbsp;expres\u00f3, reafirmando el apoyo continuo del Estado para potenciar este sector clave de la econom\u00eda correntina.<\/p>\n\n\n\n<p>Con esta colaboraci\u00f3n, el Gobierno de Corrientes y el sector privado buscan no solo mejorar la oferta tur\u00edstica, sino tambi\u00e9n fortalecer la sostenibilidad y accesibilidad del turismo para todos los visitantes.<\/p>\n","protected":false},"excerpt":{"rendered":"<p>En un paso firme hacia el fortalecimiento del turismo en Corrientes, la ministra de Turismo, Aejandra Eliciri, junto a la presidenta de la C\u00e1mara de Turismo de la Provincia, Alejandra&hellip; <\/p>\n","protected":false},"author":4,"featured_media":165818,"comment_status":"closed","ping_status":"open","sticky":false,"template":"","format":"standard","meta":{"footnotes":""},"categories":[23],"tags":[],"class_list":["post-165817","post","type-post","status-publish","format-standard","has-post-thumbnail","hentry","category-actualidad"],"_links":{"self":[{"href":"https:\/\/corrientesdetarde.com\/index.php\/wp-json\/wp\/v2\/posts\/165817","targetHints":{"allow":["GET"]}}],"collection":[{"href":"https:\/\/corrientesdetarde.com\/index.php\/wp-json\/wp\/v2\/posts"}],"about":[{"href":"https:\/\/corrientesdetarde.com\/index.php\/wp-json\/wp\/v2\/types\/post"}],"author":[{"embeddable":true,"href":"https:\/\/corrientesdetarde.com\/index.php\/wp-json\/wp\/v2\/users\/4"}],"replies":[{"embeddable":true,"href":"https:\/\/corrientesdetarde.com\/index.php\/wp-json\/wp\/v2\/comments?post=165817"}],"version-history":[{"count":1,"href":"https:\/\/corrientesdetarde.com\/index.php\/wp-json\/wp\/v2\/posts\/165817\/revisions"}],"predecessor-version":[{"id":165819,"href":"https:\/\/corrientesdetarde.com\/index.php\/wp-json\/wp\/v2\/posts\/165817\/revisions\/165819"}],"wp:featuredmedia":[{"embeddable":true,"href":"https:\/\/corrientesdetarde.com\/index.php\/wp-json\/wp\/v2\/media\/165818"}],"wp:attachment":[{"href":"https:\/\/corrientesdetarde.com\/index.php\/wp-json\/wp\/v2\/media?parent=165817"}],"wp:term":[{"taxonomy":"category","embeddable":true,"href":"https:\/\/corrientesdetarde.com\/index.php\/wp-json\/wp\/v2\/categories?post=165817"},{"taxonomy":"post_tag","embeddable":true,"href":"https:\/\/corrientesdetarde.com\/index.php\/wp-json\/wp\/v2\/tags?post=165817"}],"curies":[{"name":"wp","href":"https:\/\/api.w.org\/{rel}","templated":true}]}}