{"id":165820,"date":"2024-09-12T21:52:48","date_gmt":"2024-09-13T00:52:48","guid":{"rendered":"https:\/\/corrientesdetarde.com\/?p=165820"},"modified":"2024-09-12T21:52:56","modified_gmt":"2024-09-13T00:52:56","slug":"entrega-de-notebooks-a-estudiantes-del-colegio-secundario-de-el-sombrero","status":"publish","type":"post","link":"https:\/\/corrientesdetarde.com\/index.php\/sociales\/entrega-de-notebooks-a-estudiantes-del-colegio-secundario-de-el-sombrero\/","title":{"rendered":"Entrega de notebooks a estudiantes del Colegio Secundario de El Sombrero"},"content":{"rendered":"\n<p>La ministra de Educaci\u00f3n de la Provincia, Pr\u00e1xedes L\u00f3pez, encabez\u00f3 este jueves la entrega de 68 notebooks del Programa Incluir Futuro a estudiantes del Colegio Secundario de El Sombrero. En la oportunidad, la funcionaria hizo hincapi\u00e9 en la importancia de potenciar la alfabetizaci\u00f3n desde el nivel inicial: &#8220;Hoy les traemos una herramienta de transformaci\u00f3n para sus vidas, pero nada se puede hacer si no tenemos buena alfabetizaci\u00f3n&#8221;, dijo.<\/p>\n\n\n\n<p>&#8220;Traigo los saludos c\u00e1lidos del gobernador Gustavo Vald\u00e9s, que no pudo estar presente por cuestiones de agenda, pero su compromiso est\u00e1 cumplido&#8221;, dijo la ministra L\u00f3pez durante la entrega de notebooks y equipamiento escolar, realizada en el mencionado establecimiento educativo. Resalt\u00f3 as\u00ed que en la localidad, el Gobierno provincial a trav\u00e9s de la cartera educativa hizo intervenciones en el Jard\u00edn de Infantes Nucleados (JIN) N\u00b068, al igual que en el play\u00f3n del Colegio Secundario donde adem\u00e1s hubo una refacci\u00f3n integral.<\/p>\n\n\n\n<figure class=\"wp-block-image size-large\"><img loading=\"lazy\" decoding=\"async\" width=\"1024\" height=\"681\" src=\"https:\/\/corrientesdetarde.com\/wp-content\/uploads\/2024\/09\/image-445-1024x681.png\" alt=\"\" class=\"wp-image-165822\" srcset=\"https:\/\/corrientesdetarde.com\/wp-content\/uploads\/2024\/09\/image-445-1024x681.png 1024w, https:\/\/corrientesdetarde.com\/wp-content\/uploads\/2024\/09\/image-445-300x200.png 300w, https:\/\/corrientesdetarde.com\/wp-content\/uploads\/2024\/09\/image-445-768x511.png 768w, https:\/\/corrientesdetarde.com\/wp-content\/uploads\/2024\/09\/image-445.png 1264w\" sizes=\"auto, (max-width: 1024px) 100vw, 1024px\" \/><\/figure>\n\n\n\n<p>&#8220;En la Escuela 709 tambi\u00e9n se realiz\u00f3 una refacci\u00f3n integral&#8221;, remarc\u00f3 y enseguida agreg\u00f3 que &#8220;hoy llegamos a este Municipio con el Programa Incluir Futuro, que es una iniciativa del Gobernador, creada despu\u00e9s de la pandemia cuando nos dimos cuenta de que nuestros alumnos necesitaban una plataforma digital y computadoras. Hoy ustedes, queridos estudiantes, van a recibir 68 equipos que se pueden llevar a su casa, pueden incursionar con ellos en lo que les gusta, y adem\u00e1s van a tener la posibilidad de reforzar aprendizajes porque estos dispositivos cuentan con todos los contenidos de primero, segundo, tercero, cuarto y quinto a\u00f1o, a los que se suman contenidos transversales como la ESI (Educaci\u00f3n Sexual Integral) y la Educaci\u00f3n Emocional, entre otras cosas&#8221;.<\/p>\n\n\n\n<p>De esta manera Corrientes ya entreg\u00f3 m\u00e1s de 45 mil computadoras del programa Incluir Futuro. La Ministra se refiri\u00f3 por otro lado\u00a0a la importancia de la alfabetizaci\u00f3n desde el nivel inicial y destac\u00f3 que no se puede olvidar lo digital.<\/p>\n\n\n\n<figure class=\"wp-block-image size-large\"><img loading=\"lazy\" decoding=\"async\" width=\"1024\" height=\"677\" src=\"https:\/\/corrientesdetarde.com\/wp-content\/uploads\/2024\/09\/image-444-1024x677.png\" alt=\"\" class=\"wp-image-165821\" srcset=\"https:\/\/corrientesdetarde.com\/wp-content\/uploads\/2024\/09\/image-444-1024x677.png 1024w, https:\/\/corrientesdetarde.com\/wp-content\/uploads\/2024\/09\/image-444-300x198.png 300w, https:\/\/corrientesdetarde.com\/wp-content\/uploads\/2024\/09\/image-444-768x508.png 768w, https:\/\/corrientesdetarde.com\/wp-content\/uploads\/2024\/09\/image-444.png 1271w\" sizes=\"auto, (max-width: 1024px) 100vw, 1024px\" \/><\/figure>\n\n\n\n<p>&#8220;Nada se puede hacer si no tenemos buena alfabetizaci\u00f3n, si no leemos y no comprendemos un texto&#8221;, marc\u00f3 y luego realiz\u00f3 pedidos a docentes, tutores y alumnos: &#8220;Docentes, ustedes pueden transformar la sociedad y hacer que los ni\u00f1os no abandonen la escuela. A los padres les pido que acompa\u00f1en, y a ustedes queridos alumnos que el 21 es su d\u00eda, piensen que estas notebooks son una herramienta para engrandecer su ciudad, su Provincia y porque no, la Naci\u00f3n Argentina&#8221;.<\/p>\n\n\n\n<p>A su turno, el intendente de El Sombrero, Ra\u00fal Gonz\u00e1les, consider\u00f3 como hist\u00f3rica a esta jornada, ya que &#8220;esta entrega significa mucho para un Gobierno local como el nuestro, que es el m\u00e1s chico de la Provincia\u201d, y valor\u00f3 la importancia de los ejes de gesti\u00f3n trazados por el Ejecutivo: &#8220;Modernizaci\u00f3n, inclusi\u00f3n y desarrollo&#8221;.<\/p>\n\n\n\n<p>El director general de Secundaria, dependiente del Ministerio de Educaci\u00f3n, Sergio Guti\u00e9rrez, tambi\u00e9n remarc\u00f3\u00a0la importancia de Incluir Futuro, y calific\u00f3 a las notebooks como una herramienta fundamental para fortalecer las trayectorias escolares.<\/p>\n\n\n\n<figure class=\"wp-block-image size-large\"><img loading=\"lazy\" decoding=\"async\" width=\"1024\" height=\"678\" src=\"https:\/\/corrientesdetarde.com\/wp-content\/uploads\/2024\/09\/image-446-1024x678.png\" alt=\"\" class=\"wp-image-165823\" srcset=\"https:\/\/corrientesdetarde.com\/wp-content\/uploads\/2024\/09\/image-446-1024x678.png 1024w, https:\/\/corrientesdetarde.com\/wp-content\/uploads\/2024\/09\/image-446-300x199.png 300w, https:\/\/corrientesdetarde.com\/wp-content\/uploads\/2024\/09\/image-446-768x509.png 768w, https:\/\/corrientesdetarde.com\/wp-content\/uploads\/2024\/09\/image-446.png 1270w\" sizes=\"auto, (max-width: 1024px) 100vw, 1024px\" \/><\/figure>\n\n\n\n<p>En el mismo sentido, el director de Sistemas de dicha cartera educativa, Carlos Encina, record\u00f3 que el Programa provincial fue creado por Gustavo Vald\u00e9s para que todos los alumnos del primer a\u00f1o inicien la secundaria con un dispositivo que les permita llevar la tecnolog\u00eda&nbsp;a las aulas. &#8220;Adem\u00e1s, el Gobierno de la Provincia a trav\u00e9s del Ministerio de Educaci\u00f3n y su Subsecretar\u00eda de Contenidos Audiovisuales, cre\u00f3 un portal que se llama EducaPlay, donde van a poder encontrar todo el contenido relacionado con las diferentes materias que est\u00e1n cursando&#8221;, dijo.<\/p>\n\n\n\n<p>Adem\u00e1s de eso, &#8220;el Gobernador trabaja con la empresa TelCo para que todas las escuelas de Corrientes tengan conectividad a internet. Y en los lugares donde no se puede llegar con la fibra \u00f3ptica estamos iniciando un plan para conectar las escuelas con conexi\u00f3n satelital de alta velocidad de internet&#8221;, asegur\u00f3.&nbsp;<\/p>\n","protected":false},"excerpt":{"rendered":"<p>La ministra de Educaci\u00f3n de la Provincia, Pr\u00e1xedes L\u00f3pez, encabez\u00f3 este jueves la entrega de 68 notebooks del Programa Incluir Futuro a estudiantes del Colegio Secundario de El Sombrero. En&hellip; <\/p>\n","protected":false},"author":4,"featured_media":165824,"comment_status":"closed","ping_status":"open","sticky":false,"template":"","format":"standard","meta":{"footnotes":""},"categories":[17],"tags":[],"class_list":["post-165820","post","type-post","status-publish","format-standard","has-post-thumbnail","hentry","category-sociales"],"_links":{"self":[{"href":"https:\/\/corrientesdetarde.com\/index.php\/wp-json\/wp\/v2\/posts\/165820","targetHints":{"allow":["GET"]}}],"collection":[{"href":"https:\/\/corrientesdetarde.com\/index.php\/wp-json\/wp\/v2\/posts"}],"about":[{"href":"https:\/\/corrientesdetarde.com\/index.php\/wp-json\/wp\/v2\/types\/post"}],"author":[{"embeddable":true,"href":"https:\/\/corrientesdetarde.com\/index.php\/wp-json\/wp\/v2\/users\/4"}],"replies":[{"embeddable":true,"href":"https:\/\/corrientesdetarde.com\/index.php\/wp-json\/wp\/v2\/comments?post=165820"}],"version-history":[{"count":1,"href":"https:\/\/corrientesdetarde.com\/index.php\/wp-json\/wp\/v2\/posts\/165820\/revisions"}],"predecessor-version":[{"id":165825,"href":"https:\/\/corrientesdetarde.com\/index.php\/wp-json\/wp\/v2\/posts\/165820\/revisions\/165825"}],"wp:featuredmedia":[{"embeddable":true,"href":"https:\/\/corrientesdetarde.com\/index.php\/wp-json\/wp\/v2\/media\/165824"}],"wp:attachment":[{"href":"https:\/\/corrientesdetarde.com\/index.php\/wp-json\/wp\/v2\/media?parent=165820"}],"wp:term":[{"taxonomy":"category","embeddable":true,"href":"https:\/\/corrientesdetarde.com\/index.php\/wp-json\/wp\/v2\/categories?post=165820"},{"taxonomy":"post_tag","embeddable":true,"href":"https:\/\/corrientesdetarde.com\/index.php\/wp-json\/wp\/v2\/tags?post=165820"}],"curies":[{"name":"wp","href":"https:\/\/api.w.org\/{rel}","templated":true}]}}