{"id":165840,"date":"2024-09-12T23:14:12","date_gmt":"2024-09-13T02:14:12","guid":{"rendered":"https:\/\/corrientesdetarde.com\/?p=165840"},"modified":"2024-09-12T23:14:24","modified_gmt":"2024-09-13T02:14:24","slug":"vuelve-el-ciclo-de-cine-nacional-con-que-hago-en-este-mundo-tan-visual","status":"publish","type":"post","link":"https:\/\/corrientesdetarde.com\/index.php\/cultura\/vuelve-el-ciclo-de-cine-nacional-con-que-hago-en-este-mundo-tan-visual\/","title":{"rendered":"Vuelve el Ciclo de Cine Nacional con &#8220;Qu\u00e9 hago en este mundo tan visual&#8221;"},"content":{"rendered":"\n<p>Con acceso libre y gratuito, este viernes a las 21 horas, en el patio del Instituto de Cultura de Corrientes, ubicado en San Juan 546 de eta Capital, se proyectar\u00e1 &#8220;Qu\u00e9 hago en este mundo tan visual&#8221;, documental del director Manuel Embalse, en el marco del Ciclo de Cine Nacional. Estar\u00e1 presente el protagonista de la pel\u00edcula, Zez\u00e9 Fassmor.<\/p>\n\n\n\n<p>De esta manera, en d\u00eda especial, vuelve el cl\u00e1sico ciclo &#8220;Cine de los Martes&#8221;&nbsp;organizado por el Instituto de Cultura, a trav\u00e9s del Departamento de Cine, de la direcci\u00f3n de Artes Esc\u00e9nicas, M\u00fasica y Artes Audiovisuales, con el apoyo del Instituto Nacionalo de Cine y Artes Audivisuales (INCAA). Se trata de una oportunidad imperdible para que los amantes del s\u00e9ptimo arte disfruten de las producciones argentinas.<\/p>\n\n\n\n<p><strong>Sobre la pel\u00edcula<\/strong><\/p>\n\n\n\n<p>&#8220;Que hago en este mundo tan visual&#8221;\u00a0es un documental de 2020, que trata sobre Zez\u00e9 Fassmor, quien perdi\u00f3 la vista a los 25 a\u00f1os y hoy, a los 32 y con la idea de volver a ver creyendo en la ciencia y en la tecnolog\u00eda, filma y saca fotos creando su propio archivo para ver esas im\u00e1genes en el futuro. \u00bfC\u00f3mo es producir im\u00e1genes en el 2020 siendo ciego?<\/p>\n\n\n\n<figure class=\"wp-block-image size-full\"><img loading=\"lazy\" decoding=\"async\" width=\"682\" height=\"904\" src=\"https:\/\/corrientesdetarde.com\/wp-content\/uploads\/2024\/09\/image-450.png\" alt=\"\" class=\"wp-image-165841\" srcset=\"https:\/\/corrientesdetarde.com\/wp-content\/uploads\/2024\/09\/image-450.png 682w, https:\/\/corrientesdetarde.com\/wp-content\/uploads\/2024\/09\/image-450-226x300.png 226w\" sizes=\"auto, (max-width: 682px) 100vw, 682px\" \/><\/figure>\n","protected":false},"excerpt":{"rendered":"<p>Con acceso libre y gratuito, este viernes a las 21 horas, en el patio del Instituto de Cultura de Corrientes, ubicado en San Juan 546 de eta Capital, se proyectar\u00e1&hellip; <\/p>\n","protected":false},"author":4,"featured_media":165842,"comment_status":"closed","ping_status":"open","sticky":false,"template":"","format":"standard","meta":{"footnotes":""},"categories":[15],"tags":[],"class_list":["post-165840","post","type-post","status-publish","format-standard","has-post-thumbnail","hentry","category-cultura"],"_links":{"self":[{"href":"https:\/\/corrientesdetarde.com\/index.php\/wp-json\/wp\/v2\/posts\/165840","targetHints":{"allow":["GET"]}}],"collection":[{"href":"https:\/\/corrientesdetarde.com\/index.php\/wp-json\/wp\/v2\/posts"}],"about":[{"href":"https:\/\/corrientesdetarde.com\/index.php\/wp-json\/wp\/v2\/types\/post"}],"author":[{"embeddable":true,"href":"https:\/\/corrientesdetarde.com\/index.php\/wp-json\/wp\/v2\/users\/4"}],"replies":[{"embeddable":true,"href":"https:\/\/corrientesdetarde.com\/index.php\/wp-json\/wp\/v2\/comments?post=165840"}],"version-history":[{"count":1,"href":"https:\/\/corrientesdetarde.com\/index.php\/wp-json\/wp\/v2\/posts\/165840\/revisions"}],"predecessor-version":[{"id":165843,"href":"https:\/\/corrientesdetarde.com\/index.php\/wp-json\/wp\/v2\/posts\/165840\/revisions\/165843"}],"wp:featuredmedia":[{"embeddable":true,"href":"https:\/\/corrientesdetarde.com\/index.php\/wp-json\/wp\/v2\/media\/165842"}],"wp:attachment":[{"href":"https:\/\/corrientesdetarde.com\/index.php\/wp-json\/wp\/v2\/media?parent=165840"}],"wp:term":[{"taxonomy":"category","embeddable":true,"href":"https:\/\/corrientesdetarde.com\/index.php\/wp-json\/wp\/v2\/categories?post=165840"},{"taxonomy":"post_tag","embeddable":true,"href":"https:\/\/corrientesdetarde.com\/index.php\/wp-json\/wp\/v2\/tags?post=165840"}],"curies":[{"name":"wp","href":"https:\/\/api.w.org\/{rel}","templated":true}]}}