{"id":165881,"date":"2024-09-13T08:25:49","date_gmt":"2024-09-13T11:25:49","guid":{"rendered":"https:\/\/corrientesdetarde.com\/?p=165881"},"modified":"2024-09-18T13:53:29","modified_gmt":"2024-09-18T16:53:29","slug":"pidieron-prision-perpetua-para-el-joven-acusado-de-matar-a-su-abuela-para-robarle","status":"publish","type":"post","link":"https:\/\/corrientesdetarde.com\/index.php\/crimen-y-justicia\/pidieron-prision-perpetua-para-el-joven-acusado-de-matar-a-su-abuela-para-robarle\/","title":{"rendered":"Condenaron a cadena perpetua al nieto que mat\u00f3 a su abuela para robarle"},"content":{"rendered":"\n<p>En la ma\u00f1ana de este mi\u00e9rcoles 18 de septiembre se realiz\u00f3 la \u00faltima audiencia en el Tribunal Oral Penal N\u00b02 \u2013 hoy Tribunal de Juicio \u2013 del debate contra Jonat\u00e1n Cesar Blanco quien habr\u00eda matado a su abuela de 66 a\u00f1os para robarle y para ocultar el crimen habr\u00eda provocado un incendio.<\/p>\n\n\n\n<p>En la Sentencia N\u00b0184 condenaron a Jonathan Blanco a la pena de prisi\u00f3n perpetua por la comisi\u00f3n del delito de homicidio triplemente calificado por haberse cometido contra una ascendiente con alevos\u00eda y en concurso real con el delito de incendio en calidad de coautor material. Tambi\u00e9n se dispuso la necesidad de que el condenado realice un tratamiento psicoterap\u00e9utico en forma sostenida sistem\u00e1tica y continuada en el Hospital San Francisco de As\u00eds por el t\u00e9rmino que resulte necesario. Esto teniendo en cuenta las problem\u00e1tica de consumo que el mismo condenado manifest\u00f3 padecer.<\/p>\n\n\n\n<p>Se declar\u00f3 adem\u00e1s la responsabilidad penal del por entonces menor de edad Brandon Baez Rodriguez por la comisi\u00f3n del delito de homicidio triplemente calificado con alevos\u00eda y en concurso real con el delito de incendio en calidad de coautor material. Conforme a los art\u00edculos 40, 41 y 45 del C\u00f3digo Penal se da intervenci\u00f3n a la doctora Carolina Macarrein a cargo del Juzgado de Familia, Ni\u00f1ez y Adolescencia N\u00b0 4.<\/p>\n\n\n\n<p>Carlos Barreto fue absuelto de culpa y cargo por insuficiencia probatoria y ordenaron su inmediata libertad.<\/p>\n\n\n\n<p>El Tribunal estuvo compuesto por el doctor Juan Jos\u00e9 Cochia como presidente y los vocales doctores; Ariel H\u00e9ctor Gustavo Azcona y Rom\u00e1n Facundo Esquivel. La secretaria fue la doctora Alicia Beatriz Porfirio. El Fiscal de juicio es el Fiscal Subogante, doctor Jorge Omar Semhan.<\/p>\n\n\n\n<p>Al nieto de la mujer, Jonat\u00e1n Cesar Blanco lo represent\u00f3 la defensora Oficial, doctora Mar\u00eda Marta Correa. Carlos Alberto Barreto fue representado por el abogado particular Hermindo Gonz\u00e1lez y el menor por el defensor Oficial, doctor Jos\u00e9 Nicol\u00e1s Baez.<\/p>\n\n\n\n<p>El 26 de septiembre a las 12 se dar\u00e1n a conocer los fundamentos de la sentencia.<\/p>\n","protected":false},"excerpt":{"rendered":"<p>En la ma\u00f1ana de este mi\u00e9rcoles 18 de septiembre se realiz\u00f3 la \u00faltima audiencia en el Tribunal Oral Penal N\u00b02 \u2013 hoy Tribunal de Juicio \u2013 del debate contra Jonat\u00e1n&hellip; <\/p>\n","protected":false},"author":1,"featured_media":165884,"comment_status":"closed","ping_status":"open","sticky":false,"template":"","format":"standard","meta":{"footnotes":""},"categories":[5],"tags":[],"class_list":["post-165881","post","type-post","status-publish","format-standard","has-post-thumbnail","hentry","category-crimen-y-justicia"],"_links":{"self":[{"href":"https:\/\/corrientesdetarde.com\/index.php\/wp-json\/wp\/v2\/posts\/165881","targetHints":{"allow":["GET"]}}],"collection":[{"href":"https:\/\/corrientesdetarde.com\/index.php\/wp-json\/wp\/v2\/posts"}],"about":[{"href":"https:\/\/corrientesdetarde.com\/index.php\/wp-json\/wp\/v2\/types\/post"}],"author":[{"embeddable":true,"href":"https:\/\/corrientesdetarde.com\/index.php\/wp-json\/wp\/v2\/users\/1"}],"replies":[{"embeddable":true,"href":"https:\/\/corrientesdetarde.com\/index.php\/wp-json\/wp\/v2\/comments?post=165881"}],"version-history":[{"count":2,"href":"https:\/\/corrientesdetarde.com\/index.php\/wp-json\/wp\/v2\/posts\/165881\/revisions"}],"predecessor-version":[{"id":167054,"href":"https:\/\/corrientesdetarde.com\/index.php\/wp-json\/wp\/v2\/posts\/165881\/revisions\/167054"}],"wp:featuredmedia":[{"embeddable":true,"href":"https:\/\/corrientesdetarde.com\/index.php\/wp-json\/wp\/v2\/media\/165884"}],"wp:attachment":[{"href":"https:\/\/corrientesdetarde.com\/index.php\/wp-json\/wp\/v2\/media?parent=165881"}],"wp:term":[{"taxonomy":"category","embeddable":true,"href":"https:\/\/corrientesdetarde.com\/index.php\/wp-json\/wp\/v2\/categories?post=165881"},{"taxonomy":"post_tag","embeddable":true,"href":"https:\/\/corrientesdetarde.com\/index.php\/wp-json\/wp\/v2\/tags?post=165881"}],"curies":[{"name":"wp","href":"https:\/\/api.w.org\/{rel}","templated":true}]}}