{"id":165895,"date":"2024-09-13T09:44:28","date_gmt":"2024-09-13T12:44:28","guid":{"rendered":"https:\/\/corrientesdetarde.com\/?p=165895"},"modified":"2024-09-13T09:44:40","modified_gmt":"2024-09-13T12:44:40","slug":"efemerides-del-13-de-septiembre-2","status":"publish","type":"post","link":"https:\/\/corrientesdetarde.com\/index.php\/informacion-general\/efemerides-del-13-de-septiembre-2\/","title":{"rendered":"Efem\u00e9rides del 13 de septiembre"},"content":{"rendered":"\n<p>Cada 13 de septiembre se celebran y conmemoran fechas que marcaron un antes y un despu\u00e9s tanto en Argentina como en el mundo.<\/p>\n\n\n\n<p><strong>1806<\/strong>&nbsp;<strong>&#8211; REGIMIENTO PATRICIOS<\/strong>. Como consecuencia de las primeras invasiones inglesas, se crea en Buenos Aires la Legi\u00f3n de Patricios Voluntarios Urbanos para defender a la&nbsp;capital del Virreinato del R\u00edo de la Plata. Fue organizada por el capit\u00e1n de nav\u00edo franc\u00e9s Santiago de Liniers y dio origen al Regimiento 1 de Infanter\u00eda Patricios.<\/p>\n\n\n\n<p><strong>1810<\/strong>&nbsp;<strong>&#8211; BIBLIOTECA P\u00daBLICA<\/strong>. La Primera Junta crea en Buenos Aires la Biblioteca P\u00fablica por iniciativa de Mariano Moreno, secretario del gobierno aut\u00f3nomo de Espa\u00f1a surgido de la Revoluci\u00f3n del 25 de Mayo de 1810 en el Virreinato del R\u00edo de la Plata. Fue el origen de la Biblioteca Nacional y cada 13 de septiembre de celebra el D\u00eda del Bibliotecario.<\/p>\n\n\n\n<figure class=\"wp-block-image\"><img decoding=\"async\" src=\"https:\/\/billiken.lat\/wp-content\/uploads\/2024\/04\/cuerpo-17.jpg\" alt=\"Biblioteca Nacional Mariano Moreno\" class=\"wp-image-79781\"\/><figcaption class=\"wp-element-caption\">Biblioteca Nacional Mariano Moreno.<\/figcaption><\/figure>\n\n\n\n<p><strong>1816<\/strong>&nbsp;<strong>&#8211; JURA DE LA INDEPENDENCIA<\/strong>. En la Plaza Victoria, la actual Plaza de Mayo de Buenos Aires, se realiza la ceremonia de jura de la Independencia de las Provincias Unidas del R\u00edo de la Plata de la corona de Espa\u00f1a. Fue declarada el 9 de julio de 1816 por el Congreso de Tucum\u00e1n.<\/p>\n\n\n\n<p><strong>1951<\/strong>&nbsp;<strong>&#8211; JORGE MAESTRO<\/strong>. Nace en Buenos Aires el guionista y escritor Jorge Maestro (Jorge Leonardo Mordkowicz). Fue el autor junto a Sergio Vaiman de grandes \u00e9xitos televisivos como &#8220;Monta\u00f1a Rusa&#8221; y &#8220;Clave de sol&#8221;, entre otros.<\/p>\n\n\n\n<p><strong>1692<\/strong>&nbsp;<strong>&#8211; TERREMOTO DE SALTA<\/strong>. Un terremoto al que se le calcula una magnitud de 7 grados en la escala de Richter destruye a Nuestra Se\u00f1ora de Talavera del Esteco, en la actual provincia de Salta. La ciudad fue una de las m\u00e1s antiguas fundadas por conquistadores espa\u00f1oles en territorio argentino. En 2014 se hallaron las ruinas de la ciudad sepultada hace siglos por el terremoto.<\/p>\n\n\n\n<p><strong>1964<\/strong>&nbsp;<strong>&#8211; ROLLING STONES<\/strong>. El Empire Club de la ciudad de Liverpool (Inglaterra) contrata a 24 jugadores de rugby para actuar como un \u201cescudo humano\u201d que impida avalanchas en el recital de la legendaria banda de rock brit\u00e1nica The Rolling Stones.<br><br><strong>1987<\/strong>&nbsp;<strong>&#8211; DIEGO SIMEONE<\/strong>. El mediocampista Diego Simeone debuta en la Primera Divisi\u00f3n del f\u00fatbol argentino con la camiseta de V\u00e9lez Sarsfield, en partido que &#8220;El Fort\u00edn&#8221; perdi\u00f3 por 2-1 con Gimnasia y Esgrima de La Plata. El &#8220;Cholito&#8221;, actual t\u00e9cnico e \u00eddolo del Atl\u00e9tico de Madrid espa\u00f1ol, jug\u00f3 82 partidos con V\u00e9lez antes de marcharse a Europa.<\/p>\n\n\n\n<p><strong>2007<\/strong>&nbsp;<strong>&#8211; NACIONES UNIDAS<\/strong>. La Asamblea General de las Naciones Unidas aprueba la resoluci\u00f3n que reconoce el derecho de los pueblos originarios a mantener sus propias instituciones, culturas y tradiciones.<\/p>\n\n\n\n<p><strong>2024<\/strong>&nbsp;<strong>&#8211; D\u00cdA DEL CHOCOLATE<\/strong>. Se celebra el D\u00eda Internacional del Chocolate en honor al nacimiento del escritor brit\u00e1nico Roald Dahl,&nbsp;autor de la novela Charlie y la F\u00e1brica de Chocolate (1964). La obra fue llevada al cine en 1971 en el filme dirigido por Mel Stuart y luego en 2005 con la direcci\u00f3n de Tim Burton.<\/p>\n","protected":false},"excerpt":{"rendered":"<p>Cada 13 de septiembre se celebran y conmemoran fechas que marcaron un antes y un despu\u00e9s tanto en Argentina como en el mundo. 1806&nbsp;&#8211; REGIMIENTO PATRICIOS. Como consecuencia de las&hellip; <\/p>\n","protected":false},"author":1,"featured_media":165896,"comment_status":"closed","ping_status":"open","sticky":false,"template":"","format":"standard","meta":{"footnotes":""},"categories":[1],"tags":[],"class_list":["post-165895","post","type-post","status-publish","format-standard","has-post-thumbnail","hentry","category-informacion-general"],"_links":{"self":[{"href":"https:\/\/corrientesdetarde.com\/index.php\/wp-json\/wp\/v2\/posts\/165895","targetHints":{"allow":["GET"]}}],"collection":[{"href":"https:\/\/corrientesdetarde.com\/index.php\/wp-json\/wp\/v2\/posts"}],"about":[{"href":"https:\/\/corrientesdetarde.com\/index.php\/wp-json\/wp\/v2\/types\/post"}],"author":[{"embeddable":true,"href":"https:\/\/corrientesdetarde.com\/index.php\/wp-json\/wp\/v2\/users\/1"}],"replies":[{"embeddable":true,"href":"https:\/\/corrientesdetarde.com\/index.php\/wp-json\/wp\/v2\/comments?post=165895"}],"version-history":[{"count":1,"href":"https:\/\/corrientesdetarde.com\/index.php\/wp-json\/wp\/v2\/posts\/165895\/revisions"}],"predecessor-version":[{"id":165897,"href":"https:\/\/corrientesdetarde.com\/index.php\/wp-json\/wp\/v2\/posts\/165895\/revisions\/165897"}],"wp:featuredmedia":[{"embeddable":true,"href":"https:\/\/corrientesdetarde.com\/index.php\/wp-json\/wp\/v2\/media\/165896"}],"wp:attachment":[{"href":"https:\/\/corrientesdetarde.com\/index.php\/wp-json\/wp\/v2\/media?parent=165895"}],"wp:term":[{"taxonomy":"category","embeddable":true,"href":"https:\/\/corrientesdetarde.com\/index.php\/wp-json\/wp\/v2\/categories?post=165895"},{"taxonomy":"post_tag","embeddable":true,"href":"https:\/\/corrientesdetarde.com\/index.php\/wp-json\/wp\/v2\/tags?post=165895"}],"curies":[{"name":"wp","href":"https:\/\/api.w.org\/{rel}","templated":true}]}}