{"id":166002,"date":"2024-09-13T15:35:16","date_gmt":"2024-09-13T18:35:16","guid":{"rendered":"https:\/\/corrientesdetarde.com\/?p=166002"},"modified":"2024-09-13T15:35:19","modified_gmt":"2024-09-13T18:35:19","slug":"brasil-se-une-a-argentina-y-ee-uu-en-la-solicitud-para-retrasar-la-ley-europea-contra-la-deforestacion","status":"publish","type":"post","link":"https:\/\/corrientesdetarde.com\/index.php\/internacionales\/brasil-se-une-a-argentina-y-ee-uu-en-la-solicitud-para-retrasar-la-ley-europea-contra-la-deforestacion\/","title":{"rendered":"Brasil se une a Argentina y EE.UU. en la solicitud para retrasar la ley europea contra la deforestaci\u00f3n"},"content":{"rendered":"\n<p>El gobierno de Lula argument\u00f3 que la normativa que regir\u00eda desde 2025, podr\u00eda perjudicar a sus sectores exportadores y cuestion\u00f3 su impacto sobre las leyes nacionales y la soberan\u00eda.<\/p>\n\n\n\n<p>Este jueves,\u00a0<strong>Brasil<\/strong>\u00a0solicit\u00f3 a la\u00a0<strong>Uni\u00f3n Europea<\/strong>\u00a0(UE) que retrase la entrada en vigor de la Ley de Forestaci\u00f3n\u00a0(EUDR), prevista para el 2025.<\/p>\n\n\n\n<p>En una carta entregada por el ministro de Agricultura,\u00a0<strong>Carlos F\u00e1varo<\/strong>, al comisario europeo de Agricultura,\u00a0<strong>Janusz Wojciechowski<\/strong>, durante una reuni\u00f3n en Brasil, expres\u00f3 la preocupaci\u00f3n del gobierno brasile\u00f1o y de varios sectores exportadores por el impacto potencial de esta legislaci\u00f3n.<\/p>\n\n\n\n<p>La carta argumenta que la EUDR, dise\u00f1ada para sancionar la importaci\u00f3n de productos asociados con la deforestaci\u00f3n, podr\u00eda tener consecuencias negativas para la econom\u00eda brasile\u00f1a.<\/p>\n\n\n\n<p>Las autoridades brasile\u00f1as calificaron la ley como un&nbsp;<strong>\u201cinstrumento unilateral y punitivo\u201d<\/strong>&nbsp;que no toma en cuenta las leyes nacionales existentes para la protecci\u00f3n del medio ambiente y que incluye aspectos extraterritoriales que, seg\u00fan ellos, contravienen el principio de<strong>&nbsp;soberan\u00eda nacional.<\/strong><\/p>\n\n\n\n<figure class=\"wp-block-image\"><img decoding=\"async\" src=\"https:\/\/tn.com.ar\/resizer\/v2\/carlos-favaro-ministro-de-agricultura-de-brasil-foto-reutersueslei-marcelino-6P3BNTJVZCF6OUKRP7RAJQ6UJI.jpg?auth=8270676b1f67b69e894aa193b5b413a42a7e92c02538a24f545bf4b39ba57dbc&amp;width=767\" alt=\"Carlos F\u00e1varo, ministro de Agricultura de Brasil. (Foto: REUTERS\/Ueslei Marcelino).\"\/><\/figure>\n\n\n\n<h2 class=\"wp-block-heading\">El pedido del gobierno de Lula contra la exigencia europea<\/h2>\n\n\n\n<p>El gobierno brasile\u00f1o pidi\u00f3 a la UE que \u201creeval\u00fae de manera urgente\u201d su enfoque y posponga la implementaci\u00f3n de la ley para evitar perjuicios significativos en sus sectores exportadores y en la econom\u00eda en general.<\/p>\n\n\n\n<p>La solicitud destaca la tensi\u00f3n entre las&nbsp;<strong>regulaciones ambientales globales y las pol\u00edticas nacionales&nbsp;<\/strong>en el contexto de comercio internacional.<\/p>\n\n\n\n<p>La carta, firmada por F\u00e1varo y el titular de Relaciones Exteriores\u00a0<strong>Mauro Vieira<\/strong>, solicita el aplazamiento de la\u00a0EUDR.<\/p>\n\n\n\n<p>Esta legislaci\u00f3n, promulgada en 2023,&nbsp;<strong>prohibir\u00e1 la comercializaci\u00f3n<\/strong>&nbsp;en la UE de productos como&nbsp;<strong>cacao, caf\u00e9, soja, aceite de palma, madera, carne bovina, caucho, cuero, muebles y papel<\/strong>&nbsp;si provienen de tierras deforestadas despu\u00e9s de diciembre de 2020.<\/p>\n\n\n\n<p>El pedido de\u00a0Brasil\u00a0sigue al de Argentina y busca mitigar el impacto potencial en los sectores exportadores del pa\u00eds sudamericano.<\/p>\n\n\n\n<p>La EUDR requerir\u00e1 que las empresas importadoras&nbsp;<strong>demuestren la trazabilidad de estos productos&nbsp;<\/strong>mediante datos de geolocalizaci\u00f3n proporcionados por los agricultores y corroborados con im\u00e1genes de sat\u00e9lite.<\/p>\n\n\n\n<figure class=\"wp-block-image\"><img decoding=\"async\" src=\"https:\/\/tn.com.ar\/resizer\/v2\/brasil-advirtio-que-la-ley-europea-perjudicara-la-exportacion-de-carne-bovina-entre-otros-productos-foto-romei-7DAKNL4YJFG3XEZ3RGPKLO7XLM.jfif?auth=706d6918e598c8d8cd04ed2c0ad36c62f5f679987cb99e9aeef4ef86738874d3&amp;width=767\" alt=\"Brasil advirti\u00f3 que la ley europea perjudicar\u00e1 la exportaci\u00f3n de carne bovina, entre otros productos. (Foto: Romei).\"\/><\/figure>\n\n\n\n<p>Esta medida pretende asegurar que los productos no procedan de \u00e1reas deforestadas, pero gener\u00f3 preocupaci\u00f3n entre varios pa\u00edses y sectores que temen por sus exportaciones y la viabilidad de cumplir con los requisitos.<\/p>\n\n\n\n<p>En junio,&nbsp;<strong>Estados Unidos&nbsp;<\/strong>tambi\u00e9n solicit\u00f3 a la UE el retraso en la implementaci\u00f3n de la ley, y en septiembre de 2023, un grupo de 17 pa\u00edses, que incluye 11 latinoamericanos, tres asi\u00e1ticos y tres africanos, advirti\u00f3 sobre las repercusiones negativas de la normativa.<\/p>\n\n\n\n<p>Estos pa\u00edses sostienen que la ley podr\u00eda tener efectos adversos significativos en sus econom\u00edas y en sus cadenas de suministro.<\/p>\n\n\n\n<p>La Comisi\u00f3n Europea (CE) respondi\u00f3 que est\u00e1<strong>&nbsp;\u201ctrabajando intensamente en la implementaci\u00f3n\u201d&nbsp;<\/strong>de la EUDR, pero un aplazamiento requerir\u00eda una nueva iniciativa legislativa.<\/p>\n\n\n\n<p>Esta propuesta tendr\u00eda que ser elaborada por el nuevo equipo de la CE, que se presentar\u00e1 en la pr\u00f3xima semana, dejando en espera la decisi\u00f3n final sobre el futuro de la normativa y su impacto global.<\/p>\n","protected":false},"excerpt":{"rendered":"<p>El gobierno de Lula argument\u00f3 que la normativa que regir\u00eda desde 2025, podr\u00eda perjudicar a sus sectores exportadores y cuestion\u00f3 su impacto sobre las leyes nacionales y la soberan\u00eda. Este&hellip; <\/p>\n","protected":false},"author":8,"featured_media":166003,"comment_status":"closed","ping_status":"open","sticky":false,"template":"","format":"standard","meta":{"footnotes":""},"categories":[11],"tags":[],"class_list":["post-166002","post","type-post","status-publish","format-standard","has-post-thumbnail","hentry","category-internacionales"],"_links":{"self":[{"href":"https:\/\/corrientesdetarde.com\/index.php\/wp-json\/wp\/v2\/posts\/166002","targetHints":{"allow":["GET"]}}],"collection":[{"href":"https:\/\/corrientesdetarde.com\/index.php\/wp-json\/wp\/v2\/posts"}],"about":[{"href":"https:\/\/corrientesdetarde.com\/index.php\/wp-json\/wp\/v2\/types\/post"}],"author":[{"embeddable":true,"href":"https:\/\/corrientesdetarde.com\/index.php\/wp-json\/wp\/v2\/users\/8"}],"replies":[{"embeddable":true,"href":"https:\/\/corrientesdetarde.com\/index.php\/wp-json\/wp\/v2\/comments?post=166002"}],"version-history":[{"count":1,"href":"https:\/\/corrientesdetarde.com\/index.php\/wp-json\/wp\/v2\/posts\/166002\/revisions"}],"predecessor-version":[{"id":166004,"href":"https:\/\/corrientesdetarde.com\/index.php\/wp-json\/wp\/v2\/posts\/166002\/revisions\/166004"}],"wp:featuredmedia":[{"embeddable":true,"href":"https:\/\/corrientesdetarde.com\/index.php\/wp-json\/wp\/v2\/media\/166003"}],"wp:attachment":[{"href":"https:\/\/corrientesdetarde.com\/index.php\/wp-json\/wp\/v2\/media?parent=166002"}],"wp:term":[{"taxonomy":"category","embeddable":true,"href":"https:\/\/corrientesdetarde.com\/index.php\/wp-json\/wp\/v2\/categories?post=166002"},{"taxonomy":"post_tag","embeddable":true,"href":"https:\/\/corrientesdetarde.com\/index.php\/wp-json\/wp\/v2\/tags?post=166002"}],"curies":[{"name":"wp","href":"https:\/\/api.w.org\/{rel}","templated":true}]}}