{"id":166005,"date":"2024-09-13T16:02:51","date_gmt":"2024-09-13T19:02:51","guid":{"rendered":"https:\/\/corrientesdetarde.com\/?p=166005"},"modified":"2024-09-13T16:03:05","modified_gmt":"2024-09-13T19:03:05","slug":"el-papa-francisco-hablo-de-su-posible-viaje-a-la-argentina-hay-cosas-que-resolver-antes","status":"publish","type":"post","link":"https:\/\/corrientesdetarde.com\/index.php\/sociales\/el-papa-francisco-hablo-de-su-posible-viaje-a-la-argentina-hay-cosas-que-resolver-antes\/","title":{"rendered":"El papa Francisco habl\u00f3 de su posible viaje a la Argentina: \u201cHay cosas que resolver antes\u201d"},"content":{"rendered":"\n<p>Durante una rueda de prensa, el sumo pont\u00edfice asegur\u00f3 que la visita a nuestro pa\u00eds \u201ces algo que no est\u00e1 decidido\u201d. Las declaraciones se dieron en una rueda de prensa del avi\u00f3n que lo llevar\u00eda de regreso al Vaticano tras terminar su gira por Asia y Ocean\u00eda.<\/p>\n\n\n\n<p>El papa Francisco asegur\u00f3 este viernes que\u00a0<strong>no viajar\u00e1 a la Argentina por el momento \u201cporque hay cosas que resolver antes\u201d<\/strong>, la declaraci\u00f3n se dio en el marco de una rueda de prensa antes de subir al avi\u00f3n que lo llevar\u00eda de regreso de su gira por As\u00eda y Oceania.\u00a0<\/p>\n\n\n\n<p><strong>\u201cLo de Argentina es algo que no est\u00e1 no decidido<\/strong>. Yo querr\u00eda ir. Es mi pueblo, pero no est\u00e1 decidido. Hay varias coas que resolver antes\u201d, aclar\u00f3 el sumo pont\u00edfice ante la pregunta sobre un viaje a nuestro pa\u00eds.<\/p>\n\n\n\n<p>En cambio, s\u00ed confirm\u00f3 que&nbsp;<strong>est\u00e1 pensando en ir a Canarias, Espa\u00f1a,<\/strong>&nbsp;<strong>por la crisis migratoria que viven las islas,&nbsp;<\/strong>ya que desea mostrar su \u201ccercan\u00eda a los gobernantes y al pueblo\u201d.<\/p>\n\n\n\n<p>Una de las opciones era que la visita a Canarias se sumara como una escala en su viaje hacia la Argentina, en vista de que el propio pont\u00edfice, de 87 a\u00f1os, ha confirmado que quiere volver, aunque hoy cobr\u00f3 m\u00e1s fuerza que&nbsp;<strong>se tratar\u00e1 de un viaje independiente.<\/strong><\/p>\n\n\n\n<figure class=\"wp-block-image\"><img decoding=\"async\" src=\"https:\/\/tn.com.ar\/resizer\/v2\/francisco-aseguro-que-no-vendra-todavia-a-la-argentina-durante-una-conferencia-de-prensa-en-el-avion-papal-foto-reutersguglielmo-mangiapane-U6WIXU6FCJIGPGZOVB2UJ7MJGE.jpg?auth=4b5edd214a84978e21b0655a8f3f15ed64caeec0cc797f4ac34229b657f116e2&amp;width=767\" alt=\"Francisco asegur\u00f3 que no vendr\u00e1 todav\u00eda a la Argentina durante una conferencia de prensa en el avi\u00f3n papal. (Foto: REUTERS\/Guglielmo Mangiapane)\"\/><\/figure>\n\n\n\n<p>A principios de a\u00f1o, Francisco hab\u00eda explicado que tras el viaje que quer\u00eda hacer a Asia (en principio programado para agosto), se har\u00eda el de la Argentina, a donde&nbsp;<strong>no ha regresado desde su elecci\u00f3n como papa en 2013.<\/strong><\/p>\n\n\n\n<p>Era una posibilidad que cobr\u00f3 m\u00e1s fuerza tras la declaraci\u00f3n del papa a un programa de televisi\u00f3n italiano: \u201cS\u00ed me preocupa porque la gente est\u00e1 sufriendo mucho all\u00ed, es un momento dif\u00edcil del pa\u00eds y se est\u00e1 planeando la posibilidad de hacer un viaje&nbsp;<strong>en la segunda mitad del a\u00f1o<\/strong>\u201d.<\/p>\n\n\n\n<p>Por otro lado, confirm\u00f3 que no ir\u00e1 a Par\u00eds para la inauguraci\u00f3n de la catedral de Notre Dame, reestructurada tras el incendio de 2019.<\/p>\n\n\n\n<p>Otro de los pa\u00edses que le encantar\u00eda visitar es China, es su \u201cilusi\u00f3n\u201d. \u201cYo quiero ir a China, yo admiro a China y la respeto. Es una cultura milenaria y con una capacidad de di\u00e1logo y de entenderse que van m\u00e1s all\u00e1 de los diferentes sistemas democr\u00e1ticos (o no) que ha tenido\u201d, se\u00f1al\u00f3 y agreg\u00f3: \u201cChina es una promesa y una esperanza para la Iglesia\u201d. Adem\u00e1s, se mostr\u00f3 satisfecho por el acuerdo que firm\u00f3 el Vaticano con las autoridades chinas en 2018 (y que ha sido renovado en dos ocasiones) para el nombramiento de los obispos, antes solo en manos del Gobierno de Pek\u00edn y que hab\u00edan creado una Iglesia oficial y otra clandestina, y consider\u00f3 que se \u201ctrabaja con buena voluntad\u201d.<\/p>\n\n\n\n<p><\/p>\n","protected":false},"excerpt":{"rendered":"<p>Durante una rueda de prensa, el sumo pont\u00edfice asegur\u00f3 que la visita a nuestro pa\u00eds \u201ces algo que no est\u00e1 decidido\u201d. Las declaraciones se dieron en una rueda de prensa&hellip; <\/p>\n","protected":false},"author":8,"featured_media":166007,"comment_status":"closed","ping_status":"open","sticky":false,"template":"","format":"standard","meta":{"footnotes":""},"categories":[17],"tags":[],"class_list":["post-166005","post","type-post","status-publish","format-standard","has-post-thumbnail","hentry","category-sociales"],"_links":{"self":[{"href":"https:\/\/corrientesdetarde.com\/index.php\/wp-json\/wp\/v2\/posts\/166005","targetHints":{"allow":["GET"]}}],"collection":[{"href":"https:\/\/corrientesdetarde.com\/index.php\/wp-json\/wp\/v2\/posts"}],"about":[{"href":"https:\/\/corrientesdetarde.com\/index.php\/wp-json\/wp\/v2\/types\/post"}],"author":[{"embeddable":true,"href":"https:\/\/corrientesdetarde.com\/index.php\/wp-json\/wp\/v2\/users\/8"}],"replies":[{"embeddable":true,"href":"https:\/\/corrientesdetarde.com\/index.php\/wp-json\/wp\/v2\/comments?post=166005"}],"version-history":[{"count":1,"href":"https:\/\/corrientesdetarde.com\/index.php\/wp-json\/wp\/v2\/posts\/166005\/revisions"}],"predecessor-version":[{"id":166008,"href":"https:\/\/corrientesdetarde.com\/index.php\/wp-json\/wp\/v2\/posts\/166005\/revisions\/166008"}],"wp:featuredmedia":[{"embeddable":true,"href":"https:\/\/corrientesdetarde.com\/index.php\/wp-json\/wp\/v2\/media\/166007"}],"wp:attachment":[{"href":"https:\/\/corrientesdetarde.com\/index.php\/wp-json\/wp\/v2\/media?parent=166005"}],"wp:term":[{"taxonomy":"category","embeddable":true,"href":"https:\/\/corrientesdetarde.com\/index.php\/wp-json\/wp\/v2\/categories?post=166005"},{"taxonomy":"post_tag","embeddable":true,"href":"https:\/\/corrientesdetarde.com\/index.php\/wp-json\/wp\/v2\/tags?post=166005"}],"curies":[{"name":"wp","href":"https:\/\/api.w.org\/{rel}","templated":true}]}}